{"id":9239,"date":"2018-11-07T13:50:07","date_gmt":"2018-11-07T13:50:07","guid":{"rendered":"http:\/\/www.valparaisocreativo.cl\/?p=2504"},"modified":"2018-11-07T13:50:07","modified_gmt":"2018-11-07T13:50:07","slug":"valparaiso-creativo-junto-al-colegio-de-arquitectos-realizo-encuentro-entorno-a-la-intervencion-del-patrimonio-arquitectonico","status":"publish","type":"post","link":"https:\/\/dev.antudigital.cl\/sites\/vc\/valparaiso-creativo-junto-al-colegio-de-arquitectos-realizo-encuentro-entorno-a-la-intervencion-del-patrimonio-arquitectonico\/","title":{"rendered":"Valpara\u00edso Creativo junto al Colegio de Arquitectos realiz\u00f3 encuentro entorno a la intervenci\u00f3n del patrimonio arquitect\u00f3nico"},"content":{"rendered":"<ul>\n<li><span style=\"font-weight: 400;\">El seminario cont\u00f3 de dos jornadas en las que participaron expositores tanto de instituciones p\u00fablicas como privadas, instando as\u00ed un espacio para conocer aspectos de la normativa vigente y la exposici\u00f3n de casos en gesti\u00f3n patrimonial. &nbsp;&nbsp;<\/span><\/li>\n<\/ul>\n<p>El encuentro sobre \u201cLas Herramientas normativas y de gesti\u00f3n en la intervenci\u00f3n del patrimonio arquitect\u00f3nico\u201d se realiz\u00f3 el lunes y martes reci\u00e9n pasado en el Centro de Extensi\u00f3n Duoc UC, el cual fue impulsado por Valpara\u00edso Creativo, programa estrat\u00e9gico de Corfo y producido por el Colegio de Arquitectos de Valpara\u00edso. La actividad, reuni\u00f3 distintas personas ligadas al \u00e1mbito de la arquitectura y el patrimonio, y se dio un espacio para mesas de trabajo con los actores y representantes de los organismos e instituciones t\u00e9cnicas.<\/p>\n<p>La primera jornada estuvo enfocada principalmente en tratar temas sobre la normativa de construcci\u00f3n y recuperaci\u00f3n de inmuebles patrimoniales. De este modo, expusieron Priscila Campos del Ministerio de Vivienda y Urbanismo quien realiz\u00f3 una presentaci\u00f3n m\u00e1s bien t\u00e9cnica que estuvo enfocada a las normativas necesarias al momento de llevar a cabo un proyecto de edificaci\u00f3n o restauraci\u00f3n de patrimonio. Siguiendo con las instituciones p\u00fablicas, Paulette Thiers de la Direcci\u00f3n de Obras Municipales de Valpara\u00edso, y por \u00faltimo Juan Camilo Pardo de la Subsecretar\u00eda del Patrimonio del Ministerio de las Culturas, las Artes y el Patrimonio, quien entre los temas en lo que focaliz\u00f3 su ponencia, fue principalmente en dar a conocer la nueva estructura de la cartera de cultura, y lo que ser\u00e1 la revisi\u00f3n de la ley de monumentos.<\/p>\n<p>Otro de los expositores de la jornada y quien abri\u00f3 un interesante debate fue Mario Ferrada de ICOMOS Chile (Comit\u00e9 Chileno del Consejo Internacional de Monumentos y Sitios). En su intervenci\u00f3n hizo hincapi\u00e9 en que \u201cson tan importantes los criterios como las normas, y toda norma debiera estar consensuada de acuerdo con los criterios detr\u00e1s de cada una de \u00e9stas\u201d. Esto en s\u00edntesis de lo expuesto durante la ma\u00f1ana, en la que se coincidi\u00f3 en que en Valpara\u00edso no siempre es f\u00e1cil aplicar la normas al implementar un proyecto de tipo patrimonial. &nbsp;Como lo recalc\u00f3 Paulette Thiers: \u201calgunos art\u00edculos de la norma no son aplicables a sectores de Valpara\u00edso, hay riesgos que den estar incorporados\u201d<\/p>\n<p>El segundo y \u00faltimo d\u00eda se enfoc\u00f3 en presentar casos de gesti\u00f3n patrimonial tanto a nivel p\u00fablico como privado. Los asistentes pudieron conocer el trabajo que realiza oficinas de arquitectos como Cyparq, a cargo de proyectos de restauraci\u00f3n de ascensores de Valpara\u00edso como Reina Victoria, El Peral, Bar\u00f3n y Monjas; Pacific Architecture Chile, oficina que ha estado detr\u00e1s de la recuperaci\u00f3n de inmuebles habitacionales como el Cit\u00e9 Robert Bier en el Cerro Santo Domingo.<\/p>\n<p><span style=\"font-weight: 400;\">Cecilia Eltit de la oficina consultora Guix\u00e9 Arquitectos, a trav\u00e9s de ejemplos expuso con relaci\u00f3n a un mapa de la gesti\u00f3n en la inversi\u00f3n p\u00fablica, y concluy\u00f3 que \u201clos \u00f3rganos p\u00fablicos est\u00e1n desvinculados, por lo que falta una articulaci\u00f3n transversal a momento de enfrentar un proyecto de recuperaci\u00f3n inmobiliaria patrimonial. <\/span><\/p>\n<p><span style=\"font-weight: 400;\">Tambi\u00e9n, expuso Fidel Angulo, Director del Programa Puesta en Valor del Patrimonio de la Subdere, programa con 10 a\u00f1os de ejecuci\u00f3n que ha financiado la rehabilitaci\u00f3n de numerosos inmuebles patrimoniales en Chile y en la Regi\u00f3n de Valpara\u00edso.<\/span><\/p>\n<p>Por \u00faltimo, Claudio Vergara a cargo de proyectos de la Secretar\u00eda Comunal de Planificaci\u00f3n de Vi\u00f1a del Mar, present\u00f3 sobre el proceso de restauraci\u00f3n del Teatro Municipal de Vi\u00f1a del Mar, tras los da\u00f1os sufridos en el terremoto de 2010.<\/p>\n<p>Esta actividad tuvo como finalidad en ser una instancia de reflexi\u00f3n y di\u00e1logo que surge como respuesta a la necesidad de contar con claridad de los criterios y procesos de intervenci\u00f3n y puesta en valor del patrimonio construido. De esta manera, el presidente del Colegio de Arquitectos Delegaci\u00f3n Valpara\u00edso, al finalizar el encuentro enfatiz\u00f3 que este tipo de iniciativas \u201ccumple un rol importante para poner en valor la memoria de lo p\u00fablico\u201d.<\/p>\n<p>&nbsp;<\/p>\n","protected":false},"excerpt":{"rendered":"<p>El seminario cont\u00f3 de dos jornadas en las que participaron expositores tanto de instituciones p\u00fablicas como privadas, instando as\u00ed un espacio para conocer aspectos de la normativa vigente y la exposici\u00f3n de casos en gesti\u00f3n patrimonial. &nbsp;&nbsp; El encuentro sobre \u201cLas Herramientas normativas y de gesti\u00f3n en la intervenci\u00f3n del patrimonio arquitect\u00f3nico\u201d se realiz\u00f3 el [&hellip;]<\/p>\n","protected":false},"author":8,"featured_media":9240,"comment_status":"open","ping_status":"closed","sticky":false,"template":"","format":"standard","meta":{"_acf_changed":false,"footnotes":""},"categories":[8],"tags":[],"class_list":["post-9239","post","type-post","status-publish","format-standard","has-post-thumbnail","hentry","category-noticia"],"acf":[],"yoast_head":"<!-- This site is optimized with the Yoast SEO plugin v27.1.1 - https:\/\/yoast.com\/product\/yoast-seo-wordpress\/ -->\n<title>Valpara\u00edso Creativo junto al Colegio de Arquitectos realiz\u00f3 encuentro entorno a la intervenci\u00f3n del patrimonio arquitect\u00f3nico - Valpara\u00ed\u00adso Creativo<\/title>\n<meta name=\"robots\" content=\"index, follow, max-snippet:-1, max-image-preview:large, max-video-preview:-1\" \/>\n<link rel=\"canonical\" href=\"https:\/\/dev.antudigital.cl\/sites\/vc\/valparaiso-creativo-junto-al-colegio-de-arquitectos-realizo-encuentro-entorno-a-la-intervencion-del-patrimonio-arquitectonico\/\" \/>\n<meta property=\"og:locale\" content=\"es_ES\" \/>\n<meta property=\"og:type\" content=\"article\" \/>\n<meta property=\"og:title\" content=\"Valpara\u00edso Creativo junto al Colegio de Arquitectos realiz\u00f3 encuentro entorno a la intervenci\u00f3n del patrimonio arquitect\u00f3nico - Valpara\u00ed\u00adso Creativo\" \/>\n<meta property=\"og:description\" content=\"El seminario cont\u00f3 de dos jornadas en las que participaron expositores tanto de instituciones p\u00fablicas como privadas, instando as\u00ed un espacio para conocer aspectos de la normativa vigente y la exposici\u00f3n de casos en gesti\u00f3n patrimonial. &nbsp;&nbsp; El encuentro sobre \u201cLas Herramientas normativas y de gesti\u00f3n en la intervenci\u00f3n del patrimonio arquitect\u00f3nico\u201d se realiz\u00f3 el [&hellip;]\" \/>\n<meta property=\"og:url\" content=\"https:\/\/dev.antudigital.cl\/sites\/vc\/valparaiso-creativo-junto-al-colegio-de-arquitectos-realizo-encuentro-entorno-a-la-intervencion-del-patrimonio-arquitectonico\/\" \/>\n<meta property=\"og:site_name\" content=\"Valpara\u00ed\u00adso Creativo\" \/>\n<meta property=\"article:published_time\" content=\"2018-11-07T13:50:07+00:00\" \/>\n<meta property=\"og:image\" content=\"https:\/\/dev.antudigital.cl\/sites\/vc\/wp-content\/uploads\/2018\/11\/duocUC_Seminario.jpg\" \/>\n\t<meta property=\"og:image:width\" content=\"960\" \/>\n\t<meta property=\"og:image:height\" content=\"640\" \/>\n\t<meta property=\"og:image:type\" content=\"image\/jpeg\" \/>\n<meta name=\"twitter:card\" content=\"summary_large_image\" \/>\n<meta name=\"twitter:label1\" content=\"Escrito por\" \/>\n\t<meta name=\"twitter:data1\" content=\"\" \/>\n\t<meta name=\"twitter:label2\" content=\"Tiempo de lectura\" \/>\n\t<meta name=\"twitter:data2\" content=\"4 minutos\" \/>\n<script type=\"application\/ld+json\" class=\"yoast-schema-graph\">{\"@context\":\"https:\/\/schema.org\",\"@graph\":[{\"@type\":\"Article\",\"@id\":\"https:\/\/dev.antudigital.cl\/sites\/vc\/valparaiso-creativo-junto-al-colegio-de-arquitectos-realizo-encuentro-entorno-a-la-intervencion-del-patrimonio-arquitectonico\/#article\",\"isPartOf\":{\"@id\":\"https:\/\/dev.antudigital.cl\/sites\/vc\/valparaiso-creativo-junto-al-colegio-de-arquitectos-realizo-encuentro-entorno-a-la-intervencion-del-patrimonio-arquitectonico\/\"},\"author\":{\"name\":\"\",\"@id\":\"\"},\"headline\":\"Valpara\u00edso Creativo junto al Colegio de Arquitectos realiz\u00f3 encuentro entorno a la intervenci\u00f3n del patrimonio arquitect\u00f3nico\",\"datePublished\":\"2018-11-07T13:50:07+00:00\",\"mainEntityOfPage\":{\"@id\":\"https:\/\/dev.antudigital.cl\/sites\/vc\/valparaiso-creativo-junto-al-colegio-de-arquitectos-realizo-encuentro-entorno-a-la-intervencion-del-patrimonio-arquitectonico\/\"},\"wordCount\":727,\"commentCount\":0,\"image\":{\"@id\":\"https:\/\/dev.antudigital.cl\/sites\/vc\/valparaiso-creativo-junto-al-colegio-de-arquitectos-realizo-encuentro-entorno-a-la-intervencion-del-patrimonio-arquitectonico\/#primaryimage\"},\"thumbnailUrl\":\"https:\/\/dev.antudigital.cl\/sites\/vc\/wp-content\/uploads\/2018\/11\/duocUC_Seminario.jpg\",\"articleSection\":[\"Noticia\"],\"inLanguage\":\"es\",\"potentialAction\":[{\"@type\":\"CommentAction\",\"name\":\"Comment\",\"target\":[\"https:\/\/dev.antudigital.cl\/sites\/vc\/valparaiso-creativo-junto-al-colegio-de-arquitectos-realizo-encuentro-entorno-a-la-intervencion-del-patrimonio-arquitectonico\/#respond\"]}]},{\"@type\":\"WebPage\",\"@id\":\"https:\/\/dev.antudigital.cl\/sites\/vc\/valparaiso-creativo-junto-al-colegio-de-arquitectos-realizo-encuentro-entorno-a-la-intervencion-del-patrimonio-arquitectonico\/\",\"url\":\"https:\/\/dev.antudigital.cl\/sites\/vc\/valparaiso-creativo-junto-al-colegio-de-arquitectos-realizo-encuentro-entorno-a-la-intervencion-del-patrimonio-arquitectonico\/\",\"name\":\"Valpara\u00edso Creativo junto al Colegio de Arquitectos realiz\u00f3 encuentro entorno a la intervenci\u00f3n del patrimonio arquitect\u00f3nico - Valpara\u00ed\u00adso Creativo\",\"isPartOf\":{\"@id\":\"https:\/\/dev.antudigital.cl\/sites\/vc\/#website\"},\"primaryImageOfPage\":{\"@id\":\"https:\/\/dev.antudigital.cl\/sites\/vc\/valparaiso-creativo-junto-al-colegio-de-arquitectos-realizo-encuentro-entorno-a-la-intervencion-del-patrimonio-arquitectonico\/#primaryimage\"},\"image\":{\"@id\":\"https:\/\/dev.antudigital.cl\/sites\/vc\/valparaiso-creativo-junto-al-colegio-de-arquitectos-realizo-encuentro-entorno-a-la-intervencion-del-patrimonio-arquitectonico\/#primaryimage\"},\"thumbnailUrl\":\"https:\/\/dev.antudigital.cl\/sites\/vc\/wp-content\/uploads\/2018\/11\/duocUC_Seminario.jpg\",\"datePublished\":\"2018-11-07T13:50:07+00:00\",\"author\":{\"@id\":\"\"},\"breadcrumb\":{\"@id\":\"https:\/\/dev.antudigital.cl\/sites\/vc\/valparaiso-creativo-junto-al-colegio-de-arquitectos-realizo-encuentro-entorno-a-la-intervencion-del-patrimonio-arquitectonico\/#breadcrumb\"},\"inLanguage\":\"es\",\"potentialAction\":[{\"@type\":\"ReadAction\",\"target\":[\"https:\/\/dev.antudigital.cl\/sites\/vc\/valparaiso-creativo-junto-al-colegio-de-arquitectos-realizo-encuentro-entorno-a-la-intervencion-del-patrimonio-arquitectonico\/\"]}]},{\"@type\":\"ImageObject\",\"inLanguage\":\"es\",\"@id\":\"https:\/\/dev.antudigital.cl\/sites\/vc\/valparaiso-creativo-junto-al-colegio-de-arquitectos-realizo-encuentro-entorno-a-la-intervencion-del-patrimonio-arquitectonico\/#primaryimage\",\"url\":\"https:\/\/dev.antudigital.cl\/sites\/vc\/wp-content\/uploads\/2018\/11\/duocUC_Seminario.jpg\",\"contentUrl\":\"https:\/\/dev.antudigital.cl\/sites\/vc\/wp-content\/uploads\/2018\/11\/duocUC_Seminario.jpg\",\"width\":960,\"height\":640},{\"@type\":\"BreadcrumbList\",\"@id\":\"https:\/\/dev.antudigital.cl\/sites\/vc\/valparaiso-creativo-junto-al-colegio-de-arquitectos-realizo-encuentro-entorno-a-la-intervencion-del-patrimonio-arquitectonico\/#breadcrumb\",\"itemListElement\":[{\"@type\":\"ListItem\",\"position\":1,\"name\":\"Home\",\"item\":\"https:\/\/dev.antudigital.cl\/sites\/vc\/\"},{\"@type\":\"ListItem\",\"position\":2,\"name\":\"Valpara\u00edso Creativo junto al Colegio de Arquitectos realiz\u00f3 encuentro entorno a la intervenci\u00f3n del patrimonio arquitect\u00f3nico\"}]},{\"@type\":\"WebSite\",\"@id\":\"https:\/\/dev.antudigital.cl\/sites\/vc\/#website\",\"url\":\"https:\/\/dev.antudigital.cl\/sites\/vc\/\",\"name\":\"Valpara\u00ed\u00adso Creativo\",\"description\":\"\",\"potentialAction\":[{\"@type\":\"SearchAction\",\"target\":{\"@type\":\"EntryPoint\",\"urlTemplate\":\"https:\/\/dev.antudigital.cl\/sites\/vc\/?s={search_term_string}\"},\"query-input\":{\"@type\":\"PropertyValueSpecification\",\"valueRequired\":true,\"valueName\":\"search_term_string\"}}],\"inLanguage\":\"es\"},{\"@type\":\"Person\",\"@id\":\"\",\"url\":\"https:\/\/dev.antudigital.cl\/sites\/vc\/author\/\"}]}<\/script>\n<!-- \/ Yoast SEO plugin. -->","yoast_head_json":{"title":"Valpara\u00edso Creativo junto al Colegio de Arquitectos realiz\u00f3 encuentro entorno a la intervenci\u00f3n del patrimonio arquitect\u00f3nico - Valpara\u00ed\u00adso Creativo","robots":{"index":"index","follow":"follow","max-snippet":"max-snippet:-1","max-image-preview":"max-image-preview:large","max-video-preview":"max-video-preview:-1"},"canonical":"https:\/\/dev.antudigital.cl\/sites\/vc\/valparaiso-creativo-junto-al-colegio-de-arquitectos-realizo-encuentro-entorno-a-la-intervencion-del-patrimonio-arquitectonico\/","og_locale":"es_ES","og_type":"article","og_title":"Valpara\u00edso Creativo junto al Colegio de Arquitectos realiz\u00f3 encuentro entorno a la intervenci\u00f3n del patrimonio arquitect\u00f3nico - Valpara\u00ed\u00adso Creativo","og_description":"El seminario cont\u00f3 de dos jornadas en las que participaron expositores tanto de instituciones p\u00fablicas como privadas, instando as\u00ed un espacio para conocer aspectos de la normativa vigente y la exposici\u00f3n de casos en gesti\u00f3n patrimonial. &nbsp;&nbsp; El encuentro sobre \u201cLas Herramientas normativas y de gesti\u00f3n en la intervenci\u00f3n del patrimonio arquitect\u00f3nico\u201d se realiz\u00f3 el [&hellip;]","og_url":"https:\/\/dev.antudigital.cl\/sites\/vc\/valparaiso-creativo-junto-al-colegio-de-arquitectos-realizo-encuentro-entorno-a-la-intervencion-del-patrimonio-arquitectonico\/","og_site_name":"Valpara\u00ed\u00adso Creativo","article_published_time":"2018-11-07T13:50:07+00:00","og_image":[{"width":960,"height":640,"url":"https:\/\/dev.antudigital.cl\/sites\/vc\/wp-content\/uploads\/2018\/11\/duocUC_Seminario.jpg","type":"image\/jpeg"}],"twitter_card":"summary_large_image","twitter_misc":{"Escrito por":"","Tiempo de lectura":"4 minutos"},"schema":{"@context":"https:\/\/schema.org","@graph":[{"@type":"Article","@id":"https:\/\/dev.antudigital.cl\/sites\/vc\/valparaiso-creativo-junto-al-colegio-de-arquitectos-realizo-encuentro-entorno-a-la-intervencion-del-patrimonio-arquitectonico\/#article","isPartOf":{"@id":"https:\/\/dev.antudigital.cl\/sites\/vc\/valparaiso-creativo-junto-al-colegio-de-arquitectos-realizo-encuentro-entorno-a-la-intervencion-del-patrimonio-arquitectonico\/"},"author":{"name":"","@id":""},"headline":"Valpara\u00edso Creativo junto al Colegio de Arquitectos realiz\u00f3 encuentro entorno a la intervenci\u00f3n del patrimonio arquitect\u00f3nico","datePublished":"2018-11-07T13:50:07+00:00","mainEntityOfPage":{"@id":"https:\/\/dev.antudigital.cl\/sites\/vc\/valparaiso-creativo-junto-al-colegio-de-arquitectos-realizo-encuentro-entorno-a-la-intervencion-del-patrimonio-arquitectonico\/"},"wordCount":727,"commentCount":0,"image":{"@id":"https:\/\/dev.antudigital.cl\/sites\/vc\/valparaiso-creativo-junto-al-colegio-de-arquitectos-realizo-encuentro-entorno-a-la-intervencion-del-patrimonio-arquitectonico\/#primaryimage"},"thumbnailUrl":"https:\/\/dev.antudigital.cl\/sites\/vc\/wp-content\/uploads\/2018\/11\/duocUC_Seminario.jpg","articleSection":["Noticia"],"inLanguage":"es","potentialAction":[{"@type":"CommentAction","name":"Comment","target":["https:\/\/dev.antudigital.cl\/sites\/vc\/valparaiso-creativo-junto-al-colegio-de-arquitectos-realizo-encuentro-entorno-a-la-intervencion-del-patrimonio-arquitectonico\/#respond"]}]},{"@type":"WebPage","@id":"https:\/\/dev.antudigital.cl\/sites\/vc\/valparaiso-creativo-junto-al-colegio-de-arquitectos-realizo-encuentro-entorno-a-la-intervencion-del-patrimonio-arquitectonico\/","url":"https:\/\/dev.antudigital.cl\/sites\/vc\/valparaiso-creativo-junto-al-colegio-de-arquitectos-realizo-encuentro-entorno-a-la-intervencion-del-patrimonio-arquitectonico\/","name":"Valpara\u00edso Creativo junto al Colegio de Arquitectos realiz\u00f3 encuentro entorno a la intervenci\u00f3n del patrimonio arquitect\u00f3nico - Valpara\u00ed\u00adso Creativo","isPartOf":{"@id":"https:\/\/dev.antudigital.cl\/sites\/vc\/#website"},"primaryImageOfPage":{"@id":"https:\/\/dev.antudigital.cl\/sites\/vc\/valparaiso-creativo-junto-al-colegio-de-arquitectos-realizo-encuentro-entorno-a-la-intervencion-del-patrimonio-arquitectonico\/#primaryimage"},"image":{"@id":"https:\/\/dev.antudigital.cl\/sites\/vc\/valparaiso-creativo-junto-al-colegio-de-arquitectos-realizo-encuentro-entorno-a-la-intervencion-del-patrimonio-arquitectonico\/#primaryimage"},"thumbnailUrl":"https:\/\/dev.antudigital.cl\/sites\/vc\/wp-content\/uploads\/2018\/11\/duocUC_Seminario.jpg","datePublished":"2018-11-07T13:50:07+00:00","author":{"@id":""},"breadcrumb":{"@id":"https:\/\/dev.antudigital.cl\/sites\/vc\/valparaiso-creativo-junto-al-colegio-de-arquitectos-realizo-encuentro-entorno-a-la-intervencion-del-patrimonio-arquitectonico\/#breadcrumb"},"inLanguage":"es","potentialAction":[{"@type":"ReadAction","target":["https:\/\/dev.antudigital.cl\/sites\/vc\/valparaiso-creativo-junto-al-colegio-de-arquitectos-realizo-encuentro-entorno-a-la-intervencion-del-patrimonio-arquitectonico\/"]}]},{"@type":"ImageObject","inLanguage":"es","@id":"https:\/\/dev.antudigital.cl\/sites\/vc\/valparaiso-creativo-junto-al-colegio-de-arquitectos-realizo-encuentro-entorno-a-la-intervencion-del-patrimonio-arquitectonico\/#primaryimage","url":"https:\/\/dev.antudigital.cl\/sites\/vc\/wp-content\/uploads\/2018\/11\/duocUC_Seminario.jpg","contentUrl":"https:\/\/dev.antudigital.cl\/sites\/vc\/wp-content\/uploads\/2018\/11\/duocUC_Seminario.jpg","width":960,"height":640},{"@type":"BreadcrumbList","@id":"https:\/\/dev.antudigital.cl\/sites\/vc\/valparaiso-creativo-junto-al-colegio-de-arquitectos-realizo-encuentro-entorno-a-la-intervencion-del-patrimonio-arquitectonico\/#breadcrumb","itemListElement":[{"@type":"ListItem","position":1,"name":"Home","item":"https:\/\/dev.antudigital.cl\/sites\/vc\/"},{"@type":"ListItem","position":2,"name":"Valpara\u00edso Creativo junto al Colegio de Arquitectos realiz\u00f3 encuentro entorno a la intervenci\u00f3n del patrimonio arquitect\u00f3nico"}]},{"@type":"WebSite","@id":"https:\/\/dev.antudigital.cl\/sites\/vc\/#website","url":"https:\/\/dev.antudigital.cl\/sites\/vc\/","name":"Valpara\u00ed\u00adso Creativo","description":"","potentialAction":[{"@type":"SearchAction","target":{"@type":"EntryPoint","urlTemplate":"https:\/\/dev.antudigital.cl\/sites\/vc\/?s={search_term_string}"},"query-input":{"@type":"PropertyValueSpecification","valueRequired":true,"valueName":"search_term_string"}}],"inLanguage":"es"},{"@type":"Person","@id":"","url":"https:\/\/dev.antudigital.cl\/sites\/vc\/author\/"}]}},"_links":{"self":[{"href":"https:\/\/dev.antudigital.cl\/sites\/vc\/wp-json\/wp\/v2\/posts\/9239","targetHints":{"allow":["GET"]}}],"collection":[{"href":"https:\/\/dev.antudigital.cl\/sites\/vc\/wp-json\/wp\/v2\/posts"}],"about":[{"href":"https:\/\/dev.antudigital.cl\/sites\/vc\/wp-json\/wp\/v2\/types\/post"}],"author":[{"embeddable":true,"href":"https:\/\/dev.antudigital.cl\/sites\/vc\/wp-json\/wp\/v2\/users\/8"}],"replies":[{"embeddable":true,"href":"https:\/\/dev.antudigital.cl\/sites\/vc\/wp-json\/wp\/v2\/comments?post=9239"}],"version-history":[{"count":0,"href":"https:\/\/dev.antudigital.cl\/sites\/vc\/wp-json\/wp\/v2\/posts\/9239\/revisions"}],"wp:featuredmedia":[{"embeddable":true,"href":"https:\/\/dev.antudigital.cl\/sites\/vc\/wp-json\/wp\/v2\/media\/9240"}],"wp:attachment":[{"href":"https:\/\/dev.antudigital.cl\/sites\/vc\/wp-json\/wp\/v2\/media?parent=9239"}],"wp:term":[{"taxonomy":"category","embeddable":true,"href":"https:\/\/dev.antudigital.cl\/sites\/vc\/wp-json\/wp\/v2\/categories?post=9239"},{"taxonomy":"post_tag","embeddable":true,"href":"https:\/\/dev.antudigital.cl\/sites\/vc\/wp-json\/wp\/v2\/tags?post=9239"}],"curies":[{"name":"wp","href":"https:\/\/api.w.org\/{rel}","templated":true}]}}