{"id":9241,"date":"2018-10-29T17:48:18","date_gmt":"2018-10-29T17:48:18","guid":{"rendered":"http:\/\/www.valparaisocreativo.cl\/?p=2499"},"modified":"2018-10-29T17:48:18","modified_gmt":"2018-10-29T17:48:18","slug":"convocatoria-muestra-de-proyectos-de-intervencion-en-el-patrimonio-construido-de-la-region-de-valparaiso","status":"publish","type":"post","link":"https:\/\/dev.antudigital.cl\/sites\/vc\/convocatoria-muestra-de-proyectos-de-intervencion-en-el-patrimonio-construido-de-la-region-de-valparaiso\/","title":{"rendered":"Convocatoria: muestra de proyectos de intervenci\u00f3n en el patrimonio construido de la Regi\u00f3n de Valpara\u00edso"},"content":{"rendered":"<p>El pr\u00f3ximo 5 y 6 de noviembre se realizar\u00e1&nbsp; el <strong>\u201cEncuentro sobre las herramientas normativas y de gesti\u00f3n en la intervenci\u00f3n del Patrimonio Arquitect\u00f3nico<\/strong>\u201d, evento impulsado por Valpara\u00edso Creativo y organizado por el Colegio de Arquitectos de Chile, Delegaci\u00f3n Zonal de Valpara\u00edso. \u00c9ste ser\u00e1 una instancia de reflexi\u00f3n y&nbsp; di\u00e1logo sobre a los aspectos normativos y de gesti\u00f3n del Patrimonio entre los actores principales del \u00e1mbito p\u00fablico y privado, con respecto a los criterios y procesos de intervenci\u00f3n y puesta de valor para el patrimonio construido.&nbsp;<span style=\"font-weight: 400;\">El Encuentro se llevar\u00e1 a cabo los d\u00edas 5 y 6 de noviembre del presente de 8:30 a 14:30 horas, en el Auditorio del Centro de Extensi\u00f3n Duoc UC, Edificio Cousi\u00f1o ubicado en Av. Errazuriz N\u00b01020, Valpara\u00edso. <\/span><\/p>\n<p>Con el fin de complementar el Encuentro, recoger y promover el inter\u00e9s en conservar, preservar, rehabilitar, revitalizar y optimizar el patrimonio urbano y arquitect\u00f3nico en la Regi\u00f3n de Valpara\u00edso, tanto desde el sector p\u00fablico como en el sector privado. La Delegaci\u00f3n Regi\u00f3n de Valpara\u00edso del Colegio de Arquitectos de chile convoca a presentar proyectos de intervenci\u00f3n en patrimonio, que hayan sido ejecutados durante los \u00faltimos 15 a\u00f1os en nuestra regi\u00f3n.<\/p>\n<p>&nbsp;<\/p>\n<p><b>PARTICIPANTES DE LA MUESTRA <\/b><\/p>\n<p><span style=\"font-weight: 400;\">Pueden participar todas las obras realizadas por Municipios, instituciones p\u00fablicas y oficinas privadas, de \u00edndole arquitect\u00f3nica y urbana, sobre inmuebles y \u00e1reas de valor patrimonial en Chile; terminadas entre los a\u00f1os 2003 y 2018. Deben ser proyectos en inmuebles o \u00e1reas con protecci\u00f3n legal, esto es, que tengan declaratoria de Inmueble o Zona de Conservaci\u00f3n Hist\u00f3rica (LGUC), y\/o Monumento Nacional, sean Monumento Hist\u00f3rico o Zona T\u00edpica. En ausencia de declaratoria oficial debe haber un fundamento que respalde la valoraci\u00f3n patrimonial; ante lo cual el Comit\u00e9 organizador se reserva el derecho a aceptar o rechazar la presentaci\u00f3n. La cantidad de proyectos a presentar por equipo no podr\u00e1 ser superior a 3 proyectos en total, en cualquier categor\u00eda. &nbsp;<\/span><\/p>\n<p>&nbsp;<\/p>\n<p><b>CATEGOR\u00cdAS DE LA MUESTRA <\/b><\/p>\n<p><span style=\"font-weight: 400;\">Se han definido las siguientes categor\u00edas: <\/span><\/p>\n<p>1.-Intervenciones contempor\u00e1neas sobre Edificios Patrimoniales individuales<\/p>\n<p>2.-Intervenciones contempor\u00e1neas sobre Conjuntos Patrimoniales, arquitect\u00f3nicos o urbanos<\/p>\n<p><span style=\"font-weight: 400;\">3.-Intervenciones contempor\u00e1neas sobre Espacio P\u00fablicos en \u00e1reas patrimoniales<\/span><\/p>\n<p>&nbsp;<\/p>\n<p><b>FASES DE LA PRIMERA MUESTRA <\/b><\/p>\n<p><span style=\"font-weight: 400;\">La Muestra tiene las siguientes fases: <\/span><\/p>\n<p>Primera fase de convocatoria: Recepci\u00f3n de propuestas desde el 19 de Octubre al 31 de Octubre 2018<\/p>\n<ol>\n<li><span style=\"font-weight: 400;\"> Formato de presentaci\u00f3n para proyecci\u00f3n durante el Encuentro: Cuatro diapositivas en presentaci\u00f3n Power Point por proyecto, cuya diagramaci\u00f3n est\u00e1 predefinida por el comit\u00e9 organizador. El env\u00edo ser\u00e1 v\u00eda correo electr\u00f3nico, en soporte digital, formato PPT y PDF (ambos). <\/span><\/li>\n<li><span style=\"font-weight: 400;\"> Formato de Ficha T\u00e9cnica: Cuatro diapositivas en presentaci\u00f3n Power Point por proyecto, cuya diagramaci\u00f3n est\u00e1 predefinida por el comit\u00e9 organizador. El env\u00edo ser\u00e1 v\u00eda correo electr\u00f3nico, en soporte digital, formato PPT y PDF (ambos). <\/span><\/li>\n<\/ol>\n<p>&nbsp;<\/p>\n<p><span style=\"font-weight: 400;\">Ambos deber\u00e1n ser enviados al correo: muestra.encuentro.cav@gmail.com entre los d\u00edas y fechas indicadas. <\/span><\/p>\n<p>&nbsp;<\/p>\n<p><strong>Segunda fase exposici\u00f3n de los proyectos: <\/strong><\/p>\n<p>Los proyectos ser\u00e1n presentados, en forma digital, durante el Congreso. Las fichas t\u00e9cnicas ser\u00e1n entregadas como material de del Encuentro.<\/p>\n<p><span style=\"font-weight: 400;\">Todo ser\u00e1 expuesto en Hall del Centro de Extensi\u00f3n Palacio Cousi\u00f1o de Duoc UC, los d\u00edas 5 y 6 de Noviembre del 2018. &nbsp;<\/span><\/p>\n<p>&nbsp;<\/p>\n<p><b>FORMATOS DE PRESENTACI\u00d3N<\/b><\/p>\n<p><span style=\"font-weight: 400;\">La presentaci\u00f3n debe ser sobretodo gr\u00e1fica, en colores o blanco y negro. Se deben considerar im\u00e1genes comparativas (fotograf\u00edas) de la situaci\u00f3n anterior y posterior a la intervenci\u00f3n. Los planos (ubicaci\u00f3n, plantas, cortes y elevaciones, priorizar plantas y cortes) deben ser expl\u00edcitos, con toda la informaci\u00f3n necesaria para su cabal comprensi\u00f3n, ejemplo cotas y medidas, niveles, nombres de la l\u00e1mina, nombres de recintos, y en general t\u00edtulos y toda la gr\u00e1fica de apoyo que se estime pertinente. (Pueden ser utilizados render o maquetas 3D del proyecto). <\/span><\/p>\n<p>&nbsp;<\/p>\n<p><span style=\"font-weight: 400;\">La presentaci\u00f3n por proyecto, consiste en: <\/span><\/p>\n<ol>\n<li><span style=\"font-weight: 400;\"> 4 (cuatro) diapositivas (PPT). Con texto indicativo e im\u00e1genes para: <\/span><\/li>\n<li><span style=\"font-weight: 400;\"> Ubicaci\u00f3n del Proyecto <\/span><\/li>\n<li><span style=\"font-weight: 400;\"> Situaci\u00f3n pre-existente <\/span><\/li>\n<li><span style=\"font-weight: 400;\"> Criterios\/estrategias de Intervenci\u00f3n <\/span><\/li>\n<li><span style=\"font-weight: 400;\"> Resultado Final <\/span><\/li>\n<\/ol>\n<p>&nbsp;<\/p>\n<ol>\n<li><span style=\"font-weight: 400;\"> Ficha t\u00e9cnica, que considera: 4 (cuatro) diapositivas (PPT). Con texto indicativo e im\u00e1genes para: <\/span><\/li>\n<li><span style=\"font-weight: 400;\"> Descripci\u00f3n y valoraci\u00f3n del inmueble o zona patrimonial <\/span><\/li>\n<li><span style=\"font-weight: 400;\"> Criterios y Estrategias de intervenci\u00f3n <\/span><\/li>\n<li><span style=\"font-weight: 400;\"> Resultado Final e impacto.<\/span><\/li>\n<li><span style=\"font-weight: 400;\"> Desaf\u00edos asociados a Herramientas normativas y de Gesti\u00f3n. &nbsp;<\/span><\/li>\n<\/ol>\n<p>&nbsp;<\/p>\n<p>Quienes deseen enviar sus proyectos deben presentarlos en los siguientes formatos:<\/p>\n<p><a href=\"http:\/\/www.valparaisocreativo.cl\/wp-content\/uploads\/2018\/10\/FICHA-TE\u0301CNICA_colegioarq.pptx\" target=\"_blank\" rel=\"noopener noreferrer\">FICHA TE\u0301CNICA<\/a><\/p>\n<p><a href=\"http:\/\/www.valparaisocreativo.cl\/wp-content\/uploads\/2018\/10\/PROYECCIO\u0301N-ppt_colegioarq.pptx\" target=\"_blank\" rel=\"noopener noreferrer\">PROYECCIO\u0301N<\/a><\/p>\n","protected":false},"excerpt":{"rendered":"<p>El pr\u00f3ximo 5 y 6 de noviembre se realizar\u00e1&nbsp; el \u201cEncuentro sobre las herramientas normativas y de gesti\u00f3n en la intervenci\u00f3n del Patrimonio Arquitect\u00f3nico\u201d, evento impulsado por Valpara\u00edso Creativo y organizado por el Colegio de Arquitectos de Chile, Delegaci\u00f3n Zonal de Valpara\u00edso. \u00c9ste ser\u00e1 una instancia de reflexi\u00f3n y&nbsp; di\u00e1logo sobre a los aspectos normativos [&hellip;]<\/p>\n","protected":false},"author":8,"featured_media":8913,"comment_status":"open","ping_status":"closed","sticky":false,"template":"","format":"standard","meta":{"_acf_changed":false,"footnotes":""},"categories":[8],"tags":[],"class_list":["post-9241","post","type-post","status-publish","format-standard","has-post-thumbnail","hentry","category-noticia"],"acf":[],"yoast_head":"<!-- This site is optimized with the Yoast SEO plugin v27.1.1 - https:\/\/yoast.com\/product\/yoast-seo-wordpress\/ -->\n<title>Convocatoria: muestra de proyectos de intervenci\u00f3n en el patrimonio construido de la Regi\u00f3n de Valpara\u00edso - Valpara\u00ed\u00adso Creativo<\/title>\n<meta name=\"robots\" content=\"index, follow, max-snippet:-1, max-image-preview:large, max-video-preview:-1\" \/>\n<link rel=\"canonical\" href=\"https:\/\/dev.antudigital.cl\/sites\/vc\/convocatoria-muestra-de-proyectos-de-intervencion-en-el-patrimonio-construido-de-la-region-de-valparaiso\/\" \/>\n<meta property=\"og:locale\" content=\"es_ES\" \/>\n<meta property=\"og:type\" content=\"article\" \/>\n<meta property=\"og:title\" content=\"Convocatoria: muestra de proyectos de intervenci\u00f3n en el patrimonio construido de la Regi\u00f3n de Valpara\u00edso - Valpara\u00ed\u00adso Creativo\" \/>\n<meta property=\"og:description\" content=\"El pr\u00f3ximo 5 y 6 de noviembre se realizar\u00e1&nbsp; el \u201cEncuentro sobre las herramientas normativas y de gesti\u00f3n en la intervenci\u00f3n del Patrimonio Arquitect\u00f3nico\u201d, evento impulsado por Valpara\u00edso Creativo y organizado por el Colegio de Arquitectos de Chile, Delegaci\u00f3n Zonal de Valpara\u00edso. \u00c9ste ser\u00e1 una instancia de reflexi\u00f3n y&nbsp; di\u00e1logo sobre a los aspectos normativos [&hellip;]\" \/>\n<meta property=\"og:url\" content=\"https:\/\/dev.antudigital.cl\/sites\/vc\/convocatoria-muestra-de-proyectos-de-intervencion-en-el-patrimonio-construido-de-la-region-de-valparaiso\/\" \/>\n<meta property=\"og:site_name\" content=\"Valpara\u00ed\u00adso Creativo\" \/>\n<meta property=\"article:published_time\" content=\"2018-10-29T17:48:18+00:00\" \/>\n<meta property=\"og:image\" content=\"https:\/\/dev.antudigital.cl\/sites\/vc\/wp-content\/uploads\/2018\/10\/Arquitectura6-e1540850167108.jpg\" \/>\n\t<meta property=\"og:image:width\" content=\"800\" \/>\n\t<meta property=\"og:image:height\" content=\"450\" \/>\n\t<meta property=\"og:image:type\" content=\"image\/jpeg\" \/>\n<meta name=\"twitter:card\" content=\"summary_large_image\" \/>\n<meta name=\"twitter:label1\" content=\"Escrito por\" \/>\n\t<meta name=\"twitter:data1\" content=\"\" \/>\n\t<meta name=\"twitter:label2\" content=\"Tiempo de lectura\" \/>\n\t<meta name=\"twitter:data2\" content=\"4 minutos\" \/>\n<script type=\"application\/ld+json\" class=\"yoast-schema-graph\">{\"@context\":\"https:\/\/schema.org\",\"@graph\":[{\"@type\":\"Article\",\"@id\":\"https:\/\/dev.antudigital.cl\/sites\/vc\/convocatoria-muestra-de-proyectos-de-intervencion-en-el-patrimonio-construido-de-la-region-de-valparaiso\/#article\",\"isPartOf\":{\"@id\":\"https:\/\/dev.antudigital.cl\/sites\/vc\/convocatoria-muestra-de-proyectos-de-intervencion-en-el-patrimonio-construido-de-la-region-de-valparaiso\/\"},\"author\":{\"name\":\"\",\"@id\":\"\"},\"headline\":\"Convocatoria: muestra de proyectos de intervenci\u00f3n en el patrimonio construido de la Regi\u00f3n de Valpara\u00edso\",\"datePublished\":\"2018-10-29T17:48:18+00:00\",\"mainEntityOfPage\":{\"@id\":\"https:\/\/dev.antudigital.cl\/sites\/vc\/convocatoria-muestra-de-proyectos-de-intervencion-en-el-patrimonio-construido-de-la-region-de-valparaiso\/\"},\"wordCount\":791,\"commentCount\":0,\"image\":{\"@id\":\"https:\/\/dev.antudigital.cl\/sites\/vc\/convocatoria-muestra-de-proyectos-de-intervencion-en-el-patrimonio-construido-de-la-region-de-valparaiso\/#primaryimage\"},\"thumbnailUrl\":\"https:\/\/dev.antudigital.cl\/sites\/vc\/wp-content\/uploads\/2018\/10\/Arquitectura6-e1540850167108.jpg\",\"articleSection\":[\"Noticia\"],\"inLanguage\":\"es\",\"potentialAction\":[{\"@type\":\"CommentAction\",\"name\":\"Comment\",\"target\":[\"https:\/\/dev.antudigital.cl\/sites\/vc\/convocatoria-muestra-de-proyectos-de-intervencion-en-el-patrimonio-construido-de-la-region-de-valparaiso\/#respond\"]}]},{\"@type\":\"WebPage\",\"@id\":\"https:\/\/dev.antudigital.cl\/sites\/vc\/convocatoria-muestra-de-proyectos-de-intervencion-en-el-patrimonio-construido-de-la-region-de-valparaiso\/\",\"url\":\"https:\/\/dev.antudigital.cl\/sites\/vc\/convocatoria-muestra-de-proyectos-de-intervencion-en-el-patrimonio-construido-de-la-region-de-valparaiso\/\",\"name\":\"Convocatoria: muestra de proyectos de intervenci\u00f3n en el patrimonio construido de la Regi\u00f3n de Valpara\u00edso - Valpara\u00ed\u00adso Creativo\",\"isPartOf\":{\"@id\":\"https:\/\/dev.antudigital.cl\/sites\/vc\/#website\"},\"primaryImageOfPage\":{\"@id\":\"https:\/\/dev.antudigital.cl\/sites\/vc\/convocatoria-muestra-de-proyectos-de-intervencion-en-el-patrimonio-construido-de-la-region-de-valparaiso\/#primaryimage\"},\"image\":{\"@id\":\"https:\/\/dev.antudigital.cl\/sites\/vc\/convocatoria-muestra-de-proyectos-de-intervencion-en-el-patrimonio-construido-de-la-region-de-valparaiso\/#primaryimage\"},\"thumbnailUrl\":\"https:\/\/dev.antudigital.cl\/sites\/vc\/wp-content\/uploads\/2018\/10\/Arquitectura6-e1540850167108.jpg\",\"datePublished\":\"2018-10-29T17:48:18+00:00\",\"author\":{\"@id\":\"\"},\"breadcrumb\":{\"@id\":\"https:\/\/dev.antudigital.cl\/sites\/vc\/convocatoria-muestra-de-proyectos-de-intervencion-en-el-patrimonio-construido-de-la-region-de-valparaiso\/#breadcrumb\"},\"inLanguage\":\"es\",\"potentialAction\":[{\"@type\":\"ReadAction\",\"target\":[\"https:\/\/dev.antudigital.cl\/sites\/vc\/convocatoria-muestra-de-proyectos-de-intervencion-en-el-patrimonio-construido-de-la-region-de-valparaiso\/\"]}]},{\"@type\":\"ImageObject\",\"inLanguage\":\"es\",\"@id\":\"https:\/\/dev.antudigital.cl\/sites\/vc\/convocatoria-muestra-de-proyectos-de-intervencion-en-el-patrimonio-construido-de-la-region-de-valparaiso\/#primaryimage\",\"url\":\"https:\/\/dev.antudigital.cl\/sites\/vc\/wp-content\/uploads\/2018\/10\/Arquitectura6-e1540850167108.jpg\",\"contentUrl\":\"https:\/\/dev.antudigital.cl\/sites\/vc\/wp-content\/uploads\/2018\/10\/Arquitectura6-e1540850167108.jpg\",\"width\":800,\"height\":450},{\"@type\":\"BreadcrumbList\",\"@id\":\"https:\/\/dev.antudigital.cl\/sites\/vc\/convocatoria-muestra-de-proyectos-de-intervencion-en-el-patrimonio-construido-de-la-region-de-valparaiso\/#breadcrumb\",\"itemListElement\":[{\"@type\":\"ListItem\",\"position\":1,\"name\":\"Home\",\"item\":\"https:\/\/dev.antudigital.cl\/sites\/vc\/\"},{\"@type\":\"ListItem\",\"position\":2,\"name\":\"Convocatoria: muestra de proyectos de intervenci\u00f3n en el patrimonio construido de la Regi\u00f3n de Valpara\u00edso\"}]},{\"@type\":\"WebSite\",\"@id\":\"https:\/\/dev.antudigital.cl\/sites\/vc\/#website\",\"url\":\"https:\/\/dev.antudigital.cl\/sites\/vc\/\",\"name\":\"Valpara\u00ed\u00adso Creativo\",\"description\":\"\",\"potentialAction\":[{\"@type\":\"SearchAction\",\"target\":{\"@type\":\"EntryPoint\",\"urlTemplate\":\"https:\/\/dev.antudigital.cl\/sites\/vc\/?s={search_term_string}\"},\"query-input\":{\"@type\":\"PropertyValueSpecification\",\"valueRequired\":true,\"valueName\":\"search_term_string\"}}],\"inLanguage\":\"es\"},{\"@type\":\"Person\",\"@id\":\"\",\"url\":\"https:\/\/dev.antudigital.cl\/sites\/vc\/author\/\"}]}<\/script>\n<!-- \/ Yoast SEO plugin. -->","yoast_head_json":{"title":"Convocatoria: muestra de proyectos de intervenci\u00f3n en el patrimonio construido de la Regi\u00f3n de Valpara\u00edso - Valpara\u00ed\u00adso Creativo","robots":{"index":"index","follow":"follow","max-snippet":"max-snippet:-1","max-image-preview":"max-image-preview:large","max-video-preview":"max-video-preview:-1"},"canonical":"https:\/\/dev.antudigital.cl\/sites\/vc\/convocatoria-muestra-de-proyectos-de-intervencion-en-el-patrimonio-construido-de-la-region-de-valparaiso\/","og_locale":"es_ES","og_type":"article","og_title":"Convocatoria: muestra de proyectos de intervenci\u00f3n en el patrimonio construido de la Regi\u00f3n de Valpara\u00edso - Valpara\u00ed\u00adso Creativo","og_description":"El pr\u00f3ximo 5 y 6 de noviembre se realizar\u00e1&nbsp; el \u201cEncuentro sobre las herramientas normativas y de gesti\u00f3n en la intervenci\u00f3n del Patrimonio Arquitect\u00f3nico\u201d, evento impulsado por Valpara\u00edso Creativo y organizado por el Colegio de Arquitectos de Chile, Delegaci\u00f3n Zonal de Valpara\u00edso. \u00c9ste ser\u00e1 una instancia de reflexi\u00f3n y&nbsp; di\u00e1logo sobre a los aspectos normativos [&hellip;]","og_url":"https:\/\/dev.antudigital.cl\/sites\/vc\/convocatoria-muestra-de-proyectos-de-intervencion-en-el-patrimonio-construido-de-la-region-de-valparaiso\/","og_site_name":"Valpara\u00ed\u00adso Creativo","article_published_time":"2018-10-29T17:48:18+00:00","og_image":[{"width":800,"height":450,"url":"https:\/\/dev.antudigital.cl\/sites\/vc\/wp-content\/uploads\/2018\/10\/Arquitectura6-e1540850167108.jpg","type":"image\/jpeg"}],"twitter_card":"summary_large_image","twitter_misc":{"Escrito por":"","Tiempo de lectura":"4 minutos"},"schema":{"@context":"https:\/\/schema.org","@graph":[{"@type":"Article","@id":"https:\/\/dev.antudigital.cl\/sites\/vc\/convocatoria-muestra-de-proyectos-de-intervencion-en-el-patrimonio-construido-de-la-region-de-valparaiso\/#article","isPartOf":{"@id":"https:\/\/dev.antudigital.cl\/sites\/vc\/convocatoria-muestra-de-proyectos-de-intervencion-en-el-patrimonio-construido-de-la-region-de-valparaiso\/"},"author":{"name":"","@id":""},"headline":"Convocatoria: muestra de proyectos de intervenci\u00f3n en el patrimonio construido de la Regi\u00f3n de Valpara\u00edso","datePublished":"2018-10-29T17:48:18+00:00","mainEntityOfPage":{"@id":"https:\/\/dev.antudigital.cl\/sites\/vc\/convocatoria-muestra-de-proyectos-de-intervencion-en-el-patrimonio-construido-de-la-region-de-valparaiso\/"},"wordCount":791,"commentCount":0,"image":{"@id":"https:\/\/dev.antudigital.cl\/sites\/vc\/convocatoria-muestra-de-proyectos-de-intervencion-en-el-patrimonio-construido-de-la-region-de-valparaiso\/#primaryimage"},"thumbnailUrl":"https:\/\/dev.antudigital.cl\/sites\/vc\/wp-content\/uploads\/2018\/10\/Arquitectura6-e1540850167108.jpg","articleSection":["Noticia"],"inLanguage":"es","potentialAction":[{"@type":"CommentAction","name":"Comment","target":["https:\/\/dev.antudigital.cl\/sites\/vc\/convocatoria-muestra-de-proyectos-de-intervencion-en-el-patrimonio-construido-de-la-region-de-valparaiso\/#respond"]}]},{"@type":"WebPage","@id":"https:\/\/dev.antudigital.cl\/sites\/vc\/convocatoria-muestra-de-proyectos-de-intervencion-en-el-patrimonio-construido-de-la-region-de-valparaiso\/","url":"https:\/\/dev.antudigital.cl\/sites\/vc\/convocatoria-muestra-de-proyectos-de-intervencion-en-el-patrimonio-construido-de-la-region-de-valparaiso\/","name":"Convocatoria: muestra de proyectos de intervenci\u00f3n en el patrimonio construido de la Regi\u00f3n de Valpara\u00edso - Valpara\u00ed\u00adso Creativo","isPartOf":{"@id":"https:\/\/dev.antudigital.cl\/sites\/vc\/#website"},"primaryImageOfPage":{"@id":"https:\/\/dev.antudigital.cl\/sites\/vc\/convocatoria-muestra-de-proyectos-de-intervencion-en-el-patrimonio-construido-de-la-region-de-valparaiso\/#primaryimage"},"image":{"@id":"https:\/\/dev.antudigital.cl\/sites\/vc\/convocatoria-muestra-de-proyectos-de-intervencion-en-el-patrimonio-construido-de-la-region-de-valparaiso\/#primaryimage"},"thumbnailUrl":"https:\/\/dev.antudigital.cl\/sites\/vc\/wp-content\/uploads\/2018\/10\/Arquitectura6-e1540850167108.jpg","datePublished":"2018-10-29T17:48:18+00:00","author":{"@id":""},"breadcrumb":{"@id":"https:\/\/dev.antudigital.cl\/sites\/vc\/convocatoria-muestra-de-proyectos-de-intervencion-en-el-patrimonio-construido-de-la-region-de-valparaiso\/#breadcrumb"},"inLanguage":"es","potentialAction":[{"@type":"ReadAction","target":["https:\/\/dev.antudigital.cl\/sites\/vc\/convocatoria-muestra-de-proyectos-de-intervencion-en-el-patrimonio-construido-de-la-region-de-valparaiso\/"]}]},{"@type":"ImageObject","inLanguage":"es","@id":"https:\/\/dev.antudigital.cl\/sites\/vc\/convocatoria-muestra-de-proyectos-de-intervencion-en-el-patrimonio-construido-de-la-region-de-valparaiso\/#primaryimage","url":"https:\/\/dev.antudigital.cl\/sites\/vc\/wp-content\/uploads\/2018\/10\/Arquitectura6-e1540850167108.jpg","contentUrl":"https:\/\/dev.antudigital.cl\/sites\/vc\/wp-content\/uploads\/2018\/10\/Arquitectura6-e1540850167108.jpg","width":800,"height":450},{"@type":"BreadcrumbList","@id":"https:\/\/dev.antudigital.cl\/sites\/vc\/convocatoria-muestra-de-proyectos-de-intervencion-en-el-patrimonio-construido-de-la-region-de-valparaiso\/#breadcrumb","itemListElement":[{"@type":"ListItem","position":1,"name":"Home","item":"https:\/\/dev.antudigital.cl\/sites\/vc\/"},{"@type":"ListItem","position":2,"name":"Convocatoria: muestra de proyectos de intervenci\u00f3n en el patrimonio construido de la Regi\u00f3n de Valpara\u00edso"}]},{"@type":"WebSite","@id":"https:\/\/dev.antudigital.cl\/sites\/vc\/#website","url":"https:\/\/dev.antudigital.cl\/sites\/vc\/","name":"Valpara\u00ed\u00adso Creativo","description":"","potentialAction":[{"@type":"SearchAction","target":{"@type":"EntryPoint","urlTemplate":"https:\/\/dev.antudigital.cl\/sites\/vc\/?s={search_term_string}"},"query-input":{"@type":"PropertyValueSpecification","valueRequired":true,"valueName":"search_term_string"}}],"inLanguage":"es"},{"@type":"Person","@id":"","url":"https:\/\/dev.antudigital.cl\/sites\/vc\/author\/"}]}},"_links":{"self":[{"href":"https:\/\/dev.antudigital.cl\/sites\/vc\/wp-json\/wp\/v2\/posts\/9241","targetHints":{"allow":["GET"]}}],"collection":[{"href":"https:\/\/dev.antudigital.cl\/sites\/vc\/wp-json\/wp\/v2\/posts"}],"about":[{"href":"https:\/\/dev.antudigital.cl\/sites\/vc\/wp-json\/wp\/v2\/types\/post"}],"author":[{"embeddable":true,"href":"https:\/\/dev.antudigital.cl\/sites\/vc\/wp-json\/wp\/v2\/users\/8"}],"replies":[{"embeddable":true,"href":"https:\/\/dev.antudigital.cl\/sites\/vc\/wp-json\/wp\/v2\/comments?post=9241"}],"version-history":[{"count":0,"href":"https:\/\/dev.antudigital.cl\/sites\/vc\/wp-json\/wp\/v2\/posts\/9241\/revisions"}],"wp:featuredmedia":[{"embeddable":true,"href":"https:\/\/dev.antudigital.cl\/sites\/vc\/wp-json\/wp\/v2\/media\/8913"}],"wp:attachment":[{"href":"https:\/\/dev.antudigital.cl\/sites\/vc\/wp-json\/wp\/v2\/media?parent=9241"}],"wp:term":[{"taxonomy":"category","embeddable":true,"href":"https:\/\/dev.antudigital.cl\/sites\/vc\/wp-json\/wp\/v2\/categories?post=9241"},{"taxonomy":"post_tag","embeddable":true,"href":"https:\/\/dev.antudigital.cl\/sites\/vc\/wp-json\/wp\/v2\/tags?post=9241"}],"curies":[{"name":"wp","href":"https:\/\/api.w.org\/{rel}","templated":true}]}}