{"id":9242,"date":"2018-10-17T16:28:52","date_gmt":"2018-10-17T16:28:52","guid":{"rendered":"http:\/\/www.valparaisocreativo.cl\/?p=2495"},"modified":"2021-12-26T23:40:16","modified_gmt":"2021-12-26T23:40:16","slug":"se-invita-a-participar-en-jornada-de-trabajo-sobre-valparaiso-como-ciudad-musical","status":"publish","type":"post","link":"https:\/\/dev.antudigital.cl\/sites\/vc\/se-invita-a-participar-en-jornada-de-trabajo-sobre-valparaiso-como-ciudad-musical\/","title":{"rendered":"Invitaci\u00f3n a participar en jornada de trabajo sobre Valpara\u00edso,  puerto de m\u00fasicas"},"content":{"rendered":"<ul>\n<li>El pr\u00f3ximo jueves 25 de octubre se realizar\u00e1 una jornada de trabajo destinada a idear propuestas de proyectos, para incorporar en la postulaci\u00f3n de Valpara\u00edso a la Red de Ciudades Creativas de Unesco.<\/li>\n<\/ul>\n<p><b>Valpara\u00edso, Puerto de M\u00fasicas<\/b><span style=\"font-weight: 400;\">, es el nombre del proyecto en el que est\u00e1n trabajando conjuntamente, la Ilustre Municipalidad de Valpara\u00edso, IMUVA, el programa del Ministerio de las Culturas, las Artes y el Patrimonio, Escuelas de Rock y M\u00fasica Popular; y el programa impulsado por Corfo, Valpara\u00edso Creativo. <\/span><\/p>\n<p><span style=\"font-weight: 400;\">Como parte de este proceso de trabajo, es que se convoca a una jornada de trabajo para el d\u00eda <\/span><b>jueves 25 de octubre<\/b><span style=\"font-weight: 400;\"> a partir de las 9.30 horas en el Edificio Cousi\u00f1o de Duoc UC (Sala Directorio, cuarto piso). La invitaci\u00f3n est\u00e1 abierta a personas que est\u00e9n vinculadas tanto al sector musical, como otras \u00e1reas sin\u00e9rgicas como el turismo, gastronom\u00eda, entretenimiento, audiovisual, dise\u00f1o, tecnolog\u00eda, arquitectura, patrimonio, teatro, entre otros.<\/span><\/p>\n<p>La jornada durar\u00e1 toda la ma\u00f1ana y contempla una charla sobre c\u00f3mo la m\u00fasica puede convertirse en un motor de desarrollo para las ciudades; expondiendo las caracter\u00edsticas y oportunidades de este modelo. Adem\u00e1s, se presentar\u00e1 un estado de di\u00e1gnostico de lo que lleva el proyecto hasta el momento. Posteriormente, se dar\u00e1 paso a las mesas de trabajo para formular ideas y propuestas con el fin de desarrollar &nbsp;el modelo de Valpara\u00edso, Puerto de M\u00fasicas.<br \/>\n<span style=\"font-weight: 400;\">Quienes deseen participar de esta instancia, es necesario que se inscriban <a href=\"https:\/\/docs.google.com\/forms\/d\/e\/1FAIpQLSd7X6AKgDXeVqliylBcZyg5hz4cD3mwIj9HyEKUYuZRKjokeA\/viewform?c=0&amp;w=1\" target=\"_blank\" rel=\"noopener noreferrer\">AQU\u00cd<\/a><\/span><\/p>\n<p>&nbsp;<\/p>\n","protected":false},"excerpt":{"rendered":"<p>El pr\u00f3ximo jueves 25 de octubre se realizar\u00e1 una jornada de trabajo destinada a idear propuestas de proyectos, para incorporar en la postulaci\u00f3n de Valpara\u00edso a la Red de Ciudades Creativas de Unesco. Valpara\u00edso, Puerto de M\u00fasicas, es el nombre del proyecto en el que est\u00e1n trabajando conjuntamente, la Ilustre Municipalidad de Valpara\u00edso, IMUVA, el [&hellip;]<\/p>\n","protected":false},"author":8,"featured_media":9245,"comment_status":"open","ping_status":"closed","sticky":false,"template":"","format":"standard","meta":{"_acf_changed":false,"footnotes":""},"categories":[8],"tags":[],"class_list":["post-9242","post","type-post","status-publish","format-standard","has-post-thumbnail","hentry","category-noticia"],"acf":[],"yoast_head":"<!-- This site is optimized with the Yoast SEO plugin v27.1.1 - https:\/\/yoast.com\/product\/yoast-seo-wordpress\/ -->\n<title>Invitaci\u00f3n a participar en jornada de trabajo sobre Valpara\u00edso, puerto de m\u00fasicas - Valpara\u00ed\u00adso Creativo<\/title>\n<meta name=\"robots\" content=\"index, follow, max-snippet:-1, max-image-preview:large, max-video-preview:-1\" \/>\n<link rel=\"canonical\" href=\"https:\/\/dev.antudigital.cl\/sites\/vc\/se-invita-a-participar-en-jornada-de-trabajo-sobre-valparaiso-como-ciudad-musical\/\" \/>\n<meta property=\"og:locale\" content=\"es_ES\" \/>\n<meta property=\"og:type\" content=\"article\" \/>\n<meta property=\"og:title\" content=\"Invitaci\u00f3n a participar en jornada de trabajo sobre Valpara\u00edso, puerto de m\u00fasicas - Valpara\u00ed\u00adso Creativo\" \/>\n<meta property=\"og:description\" content=\"El pr\u00f3ximo jueves 25 de octubre se realizar\u00e1 una jornada de trabajo destinada a idear propuestas de proyectos, para incorporar en la postulaci\u00f3n de Valpara\u00edso a la Red de Ciudades Creativas de Unesco. Valpara\u00edso, Puerto de M\u00fasicas, es el nombre del proyecto en el que est\u00e1n trabajando conjuntamente, la Ilustre Municipalidad de Valpara\u00edso, IMUVA, el [&hellip;]\" \/>\n<meta property=\"og:url\" content=\"https:\/\/dev.antudigital.cl\/sites\/vc\/se-invita-a-participar-en-jornada-de-trabajo-sobre-valparaiso-como-ciudad-musical\/\" \/>\n<meta property=\"og:site_name\" content=\"Valpara\u00ed\u00adso Creativo\" \/>\n<meta property=\"article:published_time\" content=\"2018-10-17T16:28:52+00:00\" \/>\n<meta property=\"article:modified_time\" content=\"2021-12-26T23:40:16+00:00\" \/>\n<meta property=\"og:image\" content=\"https:\/\/dev.antudigital.cl\/sites\/vc\/wp-content\/uploads\/2018\/10\/00-36-1-scaled.jpg\" \/>\n\t<meta property=\"og:image:width\" content=\"2560\" \/>\n\t<meta property=\"og:image:height\" content=\"1701\" \/>\n\t<meta property=\"og:image:type\" content=\"image\/jpeg\" \/>\n<meta name=\"twitter:card\" content=\"summary_large_image\" \/>\n<meta name=\"twitter:label1\" content=\"Escrito por\" \/>\n\t<meta name=\"twitter:data1\" content=\"\" \/>\n\t<meta name=\"twitter:label2\" content=\"Tiempo de lectura\" \/>\n\t<meta name=\"twitter:data2\" content=\"2 minutos\" \/>\n<script type=\"application\/ld+json\" class=\"yoast-schema-graph\">{\"@context\":\"https:\/\/schema.org\",\"@graph\":[{\"@type\":\"Article\",\"@id\":\"https:\/\/dev.antudigital.cl\/sites\/vc\/se-invita-a-participar-en-jornada-de-trabajo-sobre-valparaiso-como-ciudad-musical\/#article\",\"isPartOf\":{\"@id\":\"https:\/\/dev.antudigital.cl\/sites\/vc\/se-invita-a-participar-en-jornada-de-trabajo-sobre-valparaiso-como-ciudad-musical\/\"},\"author\":{\"name\":\"\",\"@id\":\"\"},\"headline\":\"Invitaci\u00f3n a participar en jornada de trabajo sobre Valpara\u00edso, puerto de m\u00fasicas\",\"datePublished\":\"2018-10-17T16:28:52+00:00\",\"dateModified\":\"2021-12-26T23:40:16+00:00\",\"mainEntityOfPage\":{\"@id\":\"https:\/\/dev.antudigital.cl\/sites\/vc\/se-invita-a-participar-en-jornada-de-trabajo-sobre-valparaiso-como-ciudad-musical\/\"},\"wordCount\":275,\"commentCount\":0,\"image\":{\"@id\":\"https:\/\/dev.antudigital.cl\/sites\/vc\/se-invita-a-participar-en-jornada-de-trabajo-sobre-valparaiso-como-ciudad-musical\/#primaryimage\"},\"thumbnailUrl\":\"https:\/\/dev.antudigital.cl\/sites\/vc\/wp-content\/uploads\/2018\/10\/00-36-1-scaled.jpg\",\"articleSection\":[\"Noticia\"],\"inLanguage\":\"es\",\"potentialAction\":[{\"@type\":\"CommentAction\",\"name\":\"Comment\",\"target\":[\"https:\/\/dev.antudigital.cl\/sites\/vc\/se-invita-a-participar-en-jornada-de-trabajo-sobre-valparaiso-como-ciudad-musical\/#respond\"]}]},{\"@type\":\"WebPage\",\"@id\":\"https:\/\/dev.antudigital.cl\/sites\/vc\/se-invita-a-participar-en-jornada-de-trabajo-sobre-valparaiso-como-ciudad-musical\/\",\"url\":\"https:\/\/dev.antudigital.cl\/sites\/vc\/se-invita-a-participar-en-jornada-de-trabajo-sobre-valparaiso-como-ciudad-musical\/\",\"name\":\"Invitaci\u00f3n a participar en jornada de trabajo sobre Valpara\u00edso, puerto de m\u00fasicas - Valpara\u00ed\u00adso Creativo\",\"isPartOf\":{\"@id\":\"https:\/\/dev.antudigital.cl\/sites\/vc\/#website\"},\"primaryImageOfPage\":{\"@id\":\"https:\/\/dev.antudigital.cl\/sites\/vc\/se-invita-a-participar-en-jornada-de-trabajo-sobre-valparaiso-como-ciudad-musical\/#primaryimage\"},\"image\":{\"@id\":\"https:\/\/dev.antudigital.cl\/sites\/vc\/se-invita-a-participar-en-jornada-de-trabajo-sobre-valparaiso-como-ciudad-musical\/#primaryimage\"},\"thumbnailUrl\":\"https:\/\/dev.antudigital.cl\/sites\/vc\/wp-content\/uploads\/2018\/10\/00-36-1-scaled.jpg\",\"datePublished\":\"2018-10-17T16:28:52+00:00\",\"dateModified\":\"2021-12-26T23:40:16+00:00\",\"author\":{\"@id\":\"\"},\"breadcrumb\":{\"@id\":\"https:\/\/dev.antudigital.cl\/sites\/vc\/se-invita-a-participar-en-jornada-de-trabajo-sobre-valparaiso-como-ciudad-musical\/#breadcrumb\"},\"inLanguage\":\"es\",\"potentialAction\":[{\"@type\":\"ReadAction\",\"target\":[\"https:\/\/dev.antudigital.cl\/sites\/vc\/se-invita-a-participar-en-jornada-de-trabajo-sobre-valparaiso-como-ciudad-musical\/\"]}]},{\"@type\":\"ImageObject\",\"inLanguage\":\"es\",\"@id\":\"https:\/\/dev.antudigital.cl\/sites\/vc\/se-invita-a-participar-en-jornada-de-trabajo-sobre-valparaiso-como-ciudad-musical\/#primaryimage\",\"url\":\"https:\/\/dev.antudigital.cl\/sites\/vc\/wp-content\/uploads\/2018\/10\/00-36-1-scaled.jpg\",\"contentUrl\":\"https:\/\/dev.antudigital.cl\/sites\/vc\/wp-content\/uploads\/2018\/10\/00-36-1-scaled.jpg\",\"width\":2560,\"height\":1701},{\"@type\":\"BreadcrumbList\",\"@id\":\"https:\/\/dev.antudigital.cl\/sites\/vc\/se-invita-a-participar-en-jornada-de-trabajo-sobre-valparaiso-como-ciudad-musical\/#breadcrumb\",\"itemListElement\":[{\"@type\":\"ListItem\",\"position\":1,\"name\":\"Home\",\"item\":\"https:\/\/dev.antudigital.cl\/sites\/vc\/\"},{\"@type\":\"ListItem\",\"position\":2,\"name\":\"Invitaci\u00f3n a participar en jornada de trabajo sobre Valpara\u00edso, puerto de m\u00fasicas\"}]},{\"@type\":\"WebSite\",\"@id\":\"https:\/\/dev.antudigital.cl\/sites\/vc\/#website\",\"url\":\"https:\/\/dev.antudigital.cl\/sites\/vc\/\",\"name\":\"Valpara\u00ed\u00adso Creativo\",\"description\":\"\",\"potentialAction\":[{\"@type\":\"SearchAction\",\"target\":{\"@type\":\"EntryPoint\",\"urlTemplate\":\"https:\/\/dev.antudigital.cl\/sites\/vc\/?s={search_term_string}\"},\"query-input\":{\"@type\":\"PropertyValueSpecification\",\"valueRequired\":true,\"valueName\":\"search_term_string\"}}],\"inLanguage\":\"es\"},{\"@type\":\"Person\",\"@id\":\"\",\"url\":\"https:\/\/dev.antudigital.cl\/sites\/vc\/author\/\"}]}<\/script>\n<!-- \/ Yoast SEO plugin. -->","yoast_head_json":{"title":"Invitaci\u00f3n a participar en jornada de trabajo sobre Valpara\u00edso, puerto de m\u00fasicas - Valpara\u00ed\u00adso Creativo","robots":{"index":"index","follow":"follow","max-snippet":"max-snippet:-1","max-image-preview":"max-image-preview:large","max-video-preview":"max-video-preview:-1"},"canonical":"https:\/\/dev.antudigital.cl\/sites\/vc\/se-invita-a-participar-en-jornada-de-trabajo-sobre-valparaiso-como-ciudad-musical\/","og_locale":"es_ES","og_type":"article","og_title":"Invitaci\u00f3n a participar en jornada de trabajo sobre Valpara\u00edso, puerto de m\u00fasicas - Valpara\u00ed\u00adso Creativo","og_description":"El pr\u00f3ximo jueves 25 de octubre se realizar\u00e1 una jornada de trabajo destinada a idear propuestas de proyectos, para incorporar en la postulaci\u00f3n de Valpara\u00edso a la Red de Ciudades Creativas de Unesco. Valpara\u00edso, Puerto de M\u00fasicas, es el nombre del proyecto en el que est\u00e1n trabajando conjuntamente, la Ilustre Municipalidad de Valpara\u00edso, IMUVA, el [&hellip;]","og_url":"https:\/\/dev.antudigital.cl\/sites\/vc\/se-invita-a-participar-en-jornada-de-trabajo-sobre-valparaiso-como-ciudad-musical\/","og_site_name":"Valpara\u00ed\u00adso Creativo","article_published_time":"2018-10-17T16:28:52+00:00","article_modified_time":"2021-12-26T23:40:16+00:00","og_image":[{"width":2560,"height":1701,"url":"https:\/\/dev.antudigital.cl\/sites\/vc\/wp-content\/uploads\/2018\/10\/00-36-1-scaled.jpg","type":"image\/jpeg"}],"twitter_card":"summary_large_image","twitter_misc":{"Escrito por":"","Tiempo de lectura":"2 minutos"},"schema":{"@context":"https:\/\/schema.org","@graph":[{"@type":"Article","@id":"https:\/\/dev.antudigital.cl\/sites\/vc\/se-invita-a-participar-en-jornada-de-trabajo-sobre-valparaiso-como-ciudad-musical\/#article","isPartOf":{"@id":"https:\/\/dev.antudigital.cl\/sites\/vc\/se-invita-a-participar-en-jornada-de-trabajo-sobre-valparaiso-como-ciudad-musical\/"},"author":{"name":"","@id":""},"headline":"Invitaci\u00f3n a participar en jornada de trabajo sobre Valpara\u00edso, puerto de m\u00fasicas","datePublished":"2018-10-17T16:28:52+00:00","dateModified":"2021-12-26T23:40:16+00:00","mainEntityOfPage":{"@id":"https:\/\/dev.antudigital.cl\/sites\/vc\/se-invita-a-participar-en-jornada-de-trabajo-sobre-valparaiso-como-ciudad-musical\/"},"wordCount":275,"commentCount":0,"image":{"@id":"https:\/\/dev.antudigital.cl\/sites\/vc\/se-invita-a-participar-en-jornada-de-trabajo-sobre-valparaiso-como-ciudad-musical\/#primaryimage"},"thumbnailUrl":"https:\/\/dev.antudigital.cl\/sites\/vc\/wp-content\/uploads\/2018\/10\/00-36-1-scaled.jpg","articleSection":["Noticia"],"inLanguage":"es","potentialAction":[{"@type":"CommentAction","name":"Comment","target":["https:\/\/dev.antudigital.cl\/sites\/vc\/se-invita-a-participar-en-jornada-de-trabajo-sobre-valparaiso-como-ciudad-musical\/#respond"]}]},{"@type":"WebPage","@id":"https:\/\/dev.antudigital.cl\/sites\/vc\/se-invita-a-participar-en-jornada-de-trabajo-sobre-valparaiso-como-ciudad-musical\/","url":"https:\/\/dev.antudigital.cl\/sites\/vc\/se-invita-a-participar-en-jornada-de-trabajo-sobre-valparaiso-como-ciudad-musical\/","name":"Invitaci\u00f3n a participar en jornada de trabajo sobre Valpara\u00edso, puerto de m\u00fasicas - Valpara\u00ed\u00adso Creativo","isPartOf":{"@id":"https:\/\/dev.antudigital.cl\/sites\/vc\/#website"},"primaryImageOfPage":{"@id":"https:\/\/dev.antudigital.cl\/sites\/vc\/se-invita-a-participar-en-jornada-de-trabajo-sobre-valparaiso-como-ciudad-musical\/#primaryimage"},"image":{"@id":"https:\/\/dev.antudigital.cl\/sites\/vc\/se-invita-a-participar-en-jornada-de-trabajo-sobre-valparaiso-como-ciudad-musical\/#primaryimage"},"thumbnailUrl":"https:\/\/dev.antudigital.cl\/sites\/vc\/wp-content\/uploads\/2018\/10\/00-36-1-scaled.jpg","datePublished":"2018-10-17T16:28:52+00:00","dateModified":"2021-12-26T23:40:16+00:00","author":{"@id":""},"breadcrumb":{"@id":"https:\/\/dev.antudigital.cl\/sites\/vc\/se-invita-a-participar-en-jornada-de-trabajo-sobre-valparaiso-como-ciudad-musical\/#breadcrumb"},"inLanguage":"es","potentialAction":[{"@type":"ReadAction","target":["https:\/\/dev.antudigital.cl\/sites\/vc\/se-invita-a-participar-en-jornada-de-trabajo-sobre-valparaiso-como-ciudad-musical\/"]}]},{"@type":"ImageObject","inLanguage":"es","@id":"https:\/\/dev.antudigital.cl\/sites\/vc\/se-invita-a-participar-en-jornada-de-trabajo-sobre-valparaiso-como-ciudad-musical\/#primaryimage","url":"https:\/\/dev.antudigital.cl\/sites\/vc\/wp-content\/uploads\/2018\/10\/00-36-1-scaled.jpg","contentUrl":"https:\/\/dev.antudigital.cl\/sites\/vc\/wp-content\/uploads\/2018\/10\/00-36-1-scaled.jpg","width":2560,"height":1701},{"@type":"BreadcrumbList","@id":"https:\/\/dev.antudigital.cl\/sites\/vc\/se-invita-a-participar-en-jornada-de-trabajo-sobre-valparaiso-como-ciudad-musical\/#breadcrumb","itemListElement":[{"@type":"ListItem","position":1,"name":"Home","item":"https:\/\/dev.antudigital.cl\/sites\/vc\/"},{"@type":"ListItem","position":2,"name":"Invitaci\u00f3n a participar en jornada de trabajo sobre Valpara\u00edso, puerto de m\u00fasicas"}]},{"@type":"WebSite","@id":"https:\/\/dev.antudigital.cl\/sites\/vc\/#website","url":"https:\/\/dev.antudigital.cl\/sites\/vc\/","name":"Valpara\u00ed\u00adso Creativo","description":"","potentialAction":[{"@type":"SearchAction","target":{"@type":"EntryPoint","urlTemplate":"https:\/\/dev.antudigital.cl\/sites\/vc\/?s={search_term_string}"},"query-input":{"@type":"PropertyValueSpecification","valueRequired":true,"valueName":"search_term_string"}}],"inLanguage":"es"},{"@type":"Person","@id":"","url":"https:\/\/dev.antudigital.cl\/sites\/vc\/author\/"}]}},"_links":{"self":[{"href":"https:\/\/dev.antudigital.cl\/sites\/vc\/wp-json\/wp\/v2\/posts\/9242","targetHints":{"allow":["GET"]}}],"collection":[{"href":"https:\/\/dev.antudigital.cl\/sites\/vc\/wp-json\/wp\/v2\/posts"}],"about":[{"href":"https:\/\/dev.antudigital.cl\/sites\/vc\/wp-json\/wp\/v2\/types\/post"}],"author":[{"embeddable":true,"href":"https:\/\/dev.antudigital.cl\/sites\/vc\/wp-json\/wp\/v2\/users\/8"}],"replies":[{"embeddable":true,"href":"https:\/\/dev.antudigital.cl\/sites\/vc\/wp-json\/wp\/v2\/comments?post=9242"}],"version-history":[{"count":1,"href":"https:\/\/dev.antudigital.cl\/sites\/vc\/wp-json\/wp\/v2\/posts\/9242\/revisions"}],"predecessor-version":[{"id":9246,"href":"https:\/\/dev.antudigital.cl\/sites\/vc\/wp-json\/wp\/v2\/posts\/9242\/revisions\/9246"}],"wp:featuredmedia":[{"embeddable":true,"href":"https:\/\/dev.antudigital.cl\/sites\/vc\/wp-json\/wp\/v2\/media\/9245"}],"wp:attachment":[{"href":"https:\/\/dev.antudigital.cl\/sites\/vc\/wp-json\/wp\/v2\/media?parent=9242"}],"wp:term":[{"taxonomy":"category","embeddable":true,"href":"https:\/\/dev.antudigital.cl\/sites\/vc\/wp-json\/wp\/v2\/categories?post=9242"},{"taxonomy":"post_tag","embeddable":true,"href":"https:\/\/dev.antudigital.cl\/sites\/vc\/wp-json\/wp\/v2\/tags?post=9242"}],"curies":[{"name":"wp","href":"https:\/\/api.w.org\/{rel}","templated":true}]}}