{"id":9247,"date":"2018-09-14T18:53:17","date_gmt":"2018-09-14T18:53:17","guid":{"rendered":"http:\/\/www.valparaisocreativo.cl\/?p=2479"},"modified":"2021-12-27T04:18:47","modified_gmt":"2021-12-27T04:18:47","slug":"llamado-para-realizar-estudio-sobre-la-musica-en-vivo-de-valparaiso","status":"publish","type":"post","link":"https:\/\/dev.antudigital.cl\/sites\/vc\/llamado-para-realizar-estudio-sobre-la-musica-en-vivo-de-valparaiso\/","title":{"rendered":"Llamado para realizar estudio sobre la m\u00fasica en vivo de Valpara\u00edso"},"content":{"rendered":"<p>El programa Valpara\u00edso Creativo hace un llamado a profesionales, organizaciones, instituciones y otros a participar de la convocatoria para realizar un estudio descriptivo de la escena musical en vivo de la ciudad de Valpara\u00edso.<\/p>\n<p>Lo que se espera es conocer el dinamismo que presenta la escena, cu\u00e1les son los m\u00fasicos que realizan presentaciones en vivo, en d\u00f3nde lo hacen; adem\u00e1s, de conocer aquellas bandas, cantantes, agrupaciones que vienen a presentarse en la ciudad. Tambi\u00e9n,&nbsp; sobre los lugares destinados para m\u00fasica en vivo, eventos; c\u00f3mo se desplazan los m\u00fasicos, como por ejemplo saber, los destinos de giras de los m\u00fasicos porte\u00f1os, entre otras variables.<\/p>\n<div data-canvas-width=\"291.9698498252871\"><\/div>\n<p>Para acceder a los detalles de la convocatoria, descarga los t\u00e9rmino de referencia <a href=\"http:\/\/www.valparaisocreativo.cl\/wp-content\/uploads\/2018\/09\/Mapeo-Escenario-Actual-de-la-Mu\u0301sica-en-Vivo..pdf\">AQU\u00cd<\/a><\/p>\n<p>Se recibir\u00e1n propuestas de cotizaci\u00f3n hasta el <strong>domingo 23 de septiembre<\/strong> al correo electr\u00f3nico: <strong>hola@valparaisocreativo.cl&nbsp;<\/strong><\/p>\n","protected":false},"excerpt":{"rendered":"<p>El programa Valpara\u00edso Creativo hace un llamado a profesionales, organizaciones, instituciones y otros a participar de la convocatoria para realizar un estudio descriptivo de la escena musical en vivo de la ciudad de Valpara\u00edso. Lo que se espera es conocer el dinamismo que presenta la escena, cu\u00e1les son los m\u00fasicos que realizan presentaciones en vivo, [&hellip;]<\/p>\n","protected":false},"author":8,"featured_media":9251,"comment_status":"open","ping_status":"closed","sticky":false,"template":"","format":"standard","meta":{"_acf_changed":false,"footnotes":""},"categories":[8],"tags":[],"class_list":["post-9247","post","type-post","status-publish","format-standard","has-post-thumbnail","hentry","category-noticia"],"acf":[],"yoast_head":"<!-- This site is optimized with the Yoast SEO plugin v27.1.1 - https:\/\/yoast.com\/product\/yoast-seo-wordpress\/ -->\n<title>Llamado para realizar estudio sobre la m\u00fasica en vivo de Valpara\u00edso - Valpara\u00ed\u00adso Creativo<\/title>\n<meta name=\"robots\" content=\"index, follow, max-snippet:-1, max-image-preview:large, max-video-preview:-1\" \/>\n<link rel=\"canonical\" href=\"https:\/\/dev.antudigital.cl\/sites\/vc\/llamado-para-realizar-estudio-sobre-la-musica-en-vivo-de-valparaiso\/\" \/>\n<meta property=\"og:locale\" content=\"es_ES\" \/>\n<meta property=\"og:type\" content=\"article\" \/>\n<meta property=\"og:title\" content=\"Llamado para realizar estudio sobre la m\u00fasica en vivo de Valpara\u00edso - Valpara\u00ed\u00adso Creativo\" \/>\n<meta property=\"og:description\" content=\"El programa Valpara\u00edso Creativo hace un llamado a profesionales, organizaciones, instituciones y otros a participar de la convocatoria para realizar un estudio descriptivo de la escena musical en vivo de la ciudad de Valpara\u00edso. Lo que se espera es conocer el dinamismo que presenta la escena, cu\u00e1les son los m\u00fasicos que realizan presentaciones en vivo, [&hellip;]\" \/>\n<meta property=\"og:url\" content=\"https:\/\/dev.antudigital.cl\/sites\/vc\/llamado-para-realizar-estudio-sobre-la-musica-en-vivo-de-valparaiso\/\" \/>\n<meta property=\"og:site_name\" content=\"Valpara\u00ed\u00adso Creativo\" \/>\n<meta property=\"article:published_time\" content=\"2018-09-14T18:53:17+00:00\" \/>\n<meta property=\"article:modified_time\" content=\"2021-12-27T04:18:47+00:00\" \/>\n<meta property=\"og:image\" content=\"https:\/\/dev.antudigital.cl\/sites\/vc\/wp-content\/uploads\/2018\/09\/danny-howe-762181-unsplash-1-scaled.jpg\" \/>\n\t<meta property=\"og:image:width\" content=\"2560\" \/>\n\t<meta property=\"og:image:height\" content=\"1707\" \/>\n\t<meta property=\"og:image:type\" content=\"image\/jpeg\" \/>\n<meta name=\"twitter:card\" content=\"summary_large_image\" \/>\n<meta name=\"twitter:label1\" content=\"Escrito por\" \/>\n\t<meta name=\"twitter:data1\" content=\"\" \/>\n\t<meta name=\"twitter:label2\" content=\"Tiempo de lectura\" \/>\n\t<meta name=\"twitter:data2\" content=\"1 minuto\" \/>\n<script type=\"application\/ld+json\" class=\"yoast-schema-graph\">{\"@context\":\"https:\/\/schema.org\",\"@graph\":[{\"@type\":\"Article\",\"@id\":\"https:\/\/dev.antudigital.cl\/sites\/vc\/llamado-para-realizar-estudio-sobre-la-musica-en-vivo-de-valparaiso\/#article\",\"isPartOf\":{\"@id\":\"https:\/\/dev.antudigital.cl\/sites\/vc\/llamado-para-realizar-estudio-sobre-la-musica-en-vivo-de-valparaiso\/\"},\"author\":{\"name\":\"\",\"@id\":\"\"},\"headline\":\"Llamado para realizar estudio sobre la m\u00fasica en vivo de Valpara\u00edso\",\"datePublished\":\"2018-09-14T18:53:17+00:00\",\"dateModified\":\"2021-12-27T04:18:47+00:00\",\"mainEntityOfPage\":{\"@id\":\"https:\/\/dev.antudigital.cl\/sites\/vc\/llamado-para-realizar-estudio-sobre-la-musica-en-vivo-de-valparaiso\/\"},\"wordCount\":164,\"commentCount\":0,\"image\":{\"@id\":\"https:\/\/dev.antudigital.cl\/sites\/vc\/llamado-para-realizar-estudio-sobre-la-musica-en-vivo-de-valparaiso\/#primaryimage\"},\"thumbnailUrl\":\"https:\/\/dev.antudigital.cl\/sites\/vc\/wp-content\/uploads\/2018\/09\/danny-howe-762181-unsplash-1-scaled.jpg\",\"articleSection\":[\"Noticia\"],\"inLanguage\":\"es\",\"potentialAction\":[{\"@type\":\"CommentAction\",\"name\":\"Comment\",\"target\":[\"https:\/\/dev.antudigital.cl\/sites\/vc\/llamado-para-realizar-estudio-sobre-la-musica-en-vivo-de-valparaiso\/#respond\"]}]},{\"@type\":\"WebPage\",\"@id\":\"https:\/\/dev.antudigital.cl\/sites\/vc\/llamado-para-realizar-estudio-sobre-la-musica-en-vivo-de-valparaiso\/\",\"url\":\"https:\/\/dev.antudigital.cl\/sites\/vc\/llamado-para-realizar-estudio-sobre-la-musica-en-vivo-de-valparaiso\/\",\"name\":\"Llamado para realizar estudio sobre la m\u00fasica en vivo de Valpara\u00edso - Valpara\u00ed\u00adso Creativo\",\"isPartOf\":{\"@id\":\"https:\/\/dev.antudigital.cl\/sites\/vc\/#website\"},\"primaryImageOfPage\":{\"@id\":\"https:\/\/dev.antudigital.cl\/sites\/vc\/llamado-para-realizar-estudio-sobre-la-musica-en-vivo-de-valparaiso\/#primaryimage\"},\"image\":{\"@id\":\"https:\/\/dev.antudigital.cl\/sites\/vc\/llamado-para-realizar-estudio-sobre-la-musica-en-vivo-de-valparaiso\/#primaryimage\"},\"thumbnailUrl\":\"https:\/\/dev.antudigital.cl\/sites\/vc\/wp-content\/uploads\/2018\/09\/danny-howe-762181-unsplash-1-scaled.jpg\",\"datePublished\":\"2018-09-14T18:53:17+00:00\",\"dateModified\":\"2021-12-27T04:18:47+00:00\",\"author\":{\"@id\":\"\"},\"breadcrumb\":{\"@id\":\"https:\/\/dev.antudigital.cl\/sites\/vc\/llamado-para-realizar-estudio-sobre-la-musica-en-vivo-de-valparaiso\/#breadcrumb\"},\"inLanguage\":\"es\",\"potentialAction\":[{\"@type\":\"ReadAction\",\"target\":[\"https:\/\/dev.antudigital.cl\/sites\/vc\/llamado-para-realizar-estudio-sobre-la-musica-en-vivo-de-valparaiso\/\"]}]},{\"@type\":\"ImageObject\",\"inLanguage\":\"es\",\"@id\":\"https:\/\/dev.antudigital.cl\/sites\/vc\/llamado-para-realizar-estudio-sobre-la-musica-en-vivo-de-valparaiso\/#primaryimage\",\"url\":\"https:\/\/dev.antudigital.cl\/sites\/vc\/wp-content\/uploads\/2018\/09\/danny-howe-762181-unsplash-1-scaled.jpg\",\"contentUrl\":\"https:\/\/dev.antudigital.cl\/sites\/vc\/wp-content\/uploads\/2018\/09\/danny-howe-762181-unsplash-1-scaled.jpg\",\"width\":2560,\"height\":1707},{\"@type\":\"BreadcrumbList\",\"@id\":\"https:\/\/dev.antudigital.cl\/sites\/vc\/llamado-para-realizar-estudio-sobre-la-musica-en-vivo-de-valparaiso\/#breadcrumb\",\"itemListElement\":[{\"@type\":\"ListItem\",\"position\":1,\"name\":\"Home\",\"item\":\"https:\/\/dev.antudigital.cl\/sites\/vc\/\"},{\"@type\":\"ListItem\",\"position\":2,\"name\":\"Llamado para realizar estudio sobre la m\u00fasica en vivo de Valpara\u00edso\"}]},{\"@type\":\"WebSite\",\"@id\":\"https:\/\/dev.antudigital.cl\/sites\/vc\/#website\",\"url\":\"https:\/\/dev.antudigital.cl\/sites\/vc\/\",\"name\":\"Valpara\u00ed\u00adso Creativo\",\"description\":\"\",\"potentialAction\":[{\"@type\":\"SearchAction\",\"target\":{\"@type\":\"EntryPoint\",\"urlTemplate\":\"https:\/\/dev.antudigital.cl\/sites\/vc\/?s={search_term_string}\"},\"query-input\":{\"@type\":\"PropertyValueSpecification\",\"valueRequired\":true,\"valueName\":\"search_term_string\"}}],\"inLanguage\":\"es\"},{\"@type\":\"Person\",\"@id\":\"\",\"url\":\"https:\/\/dev.antudigital.cl\/sites\/vc\/author\/\"}]}<\/script>\n<!-- \/ Yoast SEO plugin. -->","yoast_head_json":{"title":"Llamado para realizar estudio sobre la m\u00fasica en vivo de Valpara\u00edso - Valpara\u00ed\u00adso Creativo","robots":{"index":"index","follow":"follow","max-snippet":"max-snippet:-1","max-image-preview":"max-image-preview:large","max-video-preview":"max-video-preview:-1"},"canonical":"https:\/\/dev.antudigital.cl\/sites\/vc\/llamado-para-realizar-estudio-sobre-la-musica-en-vivo-de-valparaiso\/","og_locale":"es_ES","og_type":"article","og_title":"Llamado para realizar estudio sobre la m\u00fasica en vivo de Valpara\u00edso - Valpara\u00ed\u00adso Creativo","og_description":"El programa Valpara\u00edso Creativo hace un llamado a profesionales, organizaciones, instituciones y otros a participar de la convocatoria para realizar un estudio descriptivo de la escena musical en vivo de la ciudad de Valpara\u00edso. Lo que se espera es conocer el dinamismo que presenta la escena, cu\u00e1les son los m\u00fasicos que realizan presentaciones en vivo, [&hellip;]","og_url":"https:\/\/dev.antudigital.cl\/sites\/vc\/llamado-para-realizar-estudio-sobre-la-musica-en-vivo-de-valparaiso\/","og_site_name":"Valpara\u00ed\u00adso Creativo","article_published_time":"2018-09-14T18:53:17+00:00","article_modified_time":"2021-12-27T04:18:47+00:00","og_image":[{"width":2560,"height":1707,"url":"https:\/\/dev.antudigital.cl\/sites\/vc\/wp-content\/uploads\/2018\/09\/danny-howe-762181-unsplash-1-scaled.jpg","type":"image\/jpeg"}],"twitter_card":"summary_large_image","twitter_misc":{"Escrito por":"","Tiempo de lectura":"1 minuto"},"schema":{"@context":"https:\/\/schema.org","@graph":[{"@type":"Article","@id":"https:\/\/dev.antudigital.cl\/sites\/vc\/llamado-para-realizar-estudio-sobre-la-musica-en-vivo-de-valparaiso\/#article","isPartOf":{"@id":"https:\/\/dev.antudigital.cl\/sites\/vc\/llamado-para-realizar-estudio-sobre-la-musica-en-vivo-de-valparaiso\/"},"author":{"name":"","@id":""},"headline":"Llamado para realizar estudio sobre la m\u00fasica en vivo de Valpara\u00edso","datePublished":"2018-09-14T18:53:17+00:00","dateModified":"2021-12-27T04:18:47+00:00","mainEntityOfPage":{"@id":"https:\/\/dev.antudigital.cl\/sites\/vc\/llamado-para-realizar-estudio-sobre-la-musica-en-vivo-de-valparaiso\/"},"wordCount":164,"commentCount":0,"image":{"@id":"https:\/\/dev.antudigital.cl\/sites\/vc\/llamado-para-realizar-estudio-sobre-la-musica-en-vivo-de-valparaiso\/#primaryimage"},"thumbnailUrl":"https:\/\/dev.antudigital.cl\/sites\/vc\/wp-content\/uploads\/2018\/09\/danny-howe-762181-unsplash-1-scaled.jpg","articleSection":["Noticia"],"inLanguage":"es","potentialAction":[{"@type":"CommentAction","name":"Comment","target":["https:\/\/dev.antudigital.cl\/sites\/vc\/llamado-para-realizar-estudio-sobre-la-musica-en-vivo-de-valparaiso\/#respond"]}]},{"@type":"WebPage","@id":"https:\/\/dev.antudigital.cl\/sites\/vc\/llamado-para-realizar-estudio-sobre-la-musica-en-vivo-de-valparaiso\/","url":"https:\/\/dev.antudigital.cl\/sites\/vc\/llamado-para-realizar-estudio-sobre-la-musica-en-vivo-de-valparaiso\/","name":"Llamado para realizar estudio sobre la m\u00fasica en vivo de Valpara\u00edso - Valpara\u00ed\u00adso Creativo","isPartOf":{"@id":"https:\/\/dev.antudigital.cl\/sites\/vc\/#website"},"primaryImageOfPage":{"@id":"https:\/\/dev.antudigital.cl\/sites\/vc\/llamado-para-realizar-estudio-sobre-la-musica-en-vivo-de-valparaiso\/#primaryimage"},"image":{"@id":"https:\/\/dev.antudigital.cl\/sites\/vc\/llamado-para-realizar-estudio-sobre-la-musica-en-vivo-de-valparaiso\/#primaryimage"},"thumbnailUrl":"https:\/\/dev.antudigital.cl\/sites\/vc\/wp-content\/uploads\/2018\/09\/danny-howe-762181-unsplash-1-scaled.jpg","datePublished":"2018-09-14T18:53:17+00:00","dateModified":"2021-12-27T04:18:47+00:00","author":{"@id":""},"breadcrumb":{"@id":"https:\/\/dev.antudigital.cl\/sites\/vc\/llamado-para-realizar-estudio-sobre-la-musica-en-vivo-de-valparaiso\/#breadcrumb"},"inLanguage":"es","potentialAction":[{"@type":"ReadAction","target":["https:\/\/dev.antudigital.cl\/sites\/vc\/llamado-para-realizar-estudio-sobre-la-musica-en-vivo-de-valparaiso\/"]}]},{"@type":"ImageObject","inLanguage":"es","@id":"https:\/\/dev.antudigital.cl\/sites\/vc\/llamado-para-realizar-estudio-sobre-la-musica-en-vivo-de-valparaiso\/#primaryimage","url":"https:\/\/dev.antudigital.cl\/sites\/vc\/wp-content\/uploads\/2018\/09\/danny-howe-762181-unsplash-1-scaled.jpg","contentUrl":"https:\/\/dev.antudigital.cl\/sites\/vc\/wp-content\/uploads\/2018\/09\/danny-howe-762181-unsplash-1-scaled.jpg","width":2560,"height":1707},{"@type":"BreadcrumbList","@id":"https:\/\/dev.antudigital.cl\/sites\/vc\/llamado-para-realizar-estudio-sobre-la-musica-en-vivo-de-valparaiso\/#breadcrumb","itemListElement":[{"@type":"ListItem","position":1,"name":"Home","item":"https:\/\/dev.antudigital.cl\/sites\/vc\/"},{"@type":"ListItem","position":2,"name":"Llamado para realizar estudio sobre la m\u00fasica en vivo de Valpara\u00edso"}]},{"@type":"WebSite","@id":"https:\/\/dev.antudigital.cl\/sites\/vc\/#website","url":"https:\/\/dev.antudigital.cl\/sites\/vc\/","name":"Valpara\u00ed\u00adso Creativo","description":"","potentialAction":[{"@type":"SearchAction","target":{"@type":"EntryPoint","urlTemplate":"https:\/\/dev.antudigital.cl\/sites\/vc\/?s={search_term_string}"},"query-input":{"@type":"PropertyValueSpecification","valueRequired":true,"valueName":"search_term_string"}}],"inLanguage":"es"},{"@type":"Person","@id":"","url":"https:\/\/dev.antudigital.cl\/sites\/vc\/author\/"}]}},"_links":{"self":[{"href":"https:\/\/dev.antudigital.cl\/sites\/vc\/wp-json\/wp\/v2\/posts\/9247","targetHints":{"allow":["GET"]}}],"collection":[{"href":"https:\/\/dev.antudigital.cl\/sites\/vc\/wp-json\/wp\/v2\/posts"}],"about":[{"href":"https:\/\/dev.antudigital.cl\/sites\/vc\/wp-json\/wp\/v2\/types\/post"}],"author":[{"embeddable":true,"href":"https:\/\/dev.antudigital.cl\/sites\/vc\/wp-json\/wp\/v2\/users\/8"}],"replies":[{"embeddable":true,"href":"https:\/\/dev.antudigital.cl\/sites\/vc\/wp-json\/wp\/v2\/comments?post=9247"}],"version-history":[{"count":1,"href":"https:\/\/dev.antudigital.cl\/sites\/vc\/wp-json\/wp\/v2\/posts\/9247\/revisions"}],"predecessor-version":[{"id":9252,"href":"https:\/\/dev.antudigital.cl\/sites\/vc\/wp-json\/wp\/v2\/posts\/9247\/revisions\/9252"}],"wp:featuredmedia":[{"embeddable":true,"href":"https:\/\/dev.antudigital.cl\/sites\/vc\/wp-json\/wp\/v2\/media\/9251"}],"wp:attachment":[{"href":"https:\/\/dev.antudigital.cl\/sites\/vc\/wp-json\/wp\/v2\/media?parent=9247"}],"wp:term":[{"taxonomy":"category","embeddable":true,"href":"https:\/\/dev.antudigital.cl\/sites\/vc\/wp-json\/wp\/v2\/categories?post=9247"},{"taxonomy":"post_tag","embeddable":true,"href":"https:\/\/dev.antudigital.cl\/sites\/vc\/wp-json\/wp\/v2\/tags?post=9247"}],"curies":[{"name":"wp","href":"https:\/\/api.w.org\/{rel}","templated":true}]}}