{"id":9253,"date":"2018-09-10T13:23:27","date_gmt":"2018-09-10T13:23:27","guid":{"rendered":"http:\/\/www.valparaisocreativo.cl\/?p=2462"},"modified":"2021-12-27T04:34:43","modified_gmt":"2021-12-27T04:34:43","slug":"se-abre-convocatoria-para-la-realizacion-de-actividades-de-capacitacion-en-el-area-de-patrimonio-urbano","status":"publish","type":"post","link":"https:\/\/dev.antudigital.cl\/sites\/vc\/se-abre-convocatoria-para-la-realizacion-de-actividades-de-capacitacion-en-el-area-de-patrimonio-urbano\/","title":{"rendered":"Se abre convocatoria para la realizaci\u00f3n de actividades de capacitaci\u00f3n en el \u00e1rea de patrimonio urbano"},"content":{"rendered":"<ul>\n<li>El llamado es principalmente a arquitectos, constructores,&nbsp;y tambi\u00e9n aquellos profesionales a cargo de supervisar proyectos del \u00e1mbito, quienes deber\u00e1n enviar una <strong>cotizaci\u00f3n<\/strong> por la implementaci\u00f3n de actividades que permitan fortalecer <span style=\"font-weight: 400;\">&nbsp;los conocimientos y herramientas de profesionales para el desarrollo de proyectos en zonas patrimoniales.<\/span><\/li>\n<\/ul>\n<p>&nbsp;<\/p>\n<p>Hasta el <strong>jueves 20&nbsp;de septiembre<\/strong> se recibir\u00e1n <strong>cotizaciones<\/strong> para el desarrollo de actividades formativas, cuyo fin es fortalecer la experticia de profesionales, en los procesos de ingreso y aprobaci\u00f3n de proyectos ante las instituciones que regulan la intervenci\u00f3n de inmuebles en zonas patrimoniales. Adem\u00e1s, de informar a los participantes sobre normativas de protecci\u00f3n patrimonial, y procesos para la intervenci\u00f3n de profesionales vinculados a proyectos de rehabilitaci\u00f3n patrimonial.<\/p>\n<p>Quienes postulen deber\u00e1n demostrar experiencia en el \u00e1mbito de la capacitaci\u00f3n y formaci\u00f3n, y adem\u00e1s se solicitar\u00e1 una metodolog\u00eda de transferencia de informaci\u00f3n en la materia, como tambi\u00e9n la gesti\u00f3n de las actividades propuestas.<\/p>\n<p>Para mayor detalle e informaci\u00f3n con respecto a esta convocatoria, descarga de <a href=\"http:\/\/www.valparaisocreativo.cl\/wp-content\/uploads\/2018\/09\/TDR_Actividades-Profesionalizacion-para-Desarrollo-de-Proyectos-en-Zonas-Patrimoniales.pdf\">BASES AQU\u00cd<\/a><\/p>\n<p><strong>El env\u00edo de documento se debe realizar hasta el viernes 14 de septiembre al correo&nbsp;contratosvc@gmail.com<\/strong><\/p>\n<p>&nbsp;<\/p>\n","protected":false},"excerpt":{"rendered":"<p>El llamado es principalmente a arquitectos, constructores,&nbsp;y tambi\u00e9n aquellos profesionales a cargo de supervisar proyectos del \u00e1mbito, quienes deber\u00e1n enviar una cotizaci\u00f3n por la implementaci\u00f3n de actividades que permitan fortalecer &nbsp;los conocimientos y herramientas de profesionales para el desarrollo de proyectos en zonas patrimoniales. &nbsp; Hasta el jueves 20&nbsp;de septiembre se recibir\u00e1n cotizaciones para el [&hellip;]<\/p>\n","protected":false},"author":8,"featured_media":9255,"comment_status":"open","ping_status":"closed","sticky":false,"template":"","format":"standard","meta":{"_acf_changed":false,"footnotes":""},"categories":[12,8],"tags":[],"class_list":["post-9253","post","type-post","status-publish","format-standard","has-post-thumbnail","hentry","category-concurso","category-noticia"],"acf":[],"yoast_head":"<!-- This site is optimized with the Yoast SEO plugin v27.1.1 - https:\/\/yoast.com\/product\/yoast-seo-wordpress\/ -->\n<title>Se abre convocatoria para la realizaci\u00f3n de actividades de capacitaci\u00f3n en el \u00e1rea de patrimonio urbano - Valpara\u00ed\u00adso Creativo<\/title>\n<meta name=\"robots\" content=\"index, follow, max-snippet:-1, max-image-preview:large, max-video-preview:-1\" \/>\n<link rel=\"canonical\" href=\"https:\/\/dev.antudigital.cl\/sites\/vc\/se-abre-convocatoria-para-la-realizacion-de-actividades-de-capacitacion-en-el-area-de-patrimonio-urbano\/\" \/>\n<meta property=\"og:locale\" content=\"es_ES\" \/>\n<meta property=\"og:type\" content=\"article\" \/>\n<meta property=\"og:title\" content=\"Se abre convocatoria para la realizaci\u00f3n de actividades de capacitaci\u00f3n en el \u00e1rea de patrimonio urbano - Valpara\u00ed\u00adso Creativo\" \/>\n<meta property=\"og:description\" content=\"El llamado es principalmente a arquitectos, constructores,&nbsp;y tambi\u00e9n aquellos profesionales a cargo de supervisar proyectos del \u00e1mbito, quienes deber\u00e1n enviar una cotizaci\u00f3n por la implementaci\u00f3n de actividades que permitan fortalecer &nbsp;los conocimientos y herramientas de profesionales para el desarrollo de proyectos en zonas patrimoniales. &nbsp; Hasta el jueves 20&nbsp;de septiembre se recibir\u00e1n cotizaciones para el [&hellip;]\" \/>\n<meta property=\"og:url\" content=\"https:\/\/dev.antudigital.cl\/sites\/vc\/se-abre-convocatoria-para-la-realizacion-de-actividades-de-capacitacion-en-el-area-de-patrimonio-urbano\/\" \/>\n<meta property=\"og:site_name\" content=\"Valpara\u00ed\u00adso Creativo\" \/>\n<meta property=\"article:published_time\" content=\"2018-09-10T13:23:27+00:00\" \/>\n<meta property=\"article:modified_time\" content=\"2021-12-27T04:34:43+00:00\" \/>\n<meta property=\"og:image\" content=\"https:\/\/dev.antudigital.cl\/sites\/vc\/wp-content\/uploads\/2018\/09\/NCR9310-1-scaled.jpg\" \/>\n\t<meta property=\"og:image:width\" content=\"2560\" \/>\n\t<meta property=\"og:image:height\" content=\"1707\" \/>\n\t<meta property=\"og:image:type\" content=\"image\/jpeg\" \/>\n<meta name=\"twitter:card\" content=\"summary_large_image\" \/>\n<meta name=\"twitter:label1\" content=\"Escrito por\" \/>\n\t<meta name=\"twitter:data1\" content=\"\" \/>\n\t<meta name=\"twitter:label2\" content=\"Tiempo de lectura\" \/>\n\t<meta name=\"twitter:data2\" content=\"1 minuto\" \/>\n<script type=\"application\/ld+json\" class=\"yoast-schema-graph\">{\"@context\":\"https:\/\/schema.org\",\"@graph\":[{\"@type\":\"Article\",\"@id\":\"https:\/\/dev.antudigital.cl\/sites\/vc\/se-abre-convocatoria-para-la-realizacion-de-actividades-de-capacitacion-en-el-area-de-patrimonio-urbano\/#article\",\"isPartOf\":{\"@id\":\"https:\/\/dev.antudigital.cl\/sites\/vc\/se-abre-convocatoria-para-la-realizacion-de-actividades-de-capacitacion-en-el-area-de-patrimonio-urbano\/\"},\"author\":{\"name\":\"\",\"@id\":\"\"},\"headline\":\"Se abre convocatoria para la realizaci\u00f3n de actividades de capacitaci\u00f3n en el \u00e1rea de patrimonio urbano\",\"datePublished\":\"2018-09-10T13:23:27+00:00\",\"dateModified\":\"2021-12-27T04:34:43+00:00\",\"mainEntityOfPage\":{\"@id\":\"https:\/\/dev.antudigital.cl\/sites\/vc\/se-abre-convocatoria-para-la-realizacion-de-actividades-de-capacitacion-en-el-area-de-patrimonio-urbano\/\"},\"wordCount\":222,\"commentCount\":0,\"image\":{\"@id\":\"https:\/\/dev.antudigital.cl\/sites\/vc\/se-abre-convocatoria-para-la-realizacion-de-actividades-de-capacitacion-en-el-area-de-patrimonio-urbano\/#primaryimage\"},\"thumbnailUrl\":\"https:\/\/dev.antudigital.cl\/sites\/vc\/wp-content\/uploads\/2018\/09\/NCR9310-1-scaled.jpg\",\"articleSection\":[\"CONCURSO\",\"Noticia\"],\"inLanguage\":\"es\",\"potentialAction\":[{\"@type\":\"CommentAction\",\"name\":\"Comment\",\"target\":[\"https:\/\/dev.antudigital.cl\/sites\/vc\/se-abre-convocatoria-para-la-realizacion-de-actividades-de-capacitacion-en-el-area-de-patrimonio-urbano\/#respond\"]}]},{\"@type\":\"WebPage\",\"@id\":\"https:\/\/dev.antudigital.cl\/sites\/vc\/se-abre-convocatoria-para-la-realizacion-de-actividades-de-capacitacion-en-el-area-de-patrimonio-urbano\/\",\"url\":\"https:\/\/dev.antudigital.cl\/sites\/vc\/se-abre-convocatoria-para-la-realizacion-de-actividades-de-capacitacion-en-el-area-de-patrimonio-urbano\/\",\"name\":\"Se abre convocatoria para la realizaci\u00f3n de actividades de capacitaci\u00f3n en el \u00e1rea de patrimonio urbano - Valpara\u00ed\u00adso Creativo\",\"isPartOf\":{\"@id\":\"https:\/\/dev.antudigital.cl\/sites\/vc\/#website\"},\"primaryImageOfPage\":{\"@id\":\"https:\/\/dev.antudigital.cl\/sites\/vc\/se-abre-convocatoria-para-la-realizacion-de-actividades-de-capacitacion-en-el-area-de-patrimonio-urbano\/#primaryimage\"},\"image\":{\"@id\":\"https:\/\/dev.antudigital.cl\/sites\/vc\/se-abre-convocatoria-para-la-realizacion-de-actividades-de-capacitacion-en-el-area-de-patrimonio-urbano\/#primaryimage\"},\"thumbnailUrl\":\"https:\/\/dev.antudigital.cl\/sites\/vc\/wp-content\/uploads\/2018\/09\/NCR9310-1-scaled.jpg\",\"datePublished\":\"2018-09-10T13:23:27+00:00\",\"dateModified\":\"2021-12-27T04:34:43+00:00\",\"author\":{\"@id\":\"\"},\"breadcrumb\":{\"@id\":\"https:\/\/dev.antudigital.cl\/sites\/vc\/se-abre-convocatoria-para-la-realizacion-de-actividades-de-capacitacion-en-el-area-de-patrimonio-urbano\/#breadcrumb\"},\"inLanguage\":\"es\",\"potentialAction\":[{\"@type\":\"ReadAction\",\"target\":[\"https:\/\/dev.antudigital.cl\/sites\/vc\/se-abre-convocatoria-para-la-realizacion-de-actividades-de-capacitacion-en-el-area-de-patrimonio-urbano\/\"]}]},{\"@type\":\"ImageObject\",\"inLanguage\":\"es\",\"@id\":\"https:\/\/dev.antudigital.cl\/sites\/vc\/se-abre-convocatoria-para-la-realizacion-de-actividades-de-capacitacion-en-el-area-de-patrimonio-urbano\/#primaryimage\",\"url\":\"https:\/\/dev.antudigital.cl\/sites\/vc\/wp-content\/uploads\/2018\/09\/NCR9310-1-scaled.jpg\",\"contentUrl\":\"https:\/\/dev.antudigital.cl\/sites\/vc\/wp-content\/uploads\/2018\/09\/NCR9310-1-scaled.jpg\",\"width\":2560,\"height\":1707},{\"@type\":\"BreadcrumbList\",\"@id\":\"https:\/\/dev.antudigital.cl\/sites\/vc\/se-abre-convocatoria-para-la-realizacion-de-actividades-de-capacitacion-en-el-area-de-patrimonio-urbano\/#breadcrumb\",\"itemListElement\":[{\"@type\":\"ListItem\",\"position\":1,\"name\":\"Home\",\"item\":\"https:\/\/dev.antudigital.cl\/sites\/vc\/\"},{\"@type\":\"ListItem\",\"position\":2,\"name\":\"Se abre convocatoria para la realizaci\u00f3n de actividades de capacitaci\u00f3n en el \u00e1rea de patrimonio urbano\"}]},{\"@type\":\"WebSite\",\"@id\":\"https:\/\/dev.antudigital.cl\/sites\/vc\/#website\",\"url\":\"https:\/\/dev.antudigital.cl\/sites\/vc\/\",\"name\":\"Valpara\u00ed\u00adso Creativo\",\"description\":\"\",\"potentialAction\":[{\"@type\":\"SearchAction\",\"target\":{\"@type\":\"EntryPoint\",\"urlTemplate\":\"https:\/\/dev.antudigital.cl\/sites\/vc\/?s={search_term_string}\"},\"query-input\":{\"@type\":\"PropertyValueSpecification\",\"valueRequired\":true,\"valueName\":\"search_term_string\"}}],\"inLanguage\":\"es\"},{\"@type\":\"Person\",\"@id\":\"\",\"url\":\"https:\/\/dev.antudigital.cl\/sites\/vc\/author\/\"}]}<\/script>\n<!-- \/ Yoast SEO plugin. -->","yoast_head_json":{"title":"Se abre convocatoria para la realizaci\u00f3n de actividades de capacitaci\u00f3n en el \u00e1rea de patrimonio urbano - Valpara\u00ed\u00adso Creativo","robots":{"index":"index","follow":"follow","max-snippet":"max-snippet:-1","max-image-preview":"max-image-preview:large","max-video-preview":"max-video-preview:-1"},"canonical":"https:\/\/dev.antudigital.cl\/sites\/vc\/se-abre-convocatoria-para-la-realizacion-de-actividades-de-capacitacion-en-el-area-de-patrimonio-urbano\/","og_locale":"es_ES","og_type":"article","og_title":"Se abre convocatoria para la realizaci\u00f3n de actividades de capacitaci\u00f3n en el \u00e1rea de patrimonio urbano - Valpara\u00ed\u00adso Creativo","og_description":"El llamado es principalmente a arquitectos, constructores,&nbsp;y tambi\u00e9n aquellos profesionales a cargo de supervisar proyectos del \u00e1mbito, quienes deber\u00e1n enviar una cotizaci\u00f3n por la implementaci\u00f3n de actividades que permitan fortalecer &nbsp;los conocimientos y herramientas de profesionales para el desarrollo de proyectos en zonas patrimoniales. &nbsp; Hasta el jueves 20&nbsp;de septiembre se recibir\u00e1n cotizaciones para el [&hellip;]","og_url":"https:\/\/dev.antudigital.cl\/sites\/vc\/se-abre-convocatoria-para-la-realizacion-de-actividades-de-capacitacion-en-el-area-de-patrimonio-urbano\/","og_site_name":"Valpara\u00ed\u00adso Creativo","article_published_time":"2018-09-10T13:23:27+00:00","article_modified_time":"2021-12-27T04:34:43+00:00","og_image":[{"width":2560,"height":1707,"url":"https:\/\/dev.antudigital.cl\/sites\/vc\/wp-content\/uploads\/2018\/09\/NCR9310-1-scaled.jpg","type":"image\/jpeg"}],"twitter_card":"summary_large_image","twitter_misc":{"Escrito por":"","Tiempo de lectura":"1 minuto"},"schema":{"@context":"https:\/\/schema.org","@graph":[{"@type":"Article","@id":"https:\/\/dev.antudigital.cl\/sites\/vc\/se-abre-convocatoria-para-la-realizacion-de-actividades-de-capacitacion-en-el-area-de-patrimonio-urbano\/#article","isPartOf":{"@id":"https:\/\/dev.antudigital.cl\/sites\/vc\/se-abre-convocatoria-para-la-realizacion-de-actividades-de-capacitacion-en-el-area-de-patrimonio-urbano\/"},"author":{"name":"","@id":""},"headline":"Se abre convocatoria para la realizaci\u00f3n de actividades de capacitaci\u00f3n en el \u00e1rea de patrimonio urbano","datePublished":"2018-09-10T13:23:27+00:00","dateModified":"2021-12-27T04:34:43+00:00","mainEntityOfPage":{"@id":"https:\/\/dev.antudigital.cl\/sites\/vc\/se-abre-convocatoria-para-la-realizacion-de-actividades-de-capacitacion-en-el-area-de-patrimonio-urbano\/"},"wordCount":222,"commentCount":0,"image":{"@id":"https:\/\/dev.antudigital.cl\/sites\/vc\/se-abre-convocatoria-para-la-realizacion-de-actividades-de-capacitacion-en-el-area-de-patrimonio-urbano\/#primaryimage"},"thumbnailUrl":"https:\/\/dev.antudigital.cl\/sites\/vc\/wp-content\/uploads\/2018\/09\/NCR9310-1-scaled.jpg","articleSection":["CONCURSO","Noticia"],"inLanguage":"es","potentialAction":[{"@type":"CommentAction","name":"Comment","target":["https:\/\/dev.antudigital.cl\/sites\/vc\/se-abre-convocatoria-para-la-realizacion-de-actividades-de-capacitacion-en-el-area-de-patrimonio-urbano\/#respond"]}]},{"@type":"WebPage","@id":"https:\/\/dev.antudigital.cl\/sites\/vc\/se-abre-convocatoria-para-la-realizacion-de-actividades-de-capacitacion-en-el-area-de-patrimonio-urbano\/","url":"https:\/\/dev.antudigital.cl\/sites\/vc\/se-abre-convocatoria-para-la-realizacion-de-actividades-de-capacitacion-en-el-area-de-patrimonio-urbano\/","name":"Se abre convocatoria para la realizaci\u00f3n de actividades de capacitaci\u00f3n en el \u00e1rea de patrimonio urbano - Valpara\u00ed\u00adso Creativo","isPartOf":{"@id":"https:\/\/dev.antudigital.cl\/sites\/vc\/#website"},"primaryImageOfPage":{"@id":"https:\/\/dev.antudigital.cl\/sites\/vc\/se-abre-convocatoria-para-la-realizacion-de-actividades-de-capacitacion-en-el-area-de-patrimonio-urbano\/#primaryimage"},"image":{"@id":"https:\/\/dev.antudigital.cl\/sites\/vc\/se-abre-convocatoria-para-la-realizacion-de-actividades-de-capacitacion-en-el-area-de-patrimonio-urbano\/#primaryimage"},"thumbnailUrl":"https:\/\/dev.antudigital.cl\/sites\/vc\/wp-content\/uploads\/2018\/09\/NCR9310-1-scaled.jpg","datePublished":"2018-09-10T13:23:27+00:00","dateModified":"2021-12-27T04:34:43+00:00","author":{"@id":""},"breadcrumb":{"@id":"https:\/\/dev.antudigital.cl\/sites\/vc\/se-abre-convocatoria-para-la-realizacion-de-actividades-de-capacitacion-en-el-area-de-patrimonio-urbano\/#breadcrumb"},"inLanguage":"es","potentialAction":[{"@type":"ReadAction","target":["https:\/\/dev.antudigital.cl\/sites\/vc\/se-abre-convocatoria-para-la-realizacion-de-actividades-de-capacitacion-en-el-area-de-patrimonio-urbano\/"]}]},{"@type":"ImageObject","inLanguage":"es","@id":"https:\/\/dev.antudigital.cl\/sites\/vc\/se-abre-convocatoria-para-la-realizacion-de-actividades-de-capacitacion-en-el-area-de-patrimonio-urbano\/#primaryimage","url":"https:\/\/dev.antudigital.cl\/sites\/vc\/wp-content\/uploads\/2018\/09\/NCR9310-1-scaled.jpg","contentUrl":"https:\/\/dev.antudigital.cl\/sites\/vc\/wp-content\/uploads\/2018\/09\/NCR9310-1-scaled.jpg","width":2560,"height":1707},{"@type":"BreadcrumbList","@id":"https:\/\/dev.antudigital.cl\/sites\/vc\/se-abre-convocatoria-para-la-realizacion-de-actividades-de-capacitacion-en-el-area-de-patrimonio-urbano\/#breadcrumb","itemListElement":[{"@type":"ListItem","position":1,"name":"Home","item":"https:\/\/dev.antudigital.cl\/sites\/vc\/"},{"@type":"ListItem","position":2,"name":"Se abre convocatoria para la realizaci\u00f3n de actividades de capacitaci\u00f3n en el \u00e1rea de patrimonio urbano"}]},{"@type":"WebSite","@id":"https:\/\/dev.antudigital.cl\/sites\/vc\/#website","url":"https:\/\/dev.antudigital.cl\/sites\/vc\/","name":"Valpara\u00ed\u00adso Creativo","description":"","potentialAction":[{"@type":"SearchAction","target":{"@type":"EntryPoint","urlTemplate":"https:\/\/dev.antudigital.cl\/sites\/vc\/?s={search_term_string}"},"query-input":{"@type":"PropertyValueSpecification","valueRequired":true,"valueName":"search_term_string"}}],"inLanguage":"es"},{"@type":"Person","@id":"","url":"https:\/\/dev.antudigital.cl\/sites\/vc\/author\/"}]}},"_links":{"self":[{"href":"https:\/\/dev.antudigital.cl\/sites\/vc\/wp-json\/wp\/v2\/posts\/9253","targetHints":{"allow":["GET"]}}],"collection":[{"href":"https:\/\/dev.antudigital.cl\/sites\/vc\/wp-json\/wp\/v2\/posts"}],"about":[{"href":"https:\/\/dev.antudigital.cl\/sites\/vc\/wp-json\/wp\/v2\/types\/post"}],"author":[{"embeddable":true,"href":"https:\/\/dev.antudigital.cl\/sites\/vc\/wp-json\/wp\/v2\/users\/8"}],"replies":[{"embeddable":true,"href":"https:\/\/dev.antudigital.cl\/sites\/vc\/wp-json\/wp\/v2\/comments?post=9253"}],"version-history":[{"count":1,"href":"https:\/\/dev.antudigital.cl\/sites\/vc\/wp-json\/wp\/v2\/posts\/9253\/revisions"}],"predecessor-version":[{"id":9256,"href":"https:\/\/dev.antudigital.cl\/sites\/vc\/wp-json\/wp\/v2\/posts\/9253\/revisions\/9256"}],"wp:featuredmedia":[{"embeddable":true,"href":"https:\/\/dev.antudigital.cl\/sites\/vc\/wp-json\/wp\/v2\/media\/9255"}],"wp:attachment":[{"href":"https:\/\/dev.antudigital.cl\/sites\/vc\/wp-json\/wp\/v2\/media?parent=9253"}],"wp:term":[{"taxonomy":"category","embeddable":true,"href":"https:\/\/dev.antudigital.cl\/sites\/vc\/wp-json\/wp\/v2\/categories?post=9253"},{"taxonomy":"post_tag","embeddable":true,"href":"https:\/\/dev.antudigital.cl\/sites\/vc\/wp-json\/wp\/v2\/tags?post=9253"}],"curies":[{"name":"wp","href":"https:\/\/api.w.org\/{rel}","templated":true}]}}