{"id":9257,"date":"2018-08-31T15:56:02","date_gmt":"2018-08-31T15:56:02","guid":{"rendered":"http:\/\/www.valparaisocreativo.cl\/?p=2446"},"modified":"2018-08-31T15:56:02","modified_gmt":"2018-08-31T15:56:02","slug":"concurso-busca-recopilar-fotografias-de-las-escena-musical-de-valparaiso","status":"publish","type":"post","link":"https:\/\/dev.antudigital.cl\/sites\/vc\/concurso-busca-recopilar-fotografias-de-las-escena-musical-de-valparaiso\/","title":{"rendered":"Concurso busca recopilar fotograf\u00edas de la escena musical de Valpara\u00edso"},"content":{"rendered":"<ul>\n<li style=\"text-align: left;\">La invitaci\u00f3n para participar en este concurso es abierta a todas aquellas personas que cuenten o puedan construir un portafolio de <strong>fotograf\u00edas profesionales<\/strong> de la escena musical de Valpara\u00edso. Se recibir\u00e1 material hasta el <strong>domingo 23&nbsp;de septiembre<\/strong>.<\/li>\n<\/ul>\n<p>Salas de ensayo, conciertos, festivales, orquestas, m\u00fasicos callejeros, bares, son s\u00f3lo algunas de las im\u00e1genes que busca recopilar esta campa\u00f1a fotogr\u00e1fica que tiene como objetivo construir un banco fotogr\u00e1fico que representen la diversa escena musical de la ciudad porte\u00f1a, y que den cuenta de la vocaci\u00f3n musical de \u00e9sta misma.<\/p>\n<p>Podr\u00e1n participar fot\u00f3grafos\/as profesionales, agencias de comunicaciones, publicidad, entre otros, y tambi\u00e9n personas naturales, quienes deber\u00e1n construir el portafolio que contenga un m\u00ednimo de 25 im\u00e1genes, las cuales podr\u00edan ser de distintos autores.<\/p>\n<p style=\"text-align: left;\">Se elegir\u00e1 el portafolio que mejor&nbsp; represente la heterogeneidad con la cuenta el sector musical de la ciudad; esta decisi\u00f3n estar\u00e1 a cargo de la Secretar\u00eda Ejecutiva de <strong>Valpara\u00edso, Puerto de M\u00fasica<\/strong> que est\u00e1 compuesto por la Direcci\u00f3n de Cultura de la Ilustre Municipalidad de Valpara\u00edso, el gremio musical IMUVA, el Ministerio de las Culturas, las Artes y el Patrimonio, a trav\u00e9s del programa Escuelas de Rock y M\u00fasica Popular; y el programa Valpara\u00edso Creativo.<\/p>\n<p style=\"text-align: left;\">El plazo del concurso es hasta el <strong>domingo 23 de septiembre<\/strong><\/p>\n<p style=\"text-align: left;\"><a href=\"http:\/\/www.valparaisocreativo.cl\/wp-content\/uploads\/2018\/08\/Bases-de-campan\u0303a-fotogra\u0301fica-1.pdf\" target=\"_blank\" rel=\"noopener noreferrer\">DESCARGA BASES<\/a><\/p>\n<p>&nbsp;<\/p>\n","protected":false},"excerpt":{"rendered":"<p>La invitaci\u00f3n para participar en este concurso es abierta a todas aquellas personas que cuenten o puedan construir un portafolio de fotograf\u00edas profesionales de la escena musical de Valpara\u00edso. Se recibir\u00e1 material hasta el domingo 23&nbsp;de septiembre. Salas de ensayo, conciertos, festivales, orquestas, m\u00fasicos callejeros, bares, son s\u00f3lo algunas de las im\u00e1genes que busca recopilar [&hellip;]<\/p>\n","protected":false},"author":8,"featured_media":9258,"comment_status":"open","ping_status":"closed","sticky":false,"template":"","format":"standard","meta":{"_acf_changed":false,"footnotes":""},"categories":[12,8],"tags":[],"class_list":["post-9257","post","type-post","status-publish","format-standard","has-post-thumbnail","hentry","category-concurso","category-noticia"],"acf":[],"yoast_head":"<!-- This site is optimized with the Yoast SEO plugin v27.1.1 - https:\/\/yoast.com\/product\/yoast-seo-wordpress\/ -->\n<title>Concurso busca recopilar fotograf\u00edas de la escena musical de Valpara\u00edso - Valpara\u00ed\u00adso Creativo<\/title>\n<meta name=\"robots\" content=\"index, follow, max-snippet:-1, max-image-preview:large, max-video-preview:-1\" \/>\n<link rel=\"canonical\" href=\"https:\/\/dev.antudigital.cl\/sites\/vc\/concurso-busca-recopilar-fotografias-de-las-escena-musical-de-valparaiso\/\" \/>\n<meta property=\"og:locale\" content=\"es_ES\" \/>\n<meta property=\"og:type\" content=\"article\" \/>\n<meta property=\"og:title\" content=\"Concurso busca recopilar fotograf\u00edas de la escena musical de Valpara\u00edso - Valpara\u00ed\u00adso Creativo\" \/>\n<meta property=\"og:description\" content=\"La invitaci\u00f3n para participar en este concurso es abierta a todas aquellas personas que cuenten o puedan construir un portafolio de fotograf\u00edas profesionales de la escena musical de Valpara\u00edso. Se recibir\u00e1 material hasta el domingo 23&nbsp;de septiembre. Salas de ensayo, conciertos, festivales, orquestas, m\u00fasicos callejeros, bares, son s\u00f3lo algunas de las im\u00e1genes que busca recopilar [&hellip;]\" \/>\n<meta property=\"og:url\" content=\"https:\/\/dev.antudigital.cl\/sites\/vc\/concurso-busca-recopilar-fotografias-de-las-escena-musical-de-valparaiso\/\" \/>\n<meta property=\"og:site_name\" content=\"Valpara\u00ed\u00adso Creativo\" \/>\n<meta property=\"article:published_time\" content=\"2018-08-31T15:56:02+00:00\" \/>\n<meta property=\"og:image\" content=\"https:\/\/dev.antudigital.cl\/sites\/vc\/wp-content\/uploads\/2018\/08\/MoraLucay.jpeg\" \/>\n\t<meta property=\"og:image:width\" content=\"853\" \/>\n\t<meta property=\"og:image:height\" content=\"1280\" \/>\n\t<meta property=\"og:image:type\" content=\"image\/jpeg\" \/>\n<meta name=\"twitter:card\" content=\"summary_large_image\" \/>\n<meta name=\"twitter:label1\" content=\"Escrito por\" \/>\n\t<meta name=\"twitter:data1\" content=\"\" \/>\n\t<meta name=\"twitter:label2\" content=\"Tiempo de lectura\" \/>\n\t<meta name=\"twitter:data2\" content=\"1 minuto\" \/>\n<script type=\"application\/ld+json\" class=\"yoast-schema-graph\">{\"@context\":\"https:\/\/schema.org\",\"@graph\":[{\"@type\":\"Article\",\"@id\":\"https:\/\/dev.antudigital.cl\/sites\/vc\/concurso-busca-recopilar-fotografias-de-las-escena-musical-de-valparaiso\/#article\",\"isPartOf\":{\"@id\":\"https:\/\/dev.antudigital.cl\/sites\/vc\/concurso-busca-recopilar-fotografias-de-las-escena-musical-de-valparaiso\/\"},\"author\":{\"name\":\"\",\"@id\":\"\"},\"headline\":\"Concurso busca recopilar fotograf\u00edas de la escena musical de Valpara\u00edso\",\"datePublished\":\"2018-08-31T15:56:02+00:00\",\"mainEntityOfPage\":{\"@id\":\"https:\/\/dev.antudigital.cl\/sites\/vc\/concurso-busca-recopilar-fotografias-de-las-escena-musical-de-valparaiso\/\"},\"wordCount\":249,\"commentCount\":0,\"image\":{\"@id\":\"https:\/\/dev.antudigital.cl\/sites\/vc\/concurso-busca-recopilar-fotografias-de-las-escena-musical-de-valparaiso\/#primaryimage\"},\"thumbnailUrl\":\"https:\/\/dev.antudigital.cl\/sites\/vc\/wp-content\/uploads\/2018\/08\/MoraLucay.jpeg\",\"articleSection\":[\"CONCURSO\",\"Noticia\"],\"inLanguage\":\"es\",\"potentialAction\":[{\"@type\":\"CommentAction\",\"name\":\"Comment\",\"target\":[\"https:\/\/dev.antudigital.cl\/sites\/vc\/concurso-busca-recopilar-fotografias-de-las-escena-musical-de-valparaiso\/#respond\"]}]},{\"@type\":\"WebPage\",\"@id\":\"https:\/\/dev.antudigital.cl\/sites\/vc\/concurso-busca-recopilar-fotografias-de-las-escena-musical-de-valparaiso\/\",\"url\":\"https:\/\/dev.antudigital.cl\/sites\/vc\/concurso-busca-recopilar-fotografias-de-las-escena-musical-de-valparaiso\/\",\"name\":\"Concurso busca recopilar fotograf\u00edas de la escena musical de Valpara\u00edso - Valpara\u00ed\u00adso Creativo\",\"isPartOf\":{\"@id\":\"https:\/\/dev.antudigital.cl\/sites\/vc\/#website\"},\"primaryImageOfPage\":{\"@id\":\"https:\/\/dev.antudigital.cl\/sites\/vc\/concurso-busca-recopilar-fotografias-de-las-escena-musical-de-valparaiso\/#primaryimage\"},\"image\":{\"@id\":\"https:\/\/dev.antudigital.cl\/sites\/vc\/concurso-busca-recopilar-fotografias-de-las-escena-musical-de-valparaiso\/#primaryimage\"},\"thumbnailUrl\":\"https:\/\/dev.antudigital.cl\/sites\/vc\/wp-content\/uploads\/2018\/08\/MoraLucay.jpeg\",\"datePublished\":\"2018-08-31T15:56:02+00:00\",\"author\":{\"@id\":\"\"},\"breadcrumb\":{\"@id\":\"https:\/\/dev.antudigital.cl\/sites\/vc\/concurso-busca-recopilar-fotografias-de-las-escena-musical-de-valparaiso\/#breadcrumb\"},\"inLanguage\":\"es\",\"potentialAction\":[{\"@type\":\"ReadAction\",\"target\":[\"https:\/\/dev.antudigital.cl\/sites\/vc\/concurso-busca-recopilar-fotografias-de-las-escena-musical-de-valparaiso\/\"]}]},{\"@type\":\"ImageObject\",\"inLanguage\":\"es\",\"@id\":\"https:\/\/dev.antudigital.cl\/sites\/vc\/concurso-busca-recopilar-fotografias-de-las-escena-musical-de-valparaiso\/#primaryimage\",\"url\":\"https:\/\/dev.antudigital.cl\/sites\/vc\/wp-content\/uploads\/2018\/08\/MoraLucay.jpeg\",\"contentUrl\":\"https:\/\/dev.antudigital.cl\/sites\/vc\/wp-content\/uploads\/2018\/08\/MoraLucay.jpeg\",\"width\":853,\"height\":1280},{\"@type\":\"BreadcrumbList\",\"@id\":\"https:\/\/dev.antudigital.cl\/sites\/vc\/concurso-busca-recopilar-fotografias-de-las-escena-musical-de-valparaiso\/#breadcrumb\",\"itemListElement\":[{\"@type\":\"ListItem\",\"position\":1,\"name\":\"Home\",\"item\":\"https:\/\/dev.antudigital.cl\/sites\/vc\/\"},{\"@type\":\"ListItem\",\"position\":2,\"name\":\"Concurso busca recopilar fotograf\u00edas de la escena musical de Valpara\u00edso\"}]},{\"@type\":\"WebSite\",\"@id\":\"https:\/\/dev.antudigital.cl\/sites\/vc\/#website\",\"url\":\"https:\/\/dev.antudigital.cl\/sites\/vc\/\",\"name\":\"Valpara\u00ed\u00adso Creativo\",\"description\":\"\",\"potentialAction\":[{\"@type\":\"SearchAction\",\"target\":{\"@type\":\"EntryPoint\",\"urlTemplate\":\"https:\/\/dev.antudigital.cl\/sites\/vc\/?s={search_term_string}\"},\"query-input\":{\"@type\":\"PropertyValueSpecification\",\"valueRequired\":true,\"valueName\":\"search_term_string\"}}],\"inLanguage\":\"es\"},{\"@type\":\"Person\",\"@id\":\"\",\"url\":\"https:\/\/dev.antudigital.cl\/sites\/vc\/author\/\"}]}<\/script>\n<!-- \/ Yoast SEO plugin. -->","yoast_head_json":{"title":"Concurso busca recopilar fotograf\u00edas de la escena musical de Valpara\u00edso - Valpara\u00ed\u00adso Creativo","robots":{"index":"index","follow":"follow","max-snippet":"max-snippet:-1","max-image-preview":"max-image-preview:large","max-video-preview":"max-video-preview:-1"},"canonical":"https:\/\/dev.antudigital.cl\/sites\/vc\/concurso-busca-recopilar-fotografias-de-las-escena-musical-de-valparaiso\/","og_locale":"es_ES","og_type":"article","og_title":"Concurso busca recopilar fotograf\u00edas de la escena musical de Valpara\u00edso - Valpara\u00ed\u00adso Creativo","og_description":"La invitaci\u00f3n para participar en este concurso es abierta a todas aquellas personas que cuenten o puedan construir un portafolio de fotograf\u00edas profesionales de la escena musical de Valpara\u00edso. Se recibir\u00e1 material hasta el domingo 23&nbsp;de septiembre. Salas de ensayo, conciertos, festivales, orquestas, m\u00fasicos callejeros, bares, son s\u00f3lo algunas de las im\u00e1genes que busca recopilar [&hellip;]","og_url":"https:\/\/dev.antudigital.cl\/sites\/vc\/concurso-busca-recopilar-fotografias-de-las-escena-musical-de-valparaiso\/","og_site_name":"Valpara\u00ed\u00adso Creativo","article_published_time":"2018-08-31T15:56:02+00:00","og_image":[{"width":853,"height":1280,"url":"https:\/\/dev.antudigital.cl\/sites\/vc\/wp-content\/uploads\/2018\/08\/MoraLucay.jpeg","type":"image\/jpeg"}],"twitter_card":"summary_large_image","twitter_misc":{"Escrito por":"","Tiempo de lectura":"1 minuto"},"schema":{"@context":"https:\/\/schema.org","@graph":[{"@type":"Article","@id":"https:\/\/dev.antudigital.cl\/sites\/vc\/concurso-busca-recopilar-fotografias-de-las-escena-musical-de-valparaiso\/#article","isPartOf":{"@id":"https:\/\/dev.antudigital.cl\/sites\/vc\/concurso-busca-recopilar-fotografias-de-las-escena-musical-de-valparaiso\/"},"author":{"name":"","@id":""},"headline":"Concurso busca recopilar fotograf\u00edas de la escena musical de Valpara\u00edso","datePublished":"2018-08-31T15:56:02+00:00","mainEntityOfPage":{"@id":"https:\/\/dev.antudigital.cl\/sites\/vc\/concurso-busca-recopilar-fotografias-de-las-escena-musical-de-valparaiso\/"},"wordCount":249,"commentCount":0,"image":{"@id":"https:\/\/dev.antudigital.cl\/sites\/vc\/concurso-busca-recopilar-fotografias-de-las-escena-musical-de-valparaiso\/#primaryimage"},"thumbnailUrl":"https:\/\/dev.antudigital.cl\/sites\/vc\/wp-content\/uploads\/2018\/08\/MoraLucay.jpeg","articleSection":["CONCURSO","Noticia"],"inLanguage":"es","potentialAction":[{"@type":"CommentAction","name":"Comment","target":["https:\/\/dev.antudigital.cl\/sites\/vc\/concurso-busca-recopilar-fotografias-de-las-escena-musical-de-valparaiso\/#respond"]}]},{"@type":"WebPage","@id":"https:\/\/dev.antudigital.cl\/sites\/vc\/concurso-busca-recopilar-fotografias-de-las-escena-musical-de-valparaiso\/","url":"https:\/\/dev.antudigital.cl\/sites\/vc\/concurso-busca-recopilar-fotografias-de-las-escena-musical-de-valparaiso\/","name":"Concurso busca recopilar fotograf\u00edas de la escena musical de Valpara\u00edso - Valpara\u00ed\u00adso Creativo","isPartOf":{"@id":"https:\/\/dev.antudigital.cl\/sites\/vc\/#website"},"primaryImageOfPage":{"@id":"https:\/\/dev.antudigital.cl\/sites\/vc\/concurso-busca-recopilar-fotografias-de-las-escena-musical-de-valparaiso\/#primaryimage"},"image":{"@id":"https:\/\/dev.antudigital.cl\/sites\/vc\/concurso-busca-recopilar-fotografias-de-las-escena-musical-de-valparaiso\/#primaryimage"},"thumbnailUrl":"https:\/\/dev.antudigital.cl\/sites\/vc\/wp-content\/uploads\/2018\/08\/MoraLucay.jpeg","datePublished":"2018-08-31T15:56:02+00:00","author":{"@id":""},"breadcrumb":{"@id":"https:\/\/dev.antudigital.cl\/sites\/vc\/concurso-busca-recopilar-fotografias-de-las-escena-musical-de-valparaiso\/#breadcrumb"},"inLanguage":"es","potentialAction":[{"@type":"ReadAction","target":["https:\/\/dev.antudigital.cl\/sites\/vc\/concurso-busca-recopilar-fotografias-de-las-escena-musical-de-valparaiso\/"]}]},{"@type":"ImageObject","inLanguage":"es","@id":"https:\/\/dev.antudigital.cl\/sites\/vc\/concurso-busca-recopilar-fotografias-de-las-escena-musical-de-valparaiso\/#primaryimage","url":"https:\/\/dev.antudigital.cl\/sites\/vc\/wp-content\/uploads\/2018\/08\/MoraLucay.jpeg","contentUrl":"https:\/\/dev.antudigital.cl\/sites\/vc\/wp-content\/uploads\/2018\/08\/MoraLucay.jpeg","width":853,"height":1280},{"@type":"BreadcrumbList","@id":"https:\/\/dev.antudigital.cl\/sites\/vc\/concurso-busca-recopilar-fotografias-de-las-escena-musical-de-valparaiso\/#breadcrumb","itemListElement":[{"@type":"ListItem","position":1,"name":"Home","item":"https:\/\/dev.antudigital.cl\/sites\/vc\/"},{"@type":"ListItem","position":2,"name":"Concurso busca recopilar fotograf\u00edas de la escena musical de Valpara\u00edso"}]},{"@type":"WebSite","@id":"https:\/\/dev.antudigital.cl\/sites\/vc\/#website","url":"https:\/\/dev.antudigital.cl\/sites\/vc\/","name":"Valpara\u00ed\u00adso Creativo","description":"","potentialAction":[{"@type":"SearchAction","target":{"@type":"EntryPoint","urlTemplate":"https:\/\/dev.antudigital.cl\/sites\/vc\/?s={search_term_string}"},"query-input":{"@type":"PropertyValueSpecification","valueRequired":true,"valueName":"search_term_string"}}],"inLanguage":"es"},{"@type":"Person","@id":"","url":"https:\/\/dev.antudigital.cl\/sites\/vc\/author\/"}]}},"_links":{"self":[{"href":"https:\/\/dev.antudigital.cl\/sites\/vc\/wp-json\/wp\/v2\/posts\/9257","targetHints":{"allow":["GET"]}}],"collection":[{"href":"https:\/\/dev.antudigital.cl\/sites\/vc\/wp-json\/wp\/v2\/posts"}],"about":[{"href":"https:\/\/dev.antudigital.cl\/sites\/vc\/wp-json\/wp\/v2\/types\/post"}],"author":[{"embeddable":true,"href":"https:\/\/dev.antudigital.cl\/sites\/vc\/wp-json\/wp\/v2\/users\/8"}],"replies":[{"embeddable":true,"href":"https:\/\/dev.antudigital.cl\/sites\/vc\/wp-json\/wp\/v2\/comments?post=9257"}],"version-history":[{"count":0,"href":"https:\/\/dev.antudigital.cl\/sites\/vc\/wp-json\/wp\/v2\/posts\/9257\/revisions"}],"wp:featuredmedia":[{"embeddable":true,"href":"https:\/\/dev.antudigital.cl\/sites\/vc\/wp-json\/wp\/v2\/media\/9258"}],"wp:attachment":[{"href":"https:\/\/dev.antudigital.cl\/sites\/vc\/wp-json\/wp\/v2\/media?parent=9257"}],"wp:term":[{"taxonomy":"category","embeddable":true,"href":"https:\/\/dev.antudigital.cl\/sites\/vc\/wp-json\/wp\/v2\/categories?post=9257"},{"taxonomy":"post_tag","embeddable":true,"href":"https:\/\/dev.antudigital.cl\/sites\/vc\/wp-json\/wp\/v2\/tags?post=9257"}],"curies":[{"name":"wp","href":"https:\/\/api.w.org\/{rel}","templated":true}]}}