{"id":9259,"date":"2018-08-24T17:03:58","date_gmt":"2018-08-24T17:03:58","guid":{"rendered":"http:\/\/www.valparaisocreativo.cl\/?p=2439"},"modified":"2018-08-24T17:03:58","modified_gmt":"2018-08-24T17:03:58","slug":"convocatoria-de-consultoria-para-diseno-de-proyecto-para-valparaiso-creativo","status":"publish","type":"post","link":"https:\/\/dev.antudigital.cl\/sites\/vc\/convocatoria-de-consultoria-para-diseno-de-proyecto-para-valparaiso-creativo\/","title":{"rendered":"Convocatoria de consultor\u00eda para dise\u00f1o de proyecto para Valpara\u00edso Creativo"},"content":{"rendered":"<p>El programa Valpara\u00edso Creativo abre una convocatoria que invita a consultores, en el \u00e1mbito de la gesti\u00f3n cultural y la industria creativa, a presentar una propuesta junto a una cotizaci\u00f3n, con el fin de formular y&nbsp; dise\u00f1ar&nbsp; un proyecto a desarrollar en el 2019, que se alinee a los ejes de trabajo de la Coportaci\u00f3n y den continuidad a la l\u00ednea de trabajo del Programa Estr\u00e1tegico Valpara\u00edso Creativo. En ese sentido, la finalidad es la generaci\u00f3n de financiamiento externo para ejecuci\u00f3n de diversas iniciativas.<\/p>\n<p>Valpara\u00edso Creativo es una instancia de articulaci\u00f3n p\u00fablico-privada que busca fortalecer la econom\u00eda creativa de Valpara\u00edso, aprovechando su potencial para el desarrollo econ\u00f3mico y social del territorio y la comunidad.<\/p>\n<p>Los ejes de trabajo prioritarios para el programa est\u00e1n dirigidos hacia el Turismo Creativo y Cultural, Servicios Creativos y Patrimonio Urbano.<\/p>\n<p>Los interesados deben <strong>descargar las bases&nbsp;<\/strong> <a href=\"http:\/\/www.valparaisocreativo.cl\/wp-content\/uploads\/2018\/08\/TDR-cotizaciones_-Ley-de-Donaciones-Culturales-VF-1.pdf\">aqu\u00ed<\/a> y enviar&nbsp; su propuesta al correo electr\u00f3nico hola@valparaisocreativo.cl hasta el <strong>30 de agosto de 2018.&nbsp;<\/strong><\/p>\n<p>Consultas se recibir\u00e1n hasta el d\u00eda anterior al mismo correo.<\/p>\n<p>&nbsp;<\/p>\n<p>&nbsp;<\/p>\n<p>&nbsp;<\/p>\n","protected":false},"excerpt":{"rendered":"<p>El programa Valpara\u00edso Creativo abre una convocatoria que invita a consultores, en el \u00e1mbito de la gesti\u00f3n cultural y la industria creativa, a presentar una propuesta junto a una cotizaci\u00f3n, con el fin de formular y&nbsp; dise\u00f1ar&nbsp; un proyecto a desarrollar en el 2019, que se alinee a los ejes de trabajo de la Coportaci\u00f3n [&hellip;]<\/p>\n","protected":false},"author":8,"featured_media":9250,"comment_status":"open","ping_status":"closed","sticky":false,"template":"","format":"standard","meta":{"_acf_changed":false,"footnotes":""},"categories":[8],"tags":[],"class_list":["post-9259","post","type-post","status-publish","format-standard","has-post-thumbnail","hentry","category-noticia"],"acf":[],"yoast_head":"<!-- This site is optimized with the Yoast SEO plugin v27.1.1 - https:\/\/yoast.com\/product\/yoast-seo-wordpress\/ -->\n<title>Convocatoria de consultor\u00eda para dise\u00f1o de proyecto para Valpara\u00edso Creativo - Valpara\u00ed\u00adso Creativo<\/title>\n<meta name=\"robots\" content=\"index, follow, max-snippet:-1, max-image-preview:large, max-video-preview:-1\" \/>\n<link rel=\"canonical\" href=\"https:\/\/dev.antudigital.cl\/sites\/vc\/convocatoria-de-consultoria-para-diseno-de-proyecto-para-valparaiso-creativo\/\" \/>\n<meta property=\"og:locale\" content=\"es_ES\" \/>\n<meta property=\"og:type\" content=\"article\" \/>\n<meta property=\"og:title\" content=\"Convocatoria de consultor\u00eda para dise\u00f1o de proyecto para Valpara\u00edso Creativo - Valpara\u00ed\u00adso Creativo\" \/>\n<meta property=\"og:description\" content=\"El programa Valpara\u00edso Creativo abre una convocatoria que invita a consultores, en el \u00e1mbito de la gesti\u00f3n cultural y la industria creativa, a presentar una propuesta junto a una cotizaci\u00f3n, con el fin de formular y&nbsp; dise\u00f1ar&nbsp; un proyecto a desarrollar en el 2019, que se alinee a los ejes de trabajo de la Coportaci\u00f3n [&hellip;]\" \/>\n<meta property=\"og:url\" content=\"https:\/\/dev.antudigital.cl\/sites\/vc\/convocatoria-de-consultoria-para-diseno-de-proyecto-para-valparaiso-creativo\/\" \/>\n<meta property=\"og:site_name\" content=\"Valpara\u00ed\u00adso Creativo\" \/>\n<meta property=\"article:published_time\" content=\"2018-08-24T17:03:58+00:00\" \/>\n<meta property=\"og:image\" content=\"https:\/\/dev.antudigital.cl\/sites\/vc\/wp-content\/uploads\/2018\/09\/webdesign_med.jpeg\" \/>\n\t<meta property=\"og:image:width\" content=\"1280\" \/>\n\t<meta property=\"og:image:height\" content=\"853\" \/>\n\t<meta property=\"og:image:type\" content=\"image\/jpeg\" \/>\n<meta name=\"twitter:card\" content=\"summary_large_image\" \/>\n<meta name=\"twitter:label1\" content=\"Escrito por\" \/>\n\t<meta name=\"twitter:data1\" content=\"\" \/>\n\t<meta name=\"twitter:label2\" content=\"Tiempo de lectura\" \/>\n\t<meta name=\"twitter:data2\" content=\"1 minuto\" \/>\n<script type=\"application\/ld+json\" class=\"yoast-schema-graph\">{\"@context\":\"https:\/\/schema.org\",\"@graph\":[{\"@type\":\"Article\",\"@id\":\"https:\/\/dev.antudigital.cl\/sites\/vc\/convocatoria-de-consultoria-para-diseno-de-proyecto-para-valparaiso-creativo\/#article\",\"isPartOf\":{\"@id\":\"https:\/\/dev.antudigital.cl\/sites\/vc\/convocatoria-de-consultoria-para-diseno-de-proyecto-para-valparaiso-creativo\/\"},\"author\":{\"name\":\"\",\"@id\":\"\"},\"headline\":\"Convocatoria de consultor\u00eda para dise\u00f1o de proyecto para Valpara\u00edso Creativo\",\"datePublished\":\"2018-08-24T17:03:58+00:00\",\"mainEntityOfPage\":{\"@id\":\"https:\/\/dev.antudigital.cl\/sites\/vc\/convocatoria-de-consultoria-para-diseno-de-proyecto-para-valparaiso-creativo\/\"},\"wordCount\":207,\"commentCount\":0,\"image\":{\"@id\":\"https:\/\/dev.antudigital.cl\/sites\/vc\/convocatoria-de-consultoria-para-diseno-de-proyecto-para-valparaiso-creativo\/#primaryimage\"},\"thumbnailUrl\":\"https:\/\/dev.antudigital.cl\/sites\/vc\/wp-content\/uploads\/2018\/09\/webdesign_med.jpeg\",\"articleSection\":[\"Noticia\"],\"inLanguage\":\"es\",\"potentialAction\":[{\"@type\":\"CommentAction\",\"name\":\"Comment\",\"target\":[\"https:\/\/dev.antudigital.cl\/sites\/vc\/convocatoria-de-consultoria-para-diseno-de-proyecto-para-valparaiso-creativo\/#respond\"]}]},{\"@type\":\"WebPage\",\"@id\":\"https:\/\/dev.antudigital.cl\/sites\/vc\/convocatoria-de-consultoria-para-diseno-de-proyecto-para-valparaiso-creativo\/\",\"url\":\"https:\/\/dev.antudigital.cl\/sites\/vc\/convocatoria-de-consultoria-para-diseno-de-proyecto-para-valparaiso-creativo\/\",\"name\":\"Convocatoria de consultor\u00eda para dise\u00f1o de proyecto para Valpara\u00edso Creativo - Valpara\u00ed\u00adso Creativo\",\"isPartOf\":{\"@id\":\"https:\/\/dev.antudigital.cl\/sites\/vc\/#website\"},\"primaryImageOfPage\":{\"@id\":\"https:\/\/dev.antudigital.cl\/sites\/vc\/convocatoria-de-consultoria-para-diseno-de-proyecto-para-valparaiso-creativo\/#primaryimage\"},\"image\":{\"@id\":\"https:\/\/dev.antudigital.cl\/sites\/vc\/convocatoria-de-consultoria-para-diseno-de-proyecto-para-valparaiso-creativo\/#primaryimage\"},\"thumbnailUrl\":\"https:\/\/dev.antudigital.cl\/sites\/vc\/wp-content\/uploads\/2018\/09\/webdesign_med.jpeg\",\"datePublished\":\"2018-08-24T17:03:58+00:00\",\"author\":{\"@id\":\"\"},\"breadcrumb\":{\"@id\":\"https:\/\/dev.antudigital.cl\/sites\/vc\/convocatoria-de-consultoria-para-diseno-de-proyecto-para-valparaiso-creativo\/#breadcrumb\"},\"inLanguage\":\"es\",\"potentialAction\":[{\"@type\":\"ReadAction\",\"target\":[\"https:\/\/dev.antudigital.cl\/sites\/vc\/convocatoria-de-consultoria-para-diseno-de-proyecto-para-valparaiso-creativo\/\"]}]},{\"@type\":\"ImageObject\",\"inLanguage\":\"es\",\"@id\":\"https:\/\/dev.antudigital.cl\/sites\/vc\/convocatoria-de-consultoria-para-diseno-de-proyecto-para-valparaiso-creativo\/#primaryimage\",\"url\":\"https:\/\/dev.antudigital.cl\/sites\/vc\/wp-content\/uploads\/2018\/09\/webdesign_med.jpeg\",\"contentUrl\":\"https:\/\/dev.antudigital.cl\/sites\/vc\/wp-content\/uploads\/2018\/09\/webdesign_med.jpeg\",\"width\":1280,\"height\":853},{\"@type\":\"BreadcrumbList\",\"@id\":\"https:\/\/dev.antudigital.cl\/sites\/vc\/convocatoria-de-consultoria-para-diseno-de-proyecto-para-valparaiso-creativo\/#breadcrumb\",\"itemListElement\":[{\"@type\":\"ListItem\",\"position\":1,\"name\":\"Home\",\"item\":\"https:\/\/dev.antudigital.cl\/sites\/vc\/\"},{\"@type\":\"ListItem\",\"position\":2,\"name\":\"Convocatoria de consultor\u00eda para dise\u00f1o de proyecto para Valpara\u00edso Creativo\"}]},{\"@type\":\"WebSite\",\"@id\":\"https:\/\/dev.antudigital.cl\/sites\/vc\/#website\",\"url\":\"https:\/\/dev.antudigital.cl\/sites\/vc\/\",\"name\":\"Valpara\u00ed\u00adso Creativo\",\"description\":\"\",\"potentialAction\":[{\"@type\":\"SearchAction\",\"target\":{\"@type\":\"EntryPoint\",\"urlTemplate\":\"https:\/\/dev.antudigital.cl\/sites\/vc\/?s={search_term_string}\"},\"query-input\":{\"@type\":\"PropertyValueSpecification\",\"valueRequired\":true,\"valueName\":\"search_term_string\"}}],\"inLanguage\":\"es\"},{\"@type\":\"Person\",\"@id\":\"\",\"url\":\"https:\/\/dev.antudigital.cl\/sites\/vc\/author\/\"}]}<\/script>\n<!-- \/ Yoast SEO plugin. -->","yoast_head_json":{"title":"Convocatoria de consultor\u00eda para dise\u00f1o de proyecto para Valpara\u00edso Creativo - Valpara\u00ed\u00adso Creativo","robots":{"index":"index","follow":"follow","max-snippet":"max-snippet:-1","max-image-preview":"max-image-preview:large","max-video-preview":"max-video-preview:-1"},"canonical":"https:\/\/dev.antudigital.cl\/sites\/vc\/convocatoria-de-consultoria-para-diseno-de-proyecto-para-valparaiso-creativo\/","og_locale":"es_ES","og_type":"article","og_title":"Convocatoria de consultor\u00eda para dise\u00f1o de proyecto para Valpara\u00edso Creativo - Valpara\u00ed\u00adso Creativo","og_description":"El programa Valpara\u00edso Creativo abre una convocatoria que invita a consultores, en el \u00e1mbito de la gesti\u00f3n cultural y la industria creativa, a presentar una propuesta junto a una cotizaci\u00f3n, con el fin de formular y&nbsp; dise\u00f1ar&nbsp; un proyecto a desarrollar en el 2019, que se alinee a los ejes de trabajo de la Coportaci\u00f3n [&hellip;]","og_url":"https:\/\/dev.antudigital.cl\/sites\/vc\/convocatoria-de-consultoria-para-diseno-de-proyecto-para-valparaiso-creativo\/","og_site_name":"Valpara\u00ed\u00adso Creativo","article_published_time":"2018-08-24T17:03:58+00:00","og_image":[{"width":1280,"height":853,"url":"https:\/\/dev.antudigital.cl\/sites\/vc\/wp-content\/uploads\/2018\/09\/webdesign_med.jpeg","type":"image\/jpeg"}],"twitter_card":"summary_large_image","twitter_misc":{"Escrito por":"","Tiempo de lectura":"1 minuto"},"schema":{"@context":"https:\/\/schema.org","@graph":[{"@type":"Article","@id":"https:\/\/dev.antudigital.cl\/sites\/vc\/convocatoria-de-consultoria-para-diseno-de-proyecto-para-valparaiso-creativo\/#article","isPartOf":{"@id":"https:\/\/dev.antudigital.cl\/sites\/vc\/convocatoria-de-consultoria-para-diseno-de-proyecto-para-valparaiso-creativo\/"},"author":{"name":"","@id":""},"headline":"Convocatoria de consultor\u00eda para dise\u00f1o de proyecto para Valpara\u00edso Creativo","datePublished":"2018-08-24T17:03:58+00:00","mainEntityOfPage":{"@id":"https:\/\/dev.antudigital.cl\/sites\/vc\/convocatoria-de-consultoria-para-diseno-de-proyecto-para-valparaiso-creativo\/"},"wordCount":207,"commentCount":0,"image":{"@id":"https:\/\/dev.antudigital.cl\/sites\/vc\/convocatoria-de-consultoria-para-diseno-de-proyecto-para-valparaiso-creativo\/#primaryimage"},"thumbnailUrl":"https:\/\/dev.antudigital.cl\/sites\/vc\/wp-content\/uploads\/2018\/09\/webdesign_med.jpeg","articleSection":["Noticia"],"inLanguage":"es","potentialAction":[{"@type":"CommentAction","name":"Comment","target":["https:\/\/dev.antudigital.cl\/sites\/vc\/convocatoria-de-consultoria-para-diseno-de-proyecto-para-valparaiso-creativo\/#respond"]}]},{"@type":"WebPage","@id":"https:\/\/dev.antudigital.cl\/sites\/vc\/convocatoria-de-consultoria-para-diseno-de-proyecto-para-valparaiso-creativo\/","url":"https:\/\/dev.antudigital.cl\/sites\/vc\/convocatoria-de-consultoria-para-diseno-de-proyecto-para-valparaiso-creativo\/","name":"Convocatoria de consultor\u00eda para dise\u00f1o de proyecto para Valpara\u00edso Creativo - Valpara\u00ed\u00adso Creativo","isPartOf":{"@id":"https:\/\/dev.antudigital.cl\/sites\/vc\/#website"},"primaryImageOfPage":{"@id":"https:\/\/dev.antudigital.cl\/sites\/vc\/convocatoria-de-consultoria-para-diseno-de-proyecto-para-valparaiso-creativo\/#primaryimage"},"image":{"@id":"https:\/\/dev.antudigital.cl\/sites\/vc\/convocatoria-de-consultoria-para-diseno-de-proyecto-para-valparaiso-creativo\/#primaryimage"},"thumbnailUrl":"https:\/\/dev.antudigital.cl\/sites\/vc\/wp-content\/uploads\/2018\/09\/webdesign_med.jpeg","datePublished":"2018-08-24T17:03:58+00:00","author":{"@id":""},"breadcrumb":{"@id":"https:\/\/dev.antudigital.cl\/sites\/vc\/convocatoria-de-consultoria-para-diseno-de-proyecto-para-valparaiso-creativo\/#breadcrumb"},"inLanguage":"es","potentialAction":[{"@type":"ReadAction","target":["https:\/\/dev.antudigital.cl\/sites\/vc\/convocatoria-de-consultoria-para-diseno-de-proyecto-para-valparaiso-creativo\/"]}]},{"@type":"ImageObject","inLanguage":"es","@id":"https:\/\/dev.antudigital.cl\/sites\/vc\/convocatoria-de-consultoria-para-diseno-de-proyecto-para-valparaiso-creativo\/#primaryimage","url":"https:\/\/dev.antudigital.cl\/sites\/vc\/wp-content\/uploads\/2018\/09\/webdesign_med.jpeg","contentUrl":"https:\/\/dev.antudigital.cl\/sites\/vc\/wp-content\/uploads\/2018\/09\/webdesign_med.jpeg","width":1280,"height":853},{"@type":"BreadcrumbList","@id":"https:\/\/dev.antudigital.cl\/sites\/vc\/convocatoria-de-consultoria-para-diseno-de-proyecto-para-valparaiso-creativo\/#breadcrumb","itemListElement":[{"@type":"ListItem","position":1,"name":"Home","item":"https:\/\/dev.antudigital.cl\/sites\/vc\/"},{"@type":"ListItem","position":2,"name":"Convocatoria de consultor\u00eda para dise\u00f1o de proyecto para Valpara\u00edso Creativo"}]},{"@type":"WebSite","@id":"https:\/\/dev.antudigital.cl\/sites\/vc\/#website","url":"https:\/\/dev.antudigital.cl\/sites\/vc\/","name":"Valpara\u00ed\u00adso Creativo","description":"","potentialAction":[{"@type":"SearchAction","target":{"@type":"EntryPoint","urlTemplate":"https:\/\/dev.antudigital.cl\/sites\/vc\/?s={search_term_string}"},"query-input":{"@type":"PropertyValueSpecification","valueRequired":true,"valueName":"search_term_string"}}],"inLanguage":"es"},{"@type":"Person","@id":"","url":"https:\/\/dev.antudigital.cl\/sites\/vc\/author\/"}]}},"_links":{"self":[{"href":"https:\/\/dev.antudigital.cl\/sites\/vc\/wp-json\/wp\/v2\/posts\/9259","targetHints":{"allow":["GET"]}}],"collection":[{"href":"https:\/\/dev.antudigital.cl\/sites\/vc\/wp-json\/wp\/v2\/posts"}],"about":[{"href":"https:\/\/dev.antudigital.cl\/sites\/vc\/wp-json\/wp\/v2\/types\/post"}],"author":[{"embeddable":true,"href":"https:\/\/dev.antudigital.cl\/sites\/vc\/wp-json\/wp\/v2\/users\/8"}],"replies":[{"embeddable":true,"href":"https:\/\/dev.antudigital.cl\/sites\/vc\/wp-json\/wp\/v2\/comments?post=9259"}],"version-history":[{"count":0,"href":"https:\/\/dev.antudigital.cl\/sites\/vc\/wp-json\/wp\/v2\/posts\/9259\/revisions"}],"wp:featuredmedia":[{"embeddable":true,"href":"https:\/\/dev.antudigital.cl\/sites\/vc\/wp-json\/wp\/v2\/media\/9250"}],"wp:attachment":[{"href":"https:\/\/dev.antudigital.cl\/sites\/vc\/wp-json\/wp\/v2\/media?parent=9259"}],"wp:term":[{"taxonomy":"category","embeddable":true,"href":"https:\/\/dev.antudigital.cl\/sites\/vc\/wp-json\/wp\/v2\/categories?post=9259"},{"taxonomy":"post_tag","embeddable":true,"href":"https:\/\/dev.antudigital.cl\/sites\/vc\/wp-json\/wp\/v2\/tags?post=9259"}],"curies":[{"name":"wp","href":"https:\/\/api.w.org\/{rel}","templated":true}]}}