{"id":9265,"date":"2018-08-03T11:38:50","date_gmt":"2018-08-03T11:38:50","guid":{"rendered":"http:\/\/www.valparaisocreativo.cl\/?p=2423"},"modified":"2018-08-03T11:38:50","modified_gmt":"2018-08-03T11:38:50","slug":"imesur-llegando-a-puerto","status":"publish","type":"post","link":"https:\/\/dev.antudigital.cl\/sites\/vc\/imesur-llegando-a-puerto\/","title":{"rendered":"IMESUR: Llegando a puerto"},"content":{"rendered":"<p>Sacando cuentas y mirando el calendario, IMESUR se acerca a pasos agigantados. Algo que se ve\u00eda lejano, cada vez est\u00e1 m\u00e1s cerca de ser una realidad. Este a\u00f1o ser\u00e1 Colombia quien visitar\u00e1&nbsp; el encuentro, pero esta edici\u00f3n trae m\u00e1s novedades y de las buenas.<\/p>\n<p>El encuentro que en sus ediciones pasadas contemplaba \u00fanicamente la regi\u00f3n Metropolitana, esta vez suma a la \u201cJoya del Pacifico\u201d. As\u00ed es, <strong>Valpara\u00edso entra al circuito contemplado por IMESUR.<\/strong><\/p>\n<p>Parte de las actividades planeadas para IMESUR 2018, incluida la gran inauguraci\u00f3n del doce de septiembre en homenaje a folklorista e investigadora chilena Margot Loyola a 100 a\u00f1os de su nacimiento, se llevar\u00e1 a cabo en la Quinta Regi\u00f3n, en el Teatro Municipal de Valpara\u00edso. As\u00ed es, en el ic\u00f3nico ex &#8211; Teatro Velarde.<\/p>\n<p>Al igual que en Santiago, Valpara\u00edso, con el respaldo de la Alcald\u00eda Ciudadana de la Ilustre Municipalidad de Valpara\u00edso y la Seremi, y la colaboraci\u00f3n estrat\u00e9gica de IMUVA ( Asosiaci\u00f3n gremial de la industria musical de la regi\u00f3n de Valpara\u00edso), contar\u00e1 con ruedas de negocios y Showcases, a realizarse el <strong>13 de septiembre<\/strong>.<\/p>\n<p>Mat\u00edas Mancisidor, presidente de IMUVA sostiene que: \u201cEsta alianza posibilita una importante atracci\u00f3n de oportunidades para m\u00fasicos y agentes del sector en la regi\u00f3n de Valpara\u00edso y pone de manifiesto el poder de la asociatividad en la industria nacional, para la generaci\u00f3n de espacios de fomento al desarrollo de la m\u00fasica chilena\u2026. Esta alianza cobra vital relevancia en la generaci\u00f3n de condiciones habilitantes para el crecimiento y desarrollo del talento local\u201d.<\/p>\n<p>Para Isabella Mons\u00f3, Directora de Cultura de la Municipalidad de Valpara\u00edso: \u201cEs una oportunidad poder incorporarnos dentro de las ciudades que est\u00e1 presente IMESUR y trabajar de manera afiatada y consolidada con las organizaciones locales, para que en conjunto se pueda aportar a la dinamizaci\u00f3n del sector musical de Valpara\u00edso, sobre todo en este momento que nos estamos preparando para postular como ciudad creativa de la UNESCO\u201d<\/p>\n<p>Algo sumamente importante son las convocatorias para las bandas de la regi\u00f3n, que a\u00fan est\u00e1n abiertas y se encontraran as\u00ed hasta el&nbsp;<strong>10 de agosto.<\/strong><\/p>\n<p>Es de esperar que los aspirantes a ser parte de esta experiencia no se duerman y aprovechen esta oportunidad, ya que mostrar\u00e1 de manera distinta el mundo de la m\u00fasica.<\/p>\n<p><a href=\"http:\/\/www.groovelist.co\/imesur2018\">INSCR\u00cdBETE&nbsp;<\/a><\/p>\n","protected":false},"excerpt":{"rendered":"<p>Sacando cuentas y mirando el calendario, IMESUR se acerca a pasos agigantados. Algo que se ve\u00eda lejano, cada vez est\u00e1 m\u00e1s cerca de ser una realidad. Este a\u00f1o ser\u00e1 Colombia quien visitar\u00e1&nbsp; el encuentro, pero esta edici\u00f3n trae m\u00e1s novedades y de las buenas. El encuentro que en sus ediciones pasadas contemplaba \u00fanicamente la regi\u00f3n [&hellip;]<\/p>\n","protected":false},"author":8,"featured_media":9263,"comment_status":"open","ping_status":"closed","sticky":false,"template":"","format":"standard","meta":{"_acf_changed":false,"footnotes":""},"categories":[8],"tags":[40],"class_list":["post-9265","post","type-post","status-publish","format-standard","has-post-thumbnail","hentry","category-noticia","tag-industria-musica"],"acf":[],"yoast_head":"<!-- This site is optimized with the Yoast SEO plugin v27.1.1 - https:\/\/yoast.com\/product\/yoast-seo-wordpress\/ -->\n<title>IMESUR: Llegando a puerto - Valpara\u00ed\u00adso Creativo<\/title>\n<meta name=\"robots\" content=\"index, follow, max-snippet:-1, max-image-preview:large, max-video-preview:-1\" \/>\n<link rel=\"canonical\" href=\"https:\/\/dev.antudigital.cl\/sites\/vc\/imesur-llegando-a-puerto\/\" \/>\n<meta property=\"og:locale\" content=\"es_ES\" \/>\n<meta property=\"og:type\" content=\"article\" \/>\n<meta property=\"og:title\" content=\"IMESUR: Llegando a puerto - Valpara\u00ed\u00adso Creativo\" \/>\n<meta property=\"og:description\" content=\"Sacando cuentas y mirando el calendario, IMESUR se acerca a pasos agigantados. Algo que se ve\u00eda lejano, cada vez est\u00e1 m\u00e1s cerca de ser una realidad. Este a\u00f1o ser\u00e1 Colombia quien visitar\u00e1&nbsp; el encuentro, pero esta edici\u00f3n trae m\u00e1s novedades y de las buenas. El encuentro que en sus ediciones pasadas contemplaba \u00fanicamente la regi\u00f3n [&hellip;]\" \/>\n<meta property=\"og:url\" content=\"https:\/\/dev.antudigital.cl\/sites\/vc\/imesur-llegando-a-puerto\/\" \/>\n<meta property=\"og:site_name\" content=\"Valpara\u00ed\u00adso Creativo\" \/>\n<meta property=\"article:published_time\" content=\"2018-08-03T11:38:50+00:00\" \/>\n<meta property=\"og:image\" content=\"https:\/\/dev.antudigital.cl\/sites\/vc\/wp-content\/uploads\/2018\/08\/IMESUR_VALPO-768x768.png\" \/>\n\t<meta property=\"og:image:width\" content=\"768\" \/>\n\t<meta property=\"og:image:height\" content=\"768\" \/>\n\t<meta property=\"og:image:type\" content=\"image\/png\" \/>\n<meta name=\"twitter:card\" content=\"summary_large_image\" \/>\n<meta name=\"twitter:label1\" content=\"Escrito por\" \/>\n\t<meta name=\"twitter:data1\" content=\"\" \/>\n\t<meta name=\"twitter:label2\" content=\"Tiempo de lectura\" \/>\n\t<meta name=\"twitter:data2\" content=\"2 minutos\" \/>\n<script type=\"application\/ld+json\" class=\"yoast-schema-graph\">{\"@context\":\"https:\/\/schema.org\",\"@graph\":[{\"@type\":\"Article\",\"@id\":\"https:\/\/dev.antudigital.cl\/sites\/vc\/imesur-llegando-a-puerto\/#article\",\"isPartOf\":{\"@id\":\"https:\/\/dev.antudigital.cl\/sites\/vc\/imesur-llegando-a-puerto\/\"},\"author\":{\"name\":\"\",\"@id\":\"\"},\"headline\":\"IMESUR: Llegando a puerto\",\"datePublished\":\"2018-08-03T11:38:50+00:00\",\"mainEntityOfPage\":{\"@id\":\"https:\/\/dev.antudigital.cl\/sites\/vc\/imesur-llegando-a-puerto\/\"},\"wordCount\":412,\"commentCount\":0,\"image\":{\"@id\":\"https:\/\/dev.antudigital.cl\/sites\/vc\/imesur-llegando-a-puerto\/#primaryimage\"},\"thumbnailUrl\":\"https:\/\/dev.antudigital.cl\/sites\/vc\/wp-content\/uploads\/2018\/08\/IMESUR_VALPO.png\",\"keywords\":[\"industria musica\"],\"articleSection\":[\"Noticia\"],\"inLanguage\":\"es\",\"potentialAction\":[{\"@type\":\"CommentAction\",\"name\":\"Comment\",\"target\":[\"https:\/\/dev.antudigital.cl\/sites\/vc\/imesur-llegando-a-puerto\/#respond\"]}]},{\"@type\":\"WebPage\",\"@id\":\"https:\/\/dev.antudigital.cl\/sites\/vc\/imesur-llegando-a-puerto\/\",\"url\":\"https:\/\/dev.antudigital.cl\/sites\/vc\/imesur-llegando-a-puerto\/\",\"name\":\"IMESUR: Llegando a puerto - Valpara\u00ed\u00adso Creativo\",\"isPartOf\":{\"@id\":\"https:\/\/dev.antudigital.cl\/sites\/vc\/#website\"},\"primaryImageOfPage\":{\"@id\":\"https:\/\/dev.antudigital.cl\/sites\/vc\/imesur-llegando-a-puerto\/#primaryimage\"},\"image\":{\"@id\":\"https:\/\/dev.antudigital.cl\/sites\/vc\/imesur-llegando-a-puerto\/#primaryimage\"},\"thumbnailUrl\":\"https:\/\/dev.antudigital.cl\/sites\/vc\/wp-content\/uploads\/2018\/08\/IMESUR_VALPO.png\",\"datePublished\":\"2018-08-03T11:38:50+00:00\",\"author\":{\"@id\":\"\"},\"breadcrumb\":{\"@id\":\"https:\/\/dev.antudigital.cl\/sites\/vc\/imesur-llegando-a-puerto\/#breadcrumb\"},\"inLanguage\":\"es\",\"potentialAction\":[{\"@type\":\"ReadAction\",\"target\":[\"https:\/\/dev.antudigital.cl\/sites\/vc\/imesur-llegando-a-puerto\/\"]}]},{\"@type\":\"ImageObject\",\"inLanguage\":\"es\",\"@id\":\"https:\/\/dev.antudigital.cl\/sites\/vc\/imesur-llegando-a-puerto\/#primaryimage\",\"url\":\"https:\/\/dev.antudigital.cl\/sites\/vc\/wp-content\/uploads\/2018\/08\/IMESUR_VALPO.png\",\"contentUrl\":\"https:\/\/dev.antudigital.cl\/sites\/vc\/wp-content\/uploads\/2018\/08\/IMESUR_VALPO.png\",\"width\":1300,\"height\":1300},{\"@type\":\"BreadcrumbList\",\"@id\":\"https:\/\/dev.antudigital.cl\/sites\/vc\/imesur-llegando-a-puerto\/#breadcrumb\",\"itemListElement\":[{\"@type\":\"ListItem\",\"position\":1,\"name\":\"Home\",\"item\":\"https:\/\/dev.antudigital.cl\/sites\/vc\/\"},{\"@type\":\"ListItem\",\"position\":2,\"name\":\"IMESUR: Llegando a puerto\"}]},{\"@type\":\"WebSite\",\"@id\":\"https:\/\/dev.antudigital.cl\/sites\/vc\/#website\",\"url\":\"https:\/\/dev.antudigital.cl\/sites\/vc\/\",\"name\":\"Valpara\u00ed\u00adso Creativo\",\"description\":\"\",\"potentialAction\":[{\"@type\":\"SearchAction\",\"target\":{\"@type\":\"EntryPoint\",\"urlTemplate\":\"https:\/\/dev.antudigital.cl\/sites\/vc\/?s={search_term_string}\"},\"query-input\":{\"@type\":\"PropertyValueSpecification\",\"valueRequired\":true,\"valueName\":\"search_term_string\"}}],\"inLanguage\":\"es\"},{\"@type\":\"Person\",\"@id\":\"\",\"url\":\"https:\/\/dev.antudigital.cl\/sites\/vc\/author\/\"}]}<\/script>\n<!-- \/ Yoast SEO plugin. -->","yoast_head_json":{"title":"IMESUR: Llegando a puerto - Valpara\u00ed\u00adso Creativo","robots":{"index":"index","follow":"follow","max-snippet":"max-snippet:-1","max-image-preview":"max-image-preview:large","max-video-preview":"max-video-preview:-1"},"canonical":"https:\/\/dev.antudigital.cl\/sites\/vc\/imesur-llegando-a-puerto\/","og_locale":"es_ES","og_type":"article","og_title":"IMESUR: Llegando a puerto - Valpara\u00ed\u00adso Creativo","og_description":"Sacando cuentas y mirando el calendario, IMESUR se acerca a pasos agigantados. Algo que se ve\u00eda lejano, cada vez est\u00e1 m\u00e1s cerca de ser una realidad. Este a\u00f1o ser\u00e1 Colombia quien visitar\u00e1&nbsp; el encuentro, pero esta edici\u00f3n trae m\u00e1s novedades y de las buenas. El encuentro que en sus ediciones pasadas contemplaba \u00fanicamente la regi\u00f3n [&hellip;]","og_url":"https:\/\/dev.antudigital.cl\/sites\/vc\/imesur-llegando-a-puerto\/","og_site_name":"Valpara\u00ed\u00adso Creativo","article_published_time":"2018-08-03T11:38:50+00:00","og_image":[{"width":768,"height":768,"url":"https:\/\/dev.antudigital.cl\/sites\/vc\/wp-content\/uploads\/2018\/08\/IMESUR_VALPO-768x768.png","type":"image\/png"}],"twitter_card":"summary_large_image","twitter_misc":{"Escrito por":"","Tiempo de lectura":"2 minutos"},"schema":{"@context":"https:\/\/schema.org","@graph":[{"@type":"Article","@id":"https:\/\/dev.antudigital.cl\/sites\/vc\/imesur-llegando-a-puerto\/#article","isPartOf":{"@id":"https:\/\/dev.antudigital.cl\/sites\/vc\/imesur-llegando-a-puerto\/"},"author":{"name":"","@id":""},"headline":"IMESUR: Llegando a puerto","datePublished":"2018-08-03T11:38:50+00:00","mainEntityOfPage":{"@id":"https:\/\/dev.antudigital.cl\/sites\/vc\/imesur-llegando-a-puerto\/"},"wordCount":412,"commentCount":0,"image":{"@id":"https:\/\/dev.antudigital.cl\/sites\/vc\/imesur-llegando-a-puerto\/#primaryimage"},"thumbnailUrl":"https:\/\/dev.antudigital.cl\/sites\/vc\/wp-content\/uploads\/2018\/08\/IMESUR_VALPO.png","keywords":["industria musica"],"articleSection":["Noticia"],"inLanguage":"es","potentialAction":[{"@type":"CommentAction","name":"Comment","target":["https:\/\/dev.antudigital.cl\/sites\/vc\/imesur-llegando-a-puerto\/#respond"]}]},{"@type":"WebPage","@id":"https:\/\/dev.antudigital.cl\/sites\/vc\/imesur-llegando-a-puerto\/","url":"https:\/\/dev.antudigital.cl\/sites\/vc\/imesur-llegando-a-puerto\/","name":"IMESUR: Llegando a puerto - Valpara\u00ed\u00adso Creativo","isPartOf":{"@id":"https:\/\/dev.antudigital.cl\/sites\/vc\/#website"},"primaryImageOfPage":{"@id":"https:\/\/dev.antudigital.cl\/sites\/vc\/imesur-llegando-a-puerto\/#primaryimage"},"image":{"@id":"https:\/\/dev.antudigital.cl\/sites\/vc\/imesur-llegando-a-puerto\/#primaryimage"},"thumbnailUrl":"https:\/\/dev.antudigital.cl\/sites\/vc\/wp-content\/uploads\/2018\/08\/IMESUR_VALPO.png","datePublished":"2018-08-03T11:38:50+00:00","author":{"@id":""},"breadcrumb":{"@id":"https:\/\/dev.antudigital.cl\/sites\/vc\/imesur-llegando-a-puerto\/#breadcrumb"},"inLanguage":"es","potentialAction":[{"@type":"ReadAction","target":["https:\/\/dev.antudigital.cl\/sites\/vc\/imesur-llegando-a-puerto\/"]}]},{"@type":"ImageObject","inLanguage":"es","@id":"https:\/\/dev.antudigital.cl\/sites\/vc\/imesur-llegando-a-puerto\/#primaryimage","url":"https:\/\/dev.antudigital.cl\/sites\/vc\/wp-content\/uploads\/2018\/08\/IMESUR_VALPO.png","contentUrl":"https:\/\/dev.antudigital.cl\/sites\/vc\/wp-content\/uploads\/2018\/08\/IMESUR_VALPO.png","width":1300,"height":1300},{"@type":"BreadcrumbList","@id":"https:\/\/dev.antudigital.cl\/sites\/vc\/imesur-llegando-a-puerto\/#breadcrumb","itemListElement":[{"@type":"ListItem","position":1,"name":"Home","item":"https:\/\/dev.antudigital.cl\/sites\/vc\/"},{"@type":"ListItem","position":2,"name":"IMESUR: Llegando a puerto"}]},{"@type":"WebSite","@id":"https:\/\/dev.antudigital.cl\/sites\/vc\/#website","url":"https:\/\/dev.antudigital.cl\/sites\/vc\/","name":"Valpara\u00ed\u00adso Creativo","description":"","potentialAction":[{"@type":"SearchAction","target":{"@type":"EntryPoint","urlTemplate":"https:\/\/dev.antudigital.cl\/sites\/vc\/?s={search_term_string}"},"query-input":{"@type":"PropertyValueSpecification","valueRequired":true,"valueName":"search_term_string"}}],"inLanguage":"es"},{"@type":"Person","@id":"","url":"https:\/\/dev.antudigital.cl\/sites\/vc\/author\/"}]}},"_links":{"self":[{"href":"https:\/\/dev.antudigital.cl\/sites\/vc\/wp-json\/wp\/v2\/posts\/9265","targetHints":{"allow":["GET"]}}],"collection":[{"href":"https:\/\/dev.antudigital.cl\/sites\/vc\/wp-json\/wp\/v2\/posts"}],"about":[{"href":"https:\/\/dev.antudigital.cl\/sites\/vc\/wp-json\/wp\/v2\/types\/post"}],"author":[{"embeddable":true,"href":"https:\/\/dev.antudigital.cl\/sites\/vc\/wp-json\/wp\/v2\/users\/8"}],"replies":[{"embeddable":true,"href":"https:\/\/dev.antudigital.cl\/sites\/vc\/wp-json\/wp\/v2\/comments?post=9265"}],"version-history":[{"count":0,"href":"https:\/\/dev.antudigital.cl\/sites\/vc\/wp-json\/wp\/v2\/posts\/9265\/revisions"}],"wp:featuredmedia":[{"embeddable":true,"href":"https:\/\/dev.antudigital.cl\/sites\/vc\/wp-json\/wp\/v2\/media\/9263"}],"wp:attachment":[{"href":"https:\/\/dev.antudigital.cl\/sites\/vc\/wp-json\/wp\/v2\/media?parent=9265"}],"wp:term":[{"taxonomy":"category","embeddable":true,"href":"https:\/\/dev.antudigital.cl\/sites\/vc\/wp-json\/wp\/v2\/categories?post=9265"},{"taxonomy":"post_tag","embeddable":true,"href":"https:\/\/dev.antudigital.cl\/sites\/vc\/wp-json\/wp\/v2\/tags?post=9265"}],"curies":[{"name":"wp","href":"https:\/\/api.w.org\/{rel}","templated":true}]}}