{"id":9266,"date":"2018-07-30T13:00:12","date_gmt":"2018-07-30T13:00:12","guid":{"rendered":"http:\/\/www.valparaisocreativo.cl\/?p=2418"},"modified":"2018-07-30T13:00:12","modified_gmt":"2018-07-30T13:00:12","slug":"sector-audiovisual-tendra-feria-de-difusion-en-valparaiso","status":"publish","type":"post","link":"https:\/\/dev.antudigital.cl\/sites\/vc\/sector-audiovisual-tendra-feria-de-difusion-en-valparaiso\/","title":{"rendered":"Sector audiovisual tendr\u00e1 feria de difusi\u00f3n en Valpara\u00edso"},"content":{"rendered":"<p><em>Presentaciones al estilo PechaKucha de diversos proyectos vinculados a la difusi\u00f3n, distribuci\u00f3n y promoci\u00f3n del cine a nivel&nbsp; nacional y latinoamericano, se tomar\u00e1n Dinamarca399 este s\u00e1bado 4 de agosto, en la clausura de RED. 1\u00ba Encuentro de festivales de cine de Chile. <\/em><\/p>\n<p><strong><em>RED. Encuentro Nacional de Festivales de Cine<\/em><\/strong><em>,<\/em> que se realizar\u00e1 del 1 al 4 de agosto en la ciudad de Valpara\u00edso, tendr\u00e1 un espacio dedicado exclusivamente a realizadores, estudiantes de cine, productoras y p\u00fablico general interesado en la escena audiovisual. Se trata de la Feria Audiovisual, instancia de difusi\u00f3n que contar\u00e1 con la presencia de festivales de cine de todo el pa\u00eds, adem\u00e1s de agentes ligados a la escena audiovisual nacional e internacional.<\/p>\n<p>La actividad se desarrollar\u00e1 de 17.00 a 21.00 horas en Espacio Dinamarca 399, ubicado en Dinamarca 399, Cerro Pante\u00f3n, Valpara\u00edso. El evento comenzar\u00e1 con una charla explicativa sobre la <strong>Convocatoria 2018 del <em>Programa de Intermediaci\u00f3n Cultural<\/em><\/strong><em>, <\/em>del Ministerio de las Culturas, las Artes y el Patrimonio.<\/p>\n<p>La entrada es liberada, previa inscripci\u00f3n digital <u><a href=\"https:\/\/goo.gl\/forms\/XbfvR378JoP7Mby43\">aqu\u00ed<\/a><\/u>. M\u00e1s informaci\u00f3n en <u><a href=\"http:\/\/www.redfestivalesdecine.cl\">www.redfestivalesdecine.cl<\/a><\/u><\/p>\n<p>La programaci\u00f3n continuar\u00e1 a las 18.00 hrs. con presentaciones en formato <strong><em>PechaKucha<\/em><\/strong>, es decir, pitchings informales abiertos al p\u00fablico de 6 minutos de duraci\u00f3n cada uno, con una din\u00e1mica de&nbsp; 20 im\u00e1genes de apoyo con una duraci\u00f3n de 20 segundos cada una. En la ocasi\u00f3n expondr\u00e1n la Red de Salas de Cine de Chile; las plataformas Retina Latina y Onda Media; los medios especializados Cine Chile y Bit\u00e1cora de Cine; el proyecto de investigaci\u00f3n Festivalesdecine.cl,&nbsp; y la Film Commission Valpara\u00edso.<\/p>\n<p><strong><em>&nbsp;<\/em><\/strong>Esta instancia de clausura se plantea como un espacio de encuentro e intercambio entre los expositores, festivales residentes y el p\u00fablico asistente. \u201cConvocamos a colegas, estudiantes y personas interesadas en el campo audiovisual a compartir en un espacio distendido cargado de contenido y novedades para el sector. Como equipo, creemos en la colaboraci\u00f3n y este espacio es una semilla que busca seguir avanzando en la generaci\u00f3n de redes a nivel local y global\u201d, expres\u00f3 Daniela Fuentes Posada, coordinadora general de <strong><em>RED. Encuentro Nacional de Festivales de Cine.<\/em><\/strong><\/p>\n<p>Cabe destacar que el mismo d\u00eda s\u00e1bado 4 de agosto, a las 11.horas en la Facultad de Comunicaciones UC (Santiago), se llevar\u00e1 a cabo el Conversatorio sobre <strong><em>Gesti\u00f3n de Festivales de Cine en Latinoam\u00e9rica: Rol y principales desaf\u00edos<\/em><\/strong>, instancia de di\u00e1logo que contar\u00e1 con la presencia de Patricia Martin, directora de Intermedi@rte y docente de la Escuela Internacional de Cine y Televisi\u00f3n de Cuba; Yenny Chaverra, Asesora de la Direcci\u00f3n de Cinematograf\u00eda del Ministerio de Cultura de Cuba y coordinadora de Retina Latina; Fernando Acu\u00f1a, Director del Diplomado de Producci\u00f3n Ejecutiva de la UC; y Daniela Fuentes, coordinadora de RED. Encuentro Nacional de Festivales de Cine. <strong>La entrada tambi\u00e9n es liberada previa inscripci\u00f3n.<\/strong><\/p>\n<p>RED es organizado por La Fuente y financiado por el Fondo de Fomento Audiovisual del MinCAP, convocatoria 2018, y cuenta con la colaboraci\u00f3n de la Cineteca PUCV, Facultad de Comunicaciones UC, Red de Salas de Cine de Chile, Escuela de Gesti\u00f3n en Turismo y Cultura de la U. Valpara\u00edso, Balmaceda Arte Joven Valpara\u00edso, Valpara\u00edso Creativo, Valpara\u00edso Film Commission, Insomnia Alternativa de Cine, Din399, La Joya,&nbsp; Cuatro Altares: Vinos de autor, Festivales de Cine de Chile, CineChile, Bit\u00e1cora de Cine, OndaMedia, Plaza Espect\u00e1culos y LatAm Cinema.<\/p>\n<p>&nbsp;<\/p>\n<p>&nbsp;<\/p>\n","protected":false},"excerpt":{"rendered":"<p>Presentaciones al estilo PechaKucha de diversos proyectos vinculados a la difusi\u00f3n, distribuci\u00f3n y promoci\u00f3n del cine a nivel&nbsp; nacional y latinoamericano, se tomar\u00e1n Dinamarca399 este s\u00e1bado 4 de agosto, en la clausura de RED. 1\u00ba Encuentro de festivales de cine de Chile. RED. Encuentro Nacional de Festivales de Cine, que se realizar\u00e1 del 1 al [&hellip;]<\/p>\n","protected":false},"author":8,"featured_media":9262,"comment_status":"open","ping_status":"closed","sticky":false,"template":"","format":"standard","meta":{"_acf_changed":false,"footnotes":""},"categories":[8],"tags":[],"class_list":["post-9266","post","type-post","status-publish","format-standard","has-post-thumbnail","hentry","category-noticia"],"acf":[],"yoast_head":"<!-- This site is optimized with the Yoast SEO plugin v27.1.1 - https:\/\/yoast.com\/product\/yoast-seo-wordpress\/ -->\n<title>Sector audiovisual tendr\u00e1 feria de difusi\u00f3n en Valpara\u00edso - Valpara\u00ed\u00adso Creativo<\/title>\n<meta name=\"robots\" content=\"index, follow, max-snippet:-1, max-image-preview:large, max-video-preview:-1\" \/>\n<link rel=\"canonical\" href=\"https:\/\/dev.antudigital.cl\/sites\/vc\/sector-audiovisual-tendra-feria-de-difusion-en-valparaiso\/\" \/>\n<meta property=\"og:locale\" content=\"es_ES\" \/>\n<meta property=\"og:type\" content=\"article\" \/>\n<meta property=\"og:title\" content=\"Sector audiovisual tendr\u00e1 feria de difusi\u00f3n en Valpara\u00edso - Valpara\u00ed\u00adso Creativo\" \/>\n<meta property=\"og:description\" content=\"Presentaciones al estilo PechaKucha de diversos proyectos vinculados a la difusi\u00f3n, distribuci\u00f3n y promoci\u00f3n del cine a nivel&nbsp; nacional y latinoamericano, se tomar\u00e1n Dinamarca399 este s\u00e1bado 4 de agosto, en la clausura de RED. 1\u00ba Encuentro de festivales de cine de Chile. RED. Encuentro Nacional de Festivales de Cine, que se realizar\u00e1 del 1 al [&hellip;]\" \/>\n<meta property=\"og:url\" content=\"https:\/\/dev.antudigital.cl\/sites\/vc\/sector-audiovisual-tendra-feria-de-difusion-en-valparaiso\/\" \/>\n<meta property=\"og:site_name\" content=\"Valpara\u00ed\u00adso Creativo\" \/>\n<meta property=\"article:published_time\" content=\"2018-07-30T13:00:12+00:00\" \/>\n<meta property=\"og:image\" content=\"https:\/\/dev.antudigital.cl\/sites\/vc\/wp-content\/uploads\/2018\/08\/RedNacionaldeFestivales.jpg\" \/>\n\t<meta property=\"og:image:width\" content=\"960\" \/>\n\t<meta property=\"og:image:height\" content=\"500\" \/>\n\t<meta property=\"og:image:type\" content=\"image\/jpeg\" \/>\n<meta name=\"twitter:card\" content=\"summary_large_image\" \/>\n<meta name=\"twitter:label1\" content=\"Escrito por\" \/>\n\t<meta name=\"twitter:data1\" content=\"\" \/>\n\t<meta name=\"twitter:label2\" content=\"Tiempo de lectura\" \/>\n\t<meta name=\"twitter:data2\" content=\"3 minutos\" \/>\n<script type=\"application\/ld+json\" class=\"yoast-schema-graph\">{\"@context\":\"https:\/\/schema.org\",\"@graph\":[{\"@type\":\"Article\",\"@id\":\"https:\/\/dev.antudigital.cl\/sites\/vc\/sector-audiovisual-tendra-feria-de-difusion-en-valparaiso\/#article\",\"isPartOf\":{\"@id\":\"https:\/\/dev.antudigital.cl\/sites\/vc\/sector-audiovisual-tendra-feria-de-difusion-en-valparaiso\/\"},\"author\":{\"name\":\"\",\"@id\":\"\"},\"headline\":\"Sector audiovisual tendr\u00e1 feria de difusi\u00f3n en Valpara\u00edso\",\"datePublished\":\"2018-07-30T13:00:12+00:00\",\"mainEntityOfPage\":{\"@id\":\"https:\/\/dev.antudigital.cl\/sites\/vc\/sector-audiovisual-tendra-feria-de-difusion-en-valparaiso\/\"},\"wordCount\":595,\"commentCount\":0,\"image\":{\"@id\":\"https:\/\/dev.antudigital.cl\/sites\/vc\/sector-audiovisual-tendra-feria-de-difusion-en-valparaiso\/#primaryimage\"},\"thumbnailUrl\":\"https:\/\/dev.antudigital.cl\/sites\/vc\/wp-content\/uploads\/2018\/08\/RedNacionaldeFestivales.jpg\",\"articleSection\":[\"Noticia\"],\"inLanguage\":\"es\",\"potentialAction\":[{\"@type\":\"CommentAction\",\"name\":\"Comment\",\"target\":[\"https:\/\/dev.antudigital.cl\/sites\/vc\/sector-audiovisual-tendra-feria-de-difusion-en-valparaiso\/#respond\"]}]},{\"@type\":\"WebPage\",\"@id\":\"https:\/\/dev.antudigital.cl\/sites\/vc\/sector-audiovisual-tendra-feria-de-difusion-en-valparaiso\/\",\"url\":\"https:\/\/dev.antudigital.cl\/sites\/vc\/sector-audiovisual-tendra-feria-de-difusion-en-valparaiso\/\",\"name\":\"Sector audiovisual tendr\u00e1 feria de difusi\u00f3n en Valpara\u00edso - Valpara\u00ed\u00adso Creativo\",\"isPartOf\":{\"@id\":\"https:\/\/dev.antudigital.cl\/sites\/vc\/#website\"},\"primaryImageOfPage\":{\"@id\":\"https:\/\/dev.antudigital.cl\/sites\/vc\/sector-audiovisual-tendra-feria-de-difusion-en-valparaiso\/#primaryimage\"},\"image\":{\"@id\":\"https:\/\/dev.antudigital.cl\/sites\/vc\/sector-audiovisual-tendra-feria-de-difusion-en-valparaiso\/#primaryimage\"},\"thumbnailUrl\":\"https:\/\/dev.antudigital.cl\/sites\/vc\/wp-content\/uploads\/2018\/08\/RedNacionaldeFestivales.jpg\",\"datePublished\":\"2018-07-30T13:00:12+00:00\",\"author\":{\"@id\":\"\"},\"breadcrumb\":{\"@id\":\"https:\/\/dev.antudigital.cl\/sites\/vc\/sector-audiovisual-tendra-feria-de-difusion-en-valparaiso\/#breadcrumb\"},\"inLanguage\":\"es\",\"potentialAction\":[{\"@type\":\"ReadAction\",\"target\":[\"https:\/\/dev.antudigital.cl\/sites\/vc\/sector-audiovisual-tendra-feria-de-difusion-en-valparaiso\/\"]}]},{\"@type\":\"ImageObject\",\"inLanguage\":\"es\",\"@id\":\"https:\/\/dev.antudigital.cl\/sites\/vc\/sector-audiovisual-tendra-feria-de-difusion-en-valparaiso\/#primaryimage\",\"url\":\"https:\/\/dev.antudigital.cl\/sites\/vc\/wp-content\/uploads\/2018\/08\/RedNacionaldeFestivales.jpg\",\"contentUrl\":\"https:\/\/dev.antudigital.cl\/sites\/vc\/wp-content\/uploads\/2018\/08\/RedNacionaldeFestivales.jpg\",\"width\":960,\"height\":500},{\"@type\":\"BreadcrumbList\",\"@id\":\"https:\/\/dev.antudigital.cl\/sites\/vc\/sector-audiovisual-tendra-feria-de-difusion-en-valparaiso\/#breadcrumb\",\"itemListElement\":[{\"@type\":\"ListItem\",\"position\":1,\"name\":\"Home\",\"item\":\"https:\/\/dev.antudigital.cl\/sites\/vc\/\"},{\"@type\":\"ListItem\",\"position\":2,\"name\":\"Sector audiovisual tendr\u00e1 feria de difusi\u00f3n en Valpara\u00edso\"}]},{\"@type\":\"WebSite\",\"@id\":\"https:\/\/dev.antudigital.cl\/sites\/vc\/#website\",\"url\":\"https:\/\/dev.antudigital.cl\/sites\/vc\/\",\"name\":\"Valpara\u00ed\u00adso Creativo\",\"description\":\"\",\"potentialAction\":[{\"@type\":\"SearchAction\",\"target\":{\"@type\":\"EntryPoint\",\"urlTemplate\":\"https:\/\/dev.antudigital.cl\/sites\/vc\/?s={search_term_string}\"},\"query-input\":{\"@type\":\"PropertyValueSpecification\",\"valueRequired\":true,\"valueName\":\"search_term_string\"}}],\"inLanguage\":\"es\"},{\"@type\":\"Person\",\"@id\":\"\",\"url\":\"https:\/\/dev.antudigital.cl\/sites\/vc\/author\/\"}]}<\/script>\n<!-- \/ Yoast SEO plugin. -->","yoast_head_json":{"title":"Sector audiovisual tendr\u00e1 feria de difusi\u00f3n en Valpara\u00edso - Valpara\u00ed\u00adso Creativo","robots":{"index":"index","follow":"follow","max-snippet":"max-snippet:-1","max-image-preview":"max-image-preview:large","max-video-preview":"max-video-preview:-1"},"canonical":"https:\/\/dev.antudigital.cl\/sites\/vc\/sector-audiovisual-tendra-feria-de-difusion-en-valparaiso\/","og_locale":"es_ES","og_type":"article","og_title":"Sector audiovisual tendr\u00e1 feria de difusi\u00f3n en Valpara\u00edso - Valpara\u00ed\u00adso Creativo","og_description":"Presentaciones al estilo PechaKucha de diversos proyectos vinculados a la difusi\u00f3n, distribuci\u00f3n y promoci\u00f3n del cine a nivel&nbsp; nacional y latinoamericano, se tomar\u00e1n Dinamarca399 este s\u00e1bado 4 de agosto, en la clausura de RED. 1\u00ba Encuentro de festivales de cine de Chile. RED. Encuentro Nacional de Festivales de Cine, que se realizar\u00e1 del 1 al [&hellip;]","og_url":"https:\/\/dev.antudigital.cl\/sites\/vc\/sector-audiovisual-tendra-feria-de-difusion-en-valparaiso\/","og_site_name":"Valpara\u00ed\u00adso Creativo","article_published_time":"2018-07-30T13:00:12+00:00","og_image":[{"width":960,"height":500,"url":"https:\/\/dev.antudigital.cl\/sites\/vc\/wp-content\/uploads\/2018\/08\/RedNacionaldeFestivales.jpg","type":"image\/jpeg"}],"twitter_card":"summary_large_image","twitter_misc":{"Escrito por":"","Tiempo de lectura":"3 minutos"},"schema":{"@context":"https:\/\/schema.org","@graph":[{"@type":"Article","@id":"https:\/\/dev.antudigital.cl\/sites\/vc\/sector-audiovisual-tendra-feria-de-difusion-en-valparaiso\/#article","isPartOf":{"@id":"https:\/\/dev.antudigital.cl\/sites\/vc\/sector-audiovisual-tendra-feria-de-difusion-en-valparaiso\/"},"author":{"name":"","@id":""},"headline":"Sector audiovisual tendr\u00e1 feria de difusi\u00f3n en Valpara\u00edso","datePublished":"2018-07-30T13:00:12+00:00","mainEntityOfPage":{"@id":"https:\/\/dev.antudigital.cl\/sites\/vc\/sector-audiovisual-tendra-feria-de-difusion-en-valparaiso\/"},"wordCount":595,"commentCount":0,"image":{"@id":"https:\/\/dev.antudigital.cl\/sites\/vc\/sector-audiovisual-tendra-feria-de-difusion-en-valparaiso\/#primaryimage"},"thumbnailUrl":"https:\/\/dev.antudigital.cl\/sites\/vc\/wp-content\/uploads\/2018\/08\/RedNacionaldeFestivales.jpg","articleSection":["Noticia"],"inLanguage":"es","potentialAction":[{"@type":"CommentAction","name":"Comment","target":["https:\/\/dev.antudigital.cl\/sites\/vc\/sector-audiovisual-tendra-feria-de-difusion-en-valparaiso\/#respond"]}]},{"@type":"WebPage","@id":"https:\/\/dev.antudigital.cl\/sites\/vc\/sector-audiovisual-tendra-feria-de-difusion-en-valparaiso\/","url":"https:\/\/dev.antudigital.cl\/sites\/vc\/sector-audiovisual-tendra-feria-de-difusion-en-valparaiso\/","name":"Sector audiovisual tendr\u00e1 feria de difusi\u00f3n en Valpara\u00edso - Valpara\u00ed\u00adso Creativo","isPartOf":{"@id":"https:\/\/dev.antudigital.cl\/sites\/vc\/#website"},"primaryImageOfPage":{"@id":"https:\/\/dev.antudigital.cl\/sites\/vc\/sector-audiovisual-tendra-feria-de-difusion-en-valparaiso\/#primaryimage"},"image":{"@id":"https:\/\/dev.antudigital.cl\/sites\/vc\/sector-audiovisual-tendra-feria-de-difusion-en-valparaiso\/#primaryimage"},"thumbnailUrl":"https:\/\/dev.antudigital.cl\/sites\/vc\/wp-content\/uploads\/2018\/08\/RedNacionaldeFestivales.jpg","datePublished":"2018-07-30T13:00:12+00:00","author":{"@id":""},"breadcrumb":{"@id":"https:\/\/dev.antudigital.cl\/sites\/vc\/sector-audiovisual-tendra-feria-de-difusion-en-valparaiso\/#breadcrumb"},"inLanguage":"es","potentialAction":[{"@type":"ReadAction","target":["https:\/\/dev.antudigital.cl\/sites\/vc\/sector-audiovisual-tendra-feria-de-difusion-en-valparaiso\/"]}]},{"@type":"ImageObject","inLanguage":"es","@id":"https:\/\/dev.antudigital.cl\/sites\/vc\/sector-audiovisual-tendra-feria-de-difusion-en-valparaiso\/#primaryimage","url":"https:\/\/dev.antudigital.cl\/sites\/vc\/wp-content\/uploads\/2018\/08\/RedNacionaldeFestivales.jpg","contentUrl":"https:\/\/dev.antudigital.cl\/sites\/vc\/wp-content\/uploads\/2018\/08\/RedNacionaldeFestivales.jpg","width":960,"height":500},{"@type":"BreadcrumbList","@id":"https:\/\/dev.antudigital.cl\/sites\/vc\/sector-audiovisual-tendra-feria-de-difusion-en-valparaiso\/#breadcrumb","itemListElement":[{"@type":"ListItem","position":1,"name":"Home","item":"https:\/\/dev.antudigital.cl\/sites\/vc\/"},{"@type":"ListItem","position":2,"name":"Sector audiovisual tendr\u00e1 feria de difusi\u00f3n en Valpara\u00edso"}]},{"@type":"WebSite","@id":"https:\/\/dev.antudigital.cl\/sites\/vc\/#website","url":"https:\/\/dev.antudigital.cl\/sites\/vc\/","name":"Valpara\u00ed\u00adso Creativo","description":"","potentialAction":[{"@type":"SearchAction","target":{"@type":"EntryPoint","urlTemplate":"https:\/\/dev.antudigital.cl\/sites\/vc\/?s={search_term_string}"},"query-input":{"@type":"PropertyValueSpecification","valueRequired":true,"valueName":"search_term_string"}}],"inLanguage":"es"},{"@type":"Person","@id":"","url":"https:\/\/dev.antudigital.cl\/sites\/vc\/author\/"}]}},"_links":{"self":[{"href":"https:\/\/dev.antudigital.cl\/sites\/vc\/wp-json\/wp\/v2\/posts\/9266","targetHints":{"allow":["GET"]}}],"collection":[{"href":"https:\/\/dev.antudigital.cl\/sites\/vc\/wp-json\/wp\/v2\/posts"}],"about":[{"href":"https:\/\/dev.antudigital.cl\/sites\/vc\/wp-json\/wp\/v2\/types\/post"}],"author":[{"embeddable":true,"href":"https:\/\/dev.antudigital.cl\/sites\/vc\/wp-json\/wp\/v2\/users\/8"}],"replies":[{"embeddable":true,"href":"https:\/\/dev.antudigital.cl\/sites\/vc\/wp-json\/wp\/v2\/comments?post=9266"}],"version-history":[{"count":0,"href":"https:\/\/dev.antudigital.cl\/sites\/vc\/wp-json\/wp\/v2\/posts\/9266\/revisions"}],"wp:featuredmedia":[{"embeddable":true,"href":"https:\/\/dev.antudigital.cl\/sites\/vc\/wp-json\/wp\/v2\/media\/9262"}],"wp:attachment":[{"href":"https:\/\/dev.antudigital.cl\/sites\/vc\/wp-json\/wp\/v2\/media?parent=9266"}],"wp:term":[{"taxonomy":"category","embeddable":true,"href":"https:\/\/dev.antudigital.cl\/sites\/vc\/wp-json\/wp\/v2\/categories?post=9266"},{"taxonomy":"post_tag","embeddable":true,"href":"https:\/\/dev.antudigital.cl\/sites\/vc\/wp-json\/wp\/v2\/tags?post=9266"}],"curies":[{"name":"wp","href":"https:\/\/api.w.org\/{rel}","templated":true}]}}