{"id":9268,"date":"2018-07-23T12:28:52","date_gmt":"2018-07-23T12:28:52","guid":{"rendered":"http:\/\/www.valparaisocreativo.cl\/?p=2406"},"modified":"2018-07-23T12:28:52","modified_gmt":"2018-07-23T12:28:52","slug":"creativos-participan-en-ciclo-de-entrevistas-en-radio-fm-vina","status":"publish","type":"post","link":"https:\/\/dev.antudigital.cl\/sites\/vc\/creativos-participan-en-ciclo-de-entrevistas-en-radio-fm-vina\/","title":{"rendered":"Creativos participan en ciclo de entrevistas en Radio FM Vi\u00f1a"},"content":{"rendered":"<p>Durante el mes de julio los creativos de Valpara\u00edso han sido protagonistas en la Radio FM Vi\u00f1a, participando en el programa Cafet\u00edn \u201cEl late de la tarde\u201d, conducido por Rafael Manzo.<\/p>\n<p><a href=\"http:\/\/www.valparaisocreativo.cl\/wp-content\/uploads\/2018\/07\/Nabalu\u0301_RadioFMVin\u0303a2.jpg\"><img decoding=\"async\" class=\"alignleft size-full wp-image-2409\" src=\"http:\/\/www.valparaisocreativo.cl\/wp-content\/uploads\/2018\/07\/Nabalu\u0301_RadioFMVin\u0303a2.jpg\" alt=\"\" width=\"200\" height=\"200\"><\/a>Varias empresas del sector creativo fueron invitadas al programa en donde tuvieron la posibilidad de dar a conocer sus proyectos. Valpara\u00edso en Colores, Ciclo Colabora, 12-NA, Goso, Genkai Studio, YoySimulators, las empresas audiovisuales Los P\u00e1jaros y Altair Films, y tambi\u00e9n de soluciones tecnol\u00f3gicas Indise VR y Zeke; adem\u00e1s, de Naval\u00fa Toledo de La Costa Dise\u00f1o y el escultor Augusto Acosta. Todos ellos participaron de este espacio radial de conversaci\u00f3n de la radio FM Vi\u00f1a, siendo una importante vitrina de sus trabajos.<\/p>\n<p>Cabe destacar que este ciclo de entrevistas, se inici\u00f3 el 21 de junio pasado, en donde parte del equipo de Valpara\u00edso Creativo, present\u00f3 el programa y las diversas l\u00edneas de trabajo enfocadas al fomentar e incentivar la econom\u00eda creativa de Valpara\u00edso.<\/p>\n<p>En los siguientes enlaces puedes escuchar los programas:<\/p>\n<p><a href=\"https:\/\/www.mixcloud.com\/radiocafetin\/cafetin-t02e71-21-junio-2018\/\">Entrevista Valpar\u00e1iso Creativo (21 de Junio)<\/a><\/p>\n<p><a href=\"http:\/\/radiocafetin.com\/podcasts\/\">Todos los programas<\/a><\/p>\n","protected":false},"excerpt":{"rendered":"<p>Durante el mes de julio los creativos de Valpara\u00edso han sido protagonistas en la Radio FM Vi\u00f1a, participando en el programa Cafet\u00edn \u201cEl late de la tarde\u201d, conducido por Rafael Manzo. Varias empresas del sector creativo fueron invitadas al programa en donde tuvieron la posibilidad de dar a conocer sus proyectos. Valpara\u00edso en Colores, Ciclo [&hellip;]<\/p>\n","protected":false},"author":8,"featured_media":9270,"comment_status":"open","ping_status":"closed","sticky":false,"template":"","format":"standard","meta":{"_acf_changed":false,"footnotes":""},"categories":[8],"tags":[36,37,38,39],"class_list":["post-9268","post","type-post","status-publish","format-standard","has-post-thumbnail","hentry","category-noticia","tag-economiacreativa","tag-entrevista","tag-radio","tag-sector-creativo"],"acf":[],"yoast_head":"<!-- This site is optimized with the Yoast SEO plugin v27.1.1 - https:\/\/yoast.com\/product\/yoast-seo-wordpress\/ -->\n<title>Creativos participan en ciclo de entrevistas en Radio FM Vi\u00f1a - Valpara\u00ed\u00adso Creativo<\/title>\n<meta name=\"robots\" content=\"index, follow, max-snippet:-1, max-image-preview:large, max-video-preview:-1\" \/>\n<link rel=\"canonical\" href=\"https:\/\/dev.antudigital.cl\/sites\/vc\/creativos-participan-en-ciclo-de-entrevistas-en-radio-fm-vina\/\" \/>\n<meta property=\"og:locale\" content=\"es_ES\" \/>\n<meta property=\"og:type\" content=\"article\" \/>\n<meta property=\"og:title\" content=\"Creativos participan en ciclo de entrevistas en Radio FM Vi\u00f1a - Valpara\u00ed\u00adso Creativo\" \/>\n<meta property=\"og:description\" content=\"Durante el mes de julio los creativos de Valpara\u00edso han sido protagonistas en la Radio FM Vi\u00f1a, participando en el programa Cafet\u00edn \u201cEl late de la tarde\u201d, conducido por Rafael Manzo. Varias empresas del sector creativo fueron invitadas al programa en donde tuvieron la posibilidad de dar a conocer sus proyectos. Valpara\u00edso en Colores, Ciclo [&hellip;]\" \/>\n<meta property=\"og:url\" content=\"https:\/\/dev.antudigital.cl\/sites\/vc\/creativos-participan-en-ciclo-de-entrevistas-en-radio-fm-vina\/\" \/>\n<meta property=\"og:site_name\" content=\"Valpara\u00ed\u00adso Creativo\" \/>\n<meta property=\"article:published_time\" content=\"2018-07-23T12:28:52+00:00\" \/>\n<meta property=\"og:image\" content=\"https:\/\/dev.antudigital.cl\/sites\/vc\/wp-content\/uploads\/2018\/07\/Cafetinpublicidad.jpg\" \/>\n\t<meta property=\"og:image:width\" content=\"960\" \/>\n\t<meta property=\"og:image:height\" content=\"960\" \/>\n\t<meta property=\"og:image:type\" content=\"image\/jpeg\" \/>\n<meta name=\"twitter:card\" content=\"summary_large_image\" \/>\n<meta name=\"twitter:label1\" content=\"Escrito por\" \/>\n\t<meta name=\"twitter:data1\" content=\"\" \/>\n\t<meta name=\"twitter:label2\" content=\"Tiempo de lectura\" \/>\n\t<meta name=\"twitter:data2\" content=\"1 minuto\" \/>\n<script type=\"application\/ld+json\" class=\"yoast-schema-graph\">{\"@context\":\"https:\/\/schema.org\",\"@graph\":[{\"@type\":\"Article\",\"@id\":\"https:\/\/dev.antudigital.cl\/sites\/vc\/creativos-participan-en-ciclo-de-entrevistas-en-radio-fm-vina\/#article\",\"isPartOf\":{\"@id\":\"https:\/\/dev.antudigital.cl\/sites\/vc\/creativos-participan-en-ciclo-de-entrevistas-en-radio-fm-vina\/\"},\"author\":{\"name\":\"\",\"@id\":\"\"},\"headline\":\"Creativos participan en ciclo de entrevistas en Radio FM Vi\u00f1a\",\"datePublished\":\"2018-07-23T12:28:52+00:00\",\"mainEntityOfPage\":{\"@id\":\"https:\/\/dev.antudigital.cl\/sites\/vc\/creativos-participan-en-ciclo-de-entrevistas-en-radio-fm-vina\/\"},\"wordCount\":195,\"commentCount\":0,\"image\":{\"@id\":\"https:\/\/dev.antudigital.cl\/sites\/vc\/creativos-participan-en-ciclo-de-entrevistas-en-radio-fm-vina\/#primaryimage\"},\"thumbnailUrl\":\"https:\/\/dev.antudigital.cl\/sites\/vc\/wp-content\/uploads\/2018\/07\/Cafetinpublicidad.jpg\",\"keywords\":[\"economiacreativa\",\"entrevista\",\"radio\",\"sector creativo\"],\"articleSection\":[\"Noticia\"],\"inLanguage\":\"es\",\"potentialAction\":[{\"@type\":\"CommentAction\",\"name\":\"Comment\",\"target\":[\"https:\/\/dev.antudigital.cl\/sites\/vc\/creativos-participan-en-ciclo-de-entrevistas-en-radio-fm-vina\/#respond\"]}]},{\"@type\":\"WebPage\",\"@id\":\"https:\/\/dev.antudigital.cl\/sites\/vc\/creativos-participan-en-ciclo-de-entrevistas-en-radio-fm-vina\/\",\"url\":\"https:\/\/dev.antudigital.cl\/sites\/vc\/creativos-participan-en-ciclo-de-entrevistas-en-radio-fm-vina\/\",\"name\":\"Creativos participan en ciclo de entrevistas en Radio FM Vi\u00f1a - Valpara\u00ed\u00adso Creativo\",\"isPartOf\":{\"@id\":\"https:\/\/dev.antudigital.cl\/sites\/vc\/#website\"},\"primaryImageOfPage\":{\"@id\":\"https:\/\/dev.antudigital.cl\/sites\/vc\/creativos-participan-en-ciclo-de-entrevistas-en-radio-fm-vina\/#primaryimage\"},\"image\":{\"@id\":\"https:\/\/dev.antudigital.cl\/sites\/vc\/creativos-participan-en-ciclo-de-entrevistas-en-radio-fm-vina\/#primaryimage\"},\"thumbnailUrl\":\"https:\/\/dev.antudigital.cl\/sites\/vc\/wp-content\/uploads\/2018\/07\/Cafetinpublicidad.jpg\",\"datePublished\":\"2018-07-23T12:28:52+00:00\",\"author\":{\"@id\":\"\"},\"breadcrumb\":{\"@id\":\"https:\/\/dev.antudigital.cl\/sites\/vc\/creativos-participan-en-ciclo-de-entrevistas-en-radio-fm-vina\/#breadcrumb\"},\"inLanguage\":\"es\",\"potentialAction\":[{\"@type\":\"ReadAction\",\"target\":[\"https:\/\/dev.antudigital.cl\/sites\/vc\/creativos-participan-en-ciclo-de-entrevistas-en-radio-fm-vina\/\"]}]},{\"@type\":\"ImageObject\",\"inLanguage\":\"es\",\"@id\":\"https:\/\/dev.antudigital.cl\/sites\/vc\/creativos-participan-en-ciclo-de-entrevistas-en-radio-fm-vina\/#primaryimage\",\"url\":\"https:\/\/dev.antudigital.cl\/sites\/vc\/wp-content\/uploads\/2018\/07\/Cafetinpublicidad.jpg\",\"contentUrl\":\"https:\/\/dev.antudigital.cl\/sites\/vc\/wp-content\/uploads\/2018\/07\/Cafetinpublicidad.jpg\",\"width\":960,\"height\":960},{\"@type\":\"BreadcrumbList\",\"@id\":\"https:\/\/dev.antudigital.cl\/sites\/vc\/creativos-participan-en-ciclo-de-entrevistas-en-radio-fm-vina\/#breadcrumb\",\"itemListElement\":[{\"@type\":\"ListItem\",\"position\":1,\"name\":\"Home\",\"item\":\"https:\/\/dev.antudigital.cl\/sites\/vc\/\"},{\"@type\":\"ListItem\",\"position\":2,\"name\":\"Creativos participan en ciclo de entrevistas en Radio FM Vi\u00f1a\"}]},{\"@type\":\"WebSite\",\"@id\":\"https:\/\/dev.antudigital.cl\/sites\/vc\/#website\",\"url\":\"https:\/\/dev.antudigital.cl\/sites\/vc\/\",\"name\":\"Valpara\u00ed\u00adso Creativo\",\"description\":\"\",\"potentialAction\":[{\"@type\":\"SearchAction\",\"target\":{\"@type\":\"EntryPoint\",\"urlTemplate\":\"https:\/\/dev.antudigital.cl\/sites\/vc\/?s={search_term_string}\"},\"query-input\":{\"@type\":\"PropertyValueSpecification\",\"valueRequired\":true,\"valueName\":\"search_term_string\"}}],\"inLanguage\":\"es\"},{\"@type\":\"Person\",\"@id\":\"\",\"url\":\"https:\/\/dev.antudigital.cl\/sites\/vc\/author\/\"}]}<\/script>\n<!-- \/ Yoast SEO plugin. -->","yoast_head_json":{"title":"Creativos participan en ciclo de entrevistas en Radio FM Vi\u00f1a - Valpara\u00ed\u00adso Creativo","robots":{"index":"index","follow":"follow","max-snippet":"max-snippet:-1","max-image-preview":"max-image-preview:large","max-video-preview":"max-video-preview:-1"},"canonical":"https:\/\/dev.antudigital.cl\/sites\/vc\/creativos-participan-en-ciclo-de-entrevistas-en-radio-fm-vina\/","og_locale":"es_ES","og_type":"article","og_title":"Creativos participan en ciclo de entrevistas en Radio FM Vi\u00f1a - Valpara\u00ed\u00adso Creativo","og_description":"Durante el mes de julio los creativos de Valpara\u00edso han sido protagonistas en la Radio FM Vi\u00f1a, participando en el programa Cafet\u00edn \u201cEl late de la tarde\u201d, conducido por Rafael Manzo. Varias empresas del sector creativo fueron invitadas al programa en donde tuvieron la posibilidad de dar a conocer sus proyectos. Valpara\u00edso en Colores, Ciclo [&hellip;]","og_url":"https:\/\/dev.antudigital.cl\/sites\/vc\/creativos-participan-en-ciclo-de-entrevistas-en-radio-fm-vina\/","og_site_name":"Valpara\u00ed\u00adso Creativo","article_published_time":"2018-07-23T12:28:52+00:00","og_image":[{"width":960,"height":960,"url":"https:\/\/dev.antudigital.cl\/sites\/vc\/wp-content\/uploads\/2018\/07\/Cafetinpublicidad.jpg","type":"image\/jpeg"}],"twitter_card":"summary_large_image","twitter_misc":{"Escrito por":"","Tiempo de lectura":"1 minuto"},"schema":{"@context":"https:\/\/schema.org","@graph":[{"@type":"Article","@id":"https:\/\/dev.antudigital.cl\/sites\/vc\/creativos-participan-en-ciclo-de-entrevistas-en-radio-fm-vina\/#article","isPartOf":{"@id":"https:\/\/dev.antudigital.cl\/sites\/vc\/creativos-participan-en-ciclo-de-entrevistas-en-radio-fm-vina\/"},"author":{"name":"","@id":""},"headline":"Creativos participan en ciclo de entrevistas en Radio FM Vi\u00f1a","datePublished":"2018-07-23T12:28:52+00:00","mainEntityOfPage":{"@id":"https:\/\/dev.antudigital.cl\/sites\/vc\/creativos-participan-en-ciclo-de-entrevistas-en-radio-fm-vina\/"},"wordCount":195,"commentCount":0,"image":{"@id":"https:\/\/dev.antudigital.cl\/sites\/vc\/creativos-participan-en-ciclo-de-entrevistas-en-radio-fm-vina\/#primaryimage"},"thumbnailUrl":"https:\/\/dev.antudigital.cl\/sites\/vc\/wp-content\/uploads\/2018\/07\/Cafetinpublicidad.jpg","keywords":["economiacreativa","entrevista","radio","sector creativo"],"articleSection":["Noticia"],"inLanguage":"es","potentialAction":[{"@type":"CommentAction","name":"Comment","target":["https:\/\/dev.antudigital.cl\/sites\/vc\/creativos-participan-en-ciclo-de-entrevistas-en-radio-fm-vina\/#respond"]}]},{"@type":"WebPage","@id":"https:\/\/dev.antudigital.cl\/sites\/vc\/creativos-participan-en-ciclo-de-entrevistas-en-radio-fm-vina\/","url":"https:\/\/dev.antudigital.cl\/sites\/vc\/creativos-participan-en-ciclo-de-entrevistas-en-radio-fm-vina\/","name":"Creativos participan en ciclo de entrevistas en Radio FM Vi\u00f1a - Valpara\u00ed\u00adso Creativo","isPartOf":{"@id":"https:\/\/dev.antudigital.cl\/sites\/vc\/#website"},"primaryImageOfPage":{"@id":"https:\/\/dev.antudigital.cl\/sites\/vc\/creativos-participan-en-ciclo-de-entrevistas-en-radio-fm-vina\/#primaryimage"},"image":{"@id":"https:\/\/dev.antudigital.cl\/sites\/vc\/creativos-participan-en-ciclo-de-entrevistas-en-radio-fm-vina\/#primaryimage"},"thumbnailUrl":"https:\/\/dev.antudigital.cl\/sites\/vc\/wp-content\/uploads\/2018\/07\/Cafetinpublicidad.jpg","datePublished":"2018-07-23T12:28:52+00:00","author":{"@id":""},"breadcrumb":{"@id":"https:\/\/dev.antudigital.cl\/sites\/vc\/creativos-participan-en-ciclo-de-entrevistas-en-radio-fm-vina\/#breadcrumb"},"inLanguage":"es","potentialAction":[{"@type":"ReadAction","target":["https:\/\/dev.antudigital.cl\/sites\/vc\/creativos-participan-en-ciclo-de-entrevistas-en-radio-fm-vina\/"]}]},{"@type":"ImageObject","inLanguage":"es","@id":"https:\/\/dev.antudigital.cl\/sites\/vc\/creativos-participan-en-ciclo-de-entrevistas-en-radio-fm-vina\/#primaryimage","url":"https:\/\/dev.antudigital.cl\/sites\/vc\/wp-content\/uploads\/2018\/07\/Cafetinpublicidad.jpg","contentUrl":"https:\/\/dev.antudigital.cl\/sites\/vc\/wp-content\/uploads\/2018\/07\/Cafetinpublicidad.jpg","width":960,"height":960},{"@type":"BreadcrumbList","@id":"https:\/\/dev.antudigital.cl\/sites\/vc\/creativos-participan-en-ciclo-de-entrevistas-en-radio-fm-vina\/#breadcrumb","itemListElement":[{"@type":"ListItem","position":1,"name":"Home","item":"https:\/\/dev.antudigital.cl\/sites\/vc\/"},{"@type":"ListItem","position":2,"name":"Creativos participan en ciclo de entrevistas en Radio FM Vi\u00f1a"}]},{"@type":"WebSite","@id":"https:\/\/dev.antudigital.cl\/sites\/vc\/#website","url":"https:\/\/dev.antudigital.cl\/sites\/vc\/","name":"Valpara\u00ed\u00adso Creativo","description":"","potentialAction":[{"@type":"SearchAction","target":{"@type":"EntryPoint","urlTemplate":"https:\/\/dev.antudigital.cl\/sites\/vc\/?s={search_term_string}"},"query-input":{"@type":"PropertyValueSpecification","valueRequired":true,"valueName":"search_term_string"}}],"inLanguage":"es"},{"@type":"Person","@id":"","url":"https:\/\/dev.antudigital.cl\/sites\/vc\/author\/"}]}},"_links":{"self":[{"href":"https:\/\/dev.antudigital.cl\/sites\/vc\/wp-json\/wp\/v2\/posts\/9268","targetHints":{"allow":["GET"]}}],"collection":[{"href":"https:\/\/dev.antudigital.cl\/sites\/vc\/wp-json\/wp\/v2\/posts"}],"about":[{"href":"https:\/\/dev.antudigital.cl\/sites\/vc\/wp-json\/wp\/v2\/types\/post"}],"author":[{"embeddable":true,"href":"https:\/\/dev.antudigital.cl\/sites\/vc\/wp-json\/wp\/v2\/users\/8"}],"replies":[{"embeddable":true,"href":"https:\/\/dev.antudigital.cl\/sites\/vc\/wp-json\/wp\/v2\/comments?post=9268"}],"version-history":[{"count":0,"href":"https:\/\/dev.antudigital.cl\/sites\/vc\/wp-json\/wp\/v2\/posts\/9268\/revisions"}],"wp:featuredmedia":[{"embeddable":true,"href":"https:\/\/dev.antudigital.cl\/sites\/vc\/wp-json\/wp\/v2\/media\/9270"}],"wp:attachment":[{"href":"https:\/\/dev.antudigital.cl\/sites\/vc\/wp-json\/wp\/v2\/media?parent=9268"}],"wp:term":[{"taxonomy":"category","embeddable":true,"href":"https:\/\/dev.antudigital.cl\/sites\/vc\/wp-json\/wp\/v2\/categories?post=9268"},{"taxonomy":"post_tag","embeddable":true,"href":"https:\/\/dev.antudigital.cl\/sites\/vc\/wp-json\/wp\/v2\/tags?post=9268"}],"curies":[{"name":"wp","href":"https:\/\/api.w.org\/{rel}","templated":true}]}}