{"id":9272,"date":"2018-07-09T15:57:52","date_gmt":"2018-07-09T15:57:52","guid":{"rendered":"http:\/\/www.valparaisocreativo.cl\/?p=2380"},"modified":"2021-12-27T04:40:52","modified_gmt":"2021-12-27T04:40:52","slug":"se-abre-convocatoria-para-realizar-campana-de-posicionamiento-para-aplicacion-movil-vlpo","status":"publish","type":"post","link":"https:\/\/dev.antudigital.cl\/sites\/vc\/se-abre-convocatoria-para-realizar-campana-de-posicionamiento-para-aplicacion-movil-vlpo\/","title":{"rendered":"Se abre convocatoria para realizar campa\u00f1a de posicionamiento para aplicaci\u00f3n m\u00f3vil VLPO"},"content":{"rendered":"<p>El programa Valpara\u00edso Creativo junto a la Ilustre Municipalidad de Valpara\u00edso, hace un llamado a empresas, agencias de comunicaciones y publicidad a que postulen para llevar a cabo una campa\u00f1a de posicionamiento para la aplicaci\u00f3n m\u00f3vil de turismo VLPO, desarrollada por la Direcci\u00f3n de Turismo de la Ilustre Municipalidad de Valpara\u00edso.<\/p>\n<p>Los interesados en participar de este llamado, deben contar con una personalidad jur\u00eddica, experiencia demostrable en la materia y tener la disponibilidad de asistir a una reuni\u00f3n obligatoria para ser parte del proceso, el d\u00eda&nbsp;<strong>12 julio a las 10 horas<\/strong>.&nbsp;En dicha reuni\u00f3n se har\u00e1 un brief de la plataforma VLPO explicando los objetivos a lograr con esta campa\u00f1a, adem\u00e1s de resolver dudas t\u00e9cnicas.<\/p>\n<p>Para esta primera etapa deben manifestar su inter\u00e9s y enviar copia del rut de la empresa al correo electr\u00f3nico hola@valparaisocreativo.cl hasta<strong> el 11 de julio a las 18.00 horas.<\/strong><\/p>\n<p>En una segunda etapa, luego de haber asistido a la presentaci\u00f3n, los postulantes tendr\u00e1n que enviar sus propuestas, junto a su portafolio hasta el <strong>17 de julio a las 17 horas<\/strong> v\u00eda correo electr\u00f3nico a <a href=\"mailto:hola@valparaisocreativo.cl\">hola@valparaisocreativo.cl<\/a>.<\/p>\n<p>La realizaci\u00f3n de la campa\u00f1a est\u00e1 planificada para una duraci\u00f3n de cuatro meses desde la adjudicaci\u00f3n de la oferta.<\/p>\n<p>Para mayor informaci\u00f3n y antecedentes, consulta:&nbsp;<a href=\"http:\/\/www.valparaisocreativo.cl\/wp-content\/uploads\/2018\/07\/TDR_difusio\u0301nvlpo_090718-PM.pdf\" target=\"_blank\" rel=\"noopener noreferrer\">Bases de postulaci\u00f3n<\/a><\/p>\n","protected":false},"excerpt":{"rendered":"<p>El programa Valpara\u00edso Creativo junto a la Ilustre Municipalidad de Valpara\u00edso, hace un llamado a empresas, agencias de comunicaciones y publicidad a que postulen para llevar a cabo una campa\u00f1a de posicionamiento para la aplicaci\u00f3n m\u00f3vil de turismo VLPO, desarrollada por la Direcci\u00f3n de Turismo de la Ilustre Municipalidad de Valpara\u00edso. Los interesados en participar [&hellip;]<\/p>\n","protected":false},"author":8,"featured_media":9255,"comment_status":"open","ping_status":"closed","sticky":false,"template":"","format":"standard","meta":{"_acf_changed":false,"footnotes":""},"categories":[23,8],"tags":[],"class_list":["post-9272","post","type-post","status-publish","format-standard","has-post-thumbnail","hentry","category-licitacion","category-noticia"],"acf":[],"yoast_head":"<!-- This site is optimized with the Yoast SEO plugin v27.1.1 - https:\/\/yoast.com\/product\/yoast-seo-wordpress\/ -->\n<title>Se abre convocatoria para realizar campa\u00f1a de posicionamiento para aplicaci\u00f3n m\u00f3vil VLPO - Valpara\u00ed\u00adso Creativo<\/title>\n<meta name=\"robots\" content=\"index, follow, max-snippet:-1, max-image-preview:large, max-video-preview:-1\" \/>\n<link rel=\"canonical\" href=\"https:\/\/dev.antudigital.cl\/sites\/vc\/se-abre-convocatoria-para-realizar-campana-de-posicionamiento-para-aplicacion-movil-vlpo\/\" \/>\n<meta property=\"og:locale\" content=\"es_ES\" \/>\n<meta property=\"og:type\" content=\"article\" \/>\n<meta property=\"og:title\" content=\"Se abre convocatoria para realizar campa\u00f1a de posicionamiento para aplicaci\u00f3n m\u00f3vil VLPO - Valpara\u00ed\u00adso Creativo\" \/>\n<meta property=\"og:description\" content=\"El programa Valpara\u00edso Creativo junto a la Ilustre Municipalidad de Valpara\u00edso, hace un llamado a empresas, agencias de comunicaciones y publicidad a que postulen para llevar a cabo una campa\u00f1a de posicionamiento para la aplicaci\u00f3n m\u00f3vil de turismo VLPO, desarrollada por la Direcci\u00f3n de Turismo de la Ilustre Municipalidad de Valpara\u00edso. Los interesados en participar [&hellip;]\" \/>\n<meta property=\"og:url\" content=\"https:\/\/dev.antudigital.cl\/sites\/vc\/se-abre-convocatoria-para-realizar-campana-de-posicionamiento-para-aplicacion-movil-vlpo\/\" \/>\n<meta property=\"og:site_name\" content=\"Valpara\u00ed\u00adso Creativo\" \/>\n<meta property=\"article:published_time\" content=\"2018-07-09T15:57:52+00:00\" \/>\n<meta property=\"article:modified_time\" content=\"2021-12-27T04:40:52+00:00\" \/>\n<meta property=\"og:image\" content=\"https:\/\/dev.antudigital.cl\/sites\/vc\/wp-content\/uploads\/2018\/09\/NCR9310-1-scaled.jpg\" \/>\n\t<meta property=\"og:image:width\" content=\"2560\" \/>\n\t<meta property=\"og:image:height\" content=\"1707\" \/>\n\t<meta property=\"og:image:type\" content=\"image\/jpeg\" \/>\n<meta name=\"twitter:card\" content=\"summary_large_image\" \/>\n<meta name=\"twitter:label1\" content=\"Escrito por\" \/>\n\t<meta name=\"twitter:data1\" content=\"\" \/>\n\t<meta name=\"twitter:label2\" content=\"Tiempo de lectura\" \/>\n\t<meta name=\"twitter:data2\" content=\"1 minuto\" \/>\n<script type=\"application\/ld+json\" class=\"yoast-schema-graph\">{\"@context\":\"https:\/\/schema.org\",\"@graph\":[{\"@type\":\"Article\",\"@id\":\"https:\/\/dev.antudigital.cl\/sites\/vc\/se-abre-convocatoria-para-realizar-campana-de-posicionamiento-para-aplicacion-movil-vlpo\/#article\",\"isPartOf\":{\"@id\":\"https:\/\/dev.antudigital.cl\/sites\/vc\/se-abre-convocatoria-para-realizar-campana-de-posicionamiento-para-aplicacion-movil-vlpo\/\"},\"author\":{\"name\":\"\",\"@id\":\"\"},\"headline\":\"Se abre convocatoria para realizar campa\u00f1a de posicionamiento para aplicaci\u00f3n m\u00f3vil VLPO\",\"datePublished\":\"2018-07-09T15:57:52+00:00\",\"dateModified\":\"2021-12-27T04:40:52+00:00\",\"mainEntityOfPage\":{\"@id\":\"https:\/\/dev.antudigital.cl\/sites\/vc\/se-abre-convocatoria-para-realizar-campana-de-posicionamiento-para-aplicacion-movil-vlpo\/\"},\"wordCount\":251,\"commentCount\":0,\"image\":{\"@id\":\"https:\/\/dev.antudigital.cl\/sites\/vc\/se-abre-convocatoria-para-realizar-campana-de-posicionamiento-para-aplicacion-movil-vlpo\/#primaryimage\"},\"thumbnailUrl\":\"https:\/\/dev.antudigital.cl\/sites\/vc\/wp-content\/uploads\/2018\/09\/NCR9310-1-scaled.jpg\",\"articleSection\":[\"Licitacion\",\"Noticia\"],\"inLanguage\":\"es\",\"potentialAction\":[{\"@type\":\"CommentAction\",\"name\":\"Comment\",\"target\":[\"https:\/\/dev.antudigital.cl\/sites\/vc\/se-abre-convocatoria-para-realizar-campana-de-posicionamiento-para-aplicacion-movil-vlpo\/#respond\"]}]},{\"@type\":\"WebPage\",\"@id\":\"https:\/\/dev.antudigital.cl\/sites\/vc\/se-abre-convocatoria-para-realizar-campana-de-posicionamiento-para-aplicacion-movil-vlpo\/\",\"url\":\"https:\/\/dev.antudigital.cl\/sites\/vc\/se-abre-convocatoria-para-realizar-campana-de-posicionamiento-para-aplicacion-movil-vlpo\/\",\"name\":\"Se abre convocatoria para realizar campa\u00f1a de posicionamiento para aplicaci\u00f3n m\u00f3vil VLPO - Valpara\u00ed\u00adso Creativo\",\"isPartOf\":{\"@id\":\"https:\/\/dev.antudigital.cl\/sites\/vc\/#website\"},\"primaryImageOfPage\":{\"@id\":\"https:\/\/dev.antudigital.cl\/sites\/vc\/se-abre-convocatoria-para-realizar-campana-de-posicionamiento-para-aplicacion-movil-vlpo\/#primaryimage\"},\"image\":{\"@id\":\"https:\/\/dev.antudigital.cl\/sites\/vc\/se-abre-convocatoria-para-realizar-campana-de-posicionamiento-para-aplicacion-movil-vlpo\/#primaryimage\"},\"thumbnailUrl\":\"https:\/\/dev.antudigital.cl\/sites\/vc\/wp-content\/uploads\/2018\/09\/NCR9310-1-scaled.jpg\",\"datePublished\":\"2018-07-09T15:57:52+00:00\",\"dateModified\":\"2021-12-27T04:40:52+00:00\",\"author\":{\"@id\":\"\"},\"breadcrumb\":{\"@id\":\"https:\/\/dev.antudigital.cl\/sites\/vc\/se-abre-convocatoria-para-realizar-campana-de-posicionamiento-para-aplicacion-movil-vlpo\/#breadcrumb\"},\"inLanguage\":\"es\",\"potentialAction\":[{\"@type\":\"ReadAction\",\"target\":[\"https:\/\/dev.antudigital.cl\/sites\/vc\/se-abre-convocatoria-para-realizar-campana-de-posicionamiento-para-aplicacion-movil-vlpo\/\"]}]},{\"@type\":\"ImageObject\",\"inLanguage\":\"es\",\"@id\":\"https:\/\/dev.antudigital.cl\/sites\/vc\/se-abre-convocatoria-para-realizar-campana-de-posicionamiento-para-aplicacion-movil-vlpo\/#primaryimage\",\"url\":\"https:\/\/dev.antudigital.cl\/sites\/vc\/wp-content\/uploads\/2018\/09\/NCR9310-1-scaled.jpg\",\"contentUrl\":\"https:\/\/dev.antudigital.cl\/sites\/vc\/wp-content\/uploads\/2018\/09\/NCR9310-1-scaled.jpg\",\"width\":2560,\"height\":1707},{\"@type\":\"BreadcrumbList\",\"@id\":\"https:\/\/dev.antudigital.cl\/sites\/vc\/se-abre-convocatoria-para-realizar-campana-de-posicionamiento-para-aplicacion-movil-vlpo\/#breadcrumb\",\"itemListElement\":[{\"@type\":\"ListItem\",\"position\":1,\"name\":\"Home\",\"item\":\"https:\/\/dev.antudigital.cl\/sites\/vc\/\"},{\"@type\":\"ListItem\",\"position\":2,\"name\":\"Se abre convocatoria para realizar campa\u00f1a de posicionamiento para aplicaci\u00f3n m\u00f3vil VLPO\"}]},{\"@type\":\"WebSite\",\"@id\":\"https:\/\/dev.antudigital.cl\/sites\/vc\/#website\",\"url\":\"https:\/\/dev.antudigital.cl\/sites\/vc\/\",\"name\":\"Valpara\u00ed\u00adso Creativo\",\"description\":\"\",\"potentialAction\":[{\"@type\":\"SearchAction\",\"target\":{\"@type\":\"EntryPoint\",\"urlTemplate\":\"https:\/\/dev.antudigital.cl\/sites\/vc\/?s={search_term_string}\"},\"query-input\":{\"@type\":\"PropertyValueSpecification\",\"valueRequired\":true,\"valueName\":\"search_term_string\"}}],\"inLanguage\":\"es\"},{\"@type\":\"Person\",\"@id\":\"\",\"url\":\"https:\/\/dev.antudigital.cl\/sites\/vc\/author\/\"}]}<\/script>\n<!-- \/ Yoast SEO plugin. -->","yoast_head_json":{"title":"Se abre convocatoria para realizar campa\u00f1a de posicionamiento para aplicaci\u00f3n m\u00f3vil VLPO - Valpara\u00ed\u00adso Creativo","robots":{"index":"index","follow":"follow","max-snippet":"max-snippet:-1","max-image-preview":"max-image-preview:large","max-video-preview":"max-video-preview:-1"},"canonical":"https:\/\/dev.antudigital.cl\/sites\/vc\/se-abre-convocatoria-para-realizar-campana-de-posicionamiento-para-aplicacion-movil-vlpo\/","og_locale":"es_ES","og_type":"article","og_title":"Se abre convocatoria para realizar campa\u00f1a de posicionamiento para aplicaci\u00f3n m\u00f3vil VLPO - Valpara\u00ed\u00adso Creativo","og_description":"El programa Valpara\u00edso Creativo junto a la Ilustre Municipalidad de Valpara\u00edso, hace un llamado a empresas, agencias de comunicaciones y publicidad a que postulen para llevar a cabo una campa\u00f1a de posicionamiento para la aplicaci\u00f3n m\u00f3vil de turismo VLPO, desarrollada por la Direcci\u00f3n de Turismo de la Ilustre Municipalidad de Valpara\u00edso. Los interesados en participar [&hellip;]","og_url":"https:\/\/dev.antudigital.cl\/sites\/vc\/se-abre-convocatoria-para-realizar-campana-de-posicionamiento-para-aplicacion-movil-vlpo\/","og_site_name":"Valpara\u00ed\u00adso Creativo","article_published_time":"2018-07-09T15:57:52+00:00","article_modified_time":"2021-12-27T04:40:52+00:00","og_image":[{"width":2560,"height":1707,"url":"https:\/\/dev.antudigital.cl\/sites\/vc\/wp-content\/uploads\/2018\/09\/NCR9310-1-scaled.jpg","type":"image\/jpeg"}],"twitter_card":"summary_large_image","twitter_misc":{"Escrito por":"","Tiempo de lectura":"1 minuto"},"schema":{"@context":"https:\/\/schema.org","@graph":[{"@type":"Article","@id":"https:\/\/dev.antudigital.cl\/sites\/vc\/se-abre-convocatoria-para-realizar-campana-de-posicionamiento-para-aplicacion-movil-vlpo\/#article","isPartOf":{"@id":"https:\/\/dev.antudigital.cl\/sites\/vc\/se-abre-convocatoria-para-realizar-campana-de-posicionamiento-para-aplicacion-movil-vlpo\/"},"author":{"name":"","@id":""},"headline":"Se abre convocatoria para realizar campa\u00f1a de posicionamiento para aplicaci\u00f3n m\u00f3vil VLPO","datePublished":"2018-07-09T15:57:52+00:00","dateModified":"2021-12-27T04:40:52+00:00","mainEntityOfPage":{"@id":"https:\/\/dev.antudigital.cl\/sites\/vc\/se-abre-convocatoria-para-realizar-campana-de-posicionamiento-para-aplicacion-movil-vlpo\/"},"wordCount":251,"commentCount":0,"image":{"@id":"https:\/\/dev.antudigital.cl\/sites\/vc\/se-abre-convocatoria-para-realizar-campana-de-posicionamiento-para-aplicacion-movil-vlpo\/#primaryimage"},"thumbnailUrl":"https:\/\/dev.antudigital.cl\/sites\/vc\/wp-content\/uploads\/2018\/09\/NCR9310-1-scaled.jpg","articleSection":["Licitacion","Noticia"],"inLanguage":"es","potentialAction":[{"@type":"CommentAction","name":"Comment","target":["https:\/\/dev.antudigital.cl\/sites\/vc\/se-abre-convocatoria-para-realizar-campana-de-posicionamiento-para-aplicacion-movil-vlpo\/#respond"]}]},{"@type":"WebPage","@id":"https:\/\/dev.antudigital.cl\/sites\/vc\/se-abre-convocatoria-para-realizar-campana-de-posicionamiento-para-aplicacion-movil-vlpo\/","url":"https:\/\/dev.antudigital.cl\/sites\/vc\/se-abre-convocatoria-para-realizar-campana-de-posicionamiento-para-aplicacion-movil-vlpo\/","name":"Se abre convocatoria para realizar campa\u00f1a de posicionamiento para aplicaci\u00f3n m\u00f3vil VLPO - Valpara\u00ed\u00adso Creativo","isPartOf":{"@id":"https:\/\/dev.antudigital.cl\/sites\/vc\/#website"},"primaryImageOfPage":{"@id":"https:\/\/dev.antudigital.cl\/sites\/vc\/se-abre-convocatoria-para-realizar-campana-de-posicionamiento-para-aplicacion-movil-vlpo\/#primaryimage"},"image":{"@id":"https:\/\/dev.antudigital.cl\/sites\/vc\/se-abre-convocatoria-para-realizar-campana-de-posicionamiento-para-aplicacion-movil-vlpo\/#primaryimage"},"thumbnailUrl":"https:\/\/dev.antudigital.cl\/sites\/vc\/wp-content\/uploads\/2018\/09\/NCR9310-1-scaled.jpg","datePublished":"2018-07-09T15:57:52+00:00","dateModified":"2021-12-27T04:40:52+00:00","author":{"@id":""},"breadcrumb":{"@id":"https:\/\/dev.antudigital.cl\/sites\/vc\/se-abre-convocatoria-para-realizar-campana-de-posicionamiento-para-aplicacion-movil-vlpo\/#breadcrumb"},"inLanguage":"es","potentialAction":[{"@type":"ReadAction","target":["https:\/\/dev.antudigital.cl\/sites\/vc\/se-abre-convocatoria-para-realizar-campana-de-posicionamiento-para-aplicacion-movil-vlpo\/"]}]},{"@type":"ImageObject","inLanguage":"es","@id":"https:\/\/dev.antudigital.cl\/sites\/vc\/se-abre-convocatoria-para-realizar-campana-de-posicionamiento-para-aplicacion-movil-vlpo\/#primaryimage","url":"https:\/\/dev.antudigital.cl\/sites\/vc\/wp-content\/uploads\/2018\/09\/NCR9310-1-scaled.jpg","contentUrl":"https:\/\/dev.antudigital.cl\/sites\/vc\/wp-content\/uploads\/2018\/09\/NCR9310-1-scaled.jpg","width":2560,"height":1707},{"@type":"BreadcrumbList","@id":"https:\/\/dev.antudigital.cl\/sites\/vc\/se-abre-convocatoria-para-realizar-campana-de-posicionamiento-para-aplicacion-movil-vlpo\/#breadcrumb","itemListElement":[{"@type":"ListItem","position":1,"name":"Home","item":"https:\/\/dev.antudigital.cl\/sites\/vc\/"},{"@type":"ListItem","position":2,"name":"Se abre convocatoria para realizar campa\u00f1a de posicionamiento para aplicaci\u00f3n m\u00f3vil VLPO"}]},{"@type":"WebSite","@id":"https:\/\/dev.antudigital.cl\/sites\/vc\/#website","url":"https:\/\/dev.antudigital.cl\/sites\/vc\/","name":"Valpara\u00ed\u00adso Creativo","description":"","potentialAction":[{"@type":"SearchAction","target":{"@type":"EntryPoint","urlTemplate":"https:\/\/dev.antudigital.cl\/sites\/vc\/?s={search_term_string}"},"query-input":{"@type":"PropertyValueSpecification","valueRequired":true,"valueName":"search_term_string"}}],"inLanguage":"es"},{"@type":"Person","@id":"","url":"https:\/\/dev.antudigital.cl\/sites\/vc\/author\/"}]}},"_links":{"self":[{"href":"https:\/\/dev.antudigital.cl\/sites\/vc\/wp-json\/wp\/v2\/posts\/9272","targetHints":{"allow":["GET"]}}],"collection":[{"href":"https:\/\/dev.antudigital.cl\/sites\/vc\/wp-json\/wp\/v2\/posts"}],"about":[{"href":"https:\/\/dev.antudigital.cl\/sites\/vc\/wp-json\/wp\/v2\/types\/post"}],"author":[{"embeddable":true,"href":"https:\/\/dev.antudigital.cl\/sites\/vc\/wp-json\/wp\/v2\/users\/8"}],"replies":[{"embeddable":true,"href":"https:\/\/dev.antudigital.cl\/sites\/vc\/wp-json\/wp\/v2\/comments?post=9272"}],"version-history":[{"count":1,"href":"https:\/\/dev.antudigital.cl\/sites\/vc\/wp-json\/wp\/v2\/posts\/9272\/revisions"}],"predecessor-version":[{"id":9273,"href":"https:\/\/dev.antudigital.cl\/sites\/vc\/wp-json\/wp\/v2\/posts\/9272\/revisions\/9273"}],"wp:featuredmedia":[{"embeddable":true,"href":"https:\/\/dev.antudigital.cl\/sites\/vc\/wp-json\/wp\/v2\/media\/9255"}],"wp:attachment":[{"href":"https:\/\/dev.antudigital.cl\/sites\/vc\/wp-json\/wp\/v2\/media?parent=9272"}],"wp:term":[{"taxonomy":"category","embeddable":true,"href":"https:\/\/dev.antudigital.cl\/sites\/vc\/wp-json\/wp\/v2\/categories?post=9272"},{"taxonomy":"post_tag","embeddable":true,"href":"https:\/\/dev.antudigital.cl\/sites\/vc\/wp-json\/wp\/v2\/tags?post=9272"}],"curies":[{"name":"wp","href":"https:\/\/api.w.org\/{rel}","templated":true}]}}