{"id":9276,"date":"2018-06-12T14:04:53","date_gmt":"2018-06-12T14:04:53","guid":{"rendered":"http:\/\/www.valparaisocreativo.cl\/?p=2366"},"modified":"2018-06-12T14:04:53","modified_gmt":"2018-06-12T14:04:53","slug":"sector-creativo-de-valparaiso-tiene-destacada-participacion-en-el-22o-encuentro-empresarial-inspira","status":"publish","type":"post","link":"https:\/\/dev.antudigital.cl\/sites\/vc\/sector-creativo-de-valparaiso-tiene-destacada-participacion-en-el-22o-encuentro-empresarial-inspira\/","title":{"rendered":"Sector creativo de Valpara\u00edso tiene destacada participaci\u00f3n en el 22\u00ba Encuentro Empresarial Inspira"},"content":{"rendered":"<ul>\n<li><span style=\"font-weight: 400;\">Bajo el paraguas del programa estrat\u00e9gico regional de Corfo, Valpara\u00edso Creativo, m\u00e1s de 20 empresas creativas de la regi\u00f3n de Valpara\u00edso &#8211; estuvieron presentes en el 22\u00ba Encuentro Empresarial, Inspira, organizado por la C\u00e1mara Regional de Comercio y la Producci\u00f3n. &nbsp;<\/span><\/li>\n<\/ul>\n<p><span style=\"font-weight: 400;\">Fueron dos d\u00edas, el 6 y 7 de junio pasado, en donde un grupo de empresas creativas de la regi\u00f3n de Valpara\u00edso -de los sectores del audiovisual, dise\u00f1o y dise\u00f1o de producto, publicidad y marketing, m\u00fasica, videojuegos, soluciones tecnol\u00f3gicas, valor compartido y responsabilidad social empresarial- tuvieron la oportunidad de generar v\u00ednculos y visibilizar su oferta en uno de los espacios m\u00e1s importantes para el sector empresarial de la regi\u00f3n: el Encuentro Empresarial de la CRCP. <\/span><\/p>\n<p>&nbsp;<\/p>\n<p><span style=\"font-weight: 400;\">La participaci\u00f3n se gest\u00f3 a trav\u00e9s de un trabajo coordinado y colaborativo, &nbsp;co-gestionado por una mesa de servicios creativos, que se conform\u00f3 mediante una convocatoria abierta a trav\u00e9s de las redes de <\/span><b>Valpara\u00edso Creativ<\/b><span style=\"font-weight: 400;\">o. De este modo, fueron finalmente 22 empresas quienes participaron de esta instancia. \u00c9ste fue el primer gran hito de esta labor en conjunto, con miras de extenderlo en el tiempo y crear otras instancias con \u00e9stas y otras empresas que son parte de la mesa. <\/span><\/p>\n<p>&nbsp;<\/p>\n<p><span style=\"font-weight: 400;\">Ambas jornadas del Encuentro Empresarial, estuvieron marcadas por la diferenciaci\u00f3n de la propuesta creativa en el stand en donde convivieron las 22 empresas creativas. La construcci\u00f3n del espacio de exhibici\u00f3n para Valpara\u00edso Creativo, estuvo a cargo de la plataforma creativa <\/span><a href=\"https:\/\/docena.net\/\"><b>12-NA<\/b><\/a><span style=\"font-weight: 400;\">, quienes a trav\u00e9s del uso de material sustentable y reciclado, entregaron una propuesta novedosa, interesante y que llam\u00f3 la atenci\u00f3n de la mayor\u00eda de los visitantes. <\/span><\/p>\n<p>&nbsp;<\/p>\n<p><span style=\"font-weight: 400;\"><a href=\"http:\/\/www.valparaisocreativo.cl\/wp-content\/uploads\/2018\/06\/DSF2655.jpg\"><img fetchpriority=\"high\" decoding=\"async\" class=\"alignleft wp-image-2373 size-medium\" src=\"http:\/\/www.valparaisocreativo.cl\/wp-content\/uploads\/2018\/06\/DSF2655-300x200.jpg\" alt=\"\" width=\"300\" height=\"200\"><\/a>En el mismo stand, la oferta creativa se visibiliz\u00f3, de distintas formas. Una de ellas fue con un cat\u00e1logo digital desarrollado por <\/span><a href=\"http:\/\/www.abstractdw.com\/\"><b>Abstract Digital Works<\/b><\/a><span style=\"font-weight: 400;\"> -empresa de desarrollo de videojuegos y experiencias interactivas, el que fue fundamental para que los visitantes de la feria conocieran las distintas propuestas creativas. En este mismo tono, fue primordial la labor que realizaron los promotores facilitados por <\/span><a href=\"http:\/\/goso.cl\/nueva\/\"><b>Goso<\/b><\/a><span style=\"font-weight: 400;\">, gestora creativa del Desarrollo Humano, el Bienestar y la Felicidad enfocada a facilitar experiencias de aprendizajes. Otra de las formas de visibilidad fue la realizaci\u00f3n de videos dando a conocer los servicios creativos de la regi\u00f3n, hecho por<\/span><b><a href=\"http:\/\/www.luchofilms.cl\"> Lucho Films<\/a>, <\/b><span style=\"font-weight: 400;\">productora desarrolladora de diversos proyectos cinematogr\u00e1ficos. <\/span><\/p>\n<p>&nbsp;<\/p>\n<p><span style=\"font-weight: 400;\">Se realizaron demostraciones de los servicios que las empresas creativas ofrecen, lo que permiti\u00f3 darse a conocer de una forma m\u00e1s directa. &nbsp;<\/span><a href=\"http:\/\/www.ciclocolabora.cl\"><b>Ciclo Colabora <\/b><\/a><span style=\"font-weight: 400;\">-empresas social que comercializa regalos corporativos y productos publicitarios fabricados por mujeres emprendedoras de la Regi\u00f3n de Valpara\u00edso- exhibieron distintos productos. As\u00ed, fue tambi\u00e9n, que lo hizo la agencia creativa <\/span><b>De la Costa Dise\u00f1o<\/b><span style=\"font-weight: 400;\">, con sus revista Raya\u00edsmo y <\/span><b><a href=\"http:\/\/www.valparaisoencolores.com\">Valpara\u00edso en Colores<\/a>. &nbsp;<\/b><\/p>\n<p><span style=\"font-weight: 400;\"><a href=\"http:\/\/www.valparaisocreativo.cl\/wp-content\/uploads\/2018\/06\/DSF2818.jpg\"><img decoding=\"async\" class=\"alignleft wp-image-2371 size-medium\" src=\"http:\/\/www.valparaisocreativo.cl\/wp-content\/uploads\/2018\/06\/DSF2818-200x300.jpg\" alt=\"\" width=\"200\" height=\"300\"><\/a>Tambi\u00e9n hubo demostraciones de videojuegos y soluciones tecnol\u00f3gicas. Entre ellas una de las que m\u00e1s caus\u00f3 atracci\u00f3n, tanto el d\u00eda mi\u00e9rcoles como jueves, &nbsp;fue la de <\/span><a href=\"http:\/\/www.yoy.cl\"><b>Yoy Simulators<\/b><\/a><span style=\"font-weight: 400;\">, empresa dedicada a entregar experiencias de alto impacto (capacitaciones, videojuegos) a trav\u00e9s de la utilizaci\u00f3n de realidad virtual. Del mismo sector, participaron <\/span><a href=\"http:\/\/www.genkaistudio.com\"><b>Genkai Studio<\/b><\/a><span style=\"font-weight: 400;\">, creadores de soluciones digitales que permiten motivar, capacitar y atraer a trav\u00e9s de mec\u00e1nicas de videojuego. <\/span><a href=\"http:\/\/www.glacial.cl\"><b>Glacial works<\/b><\/a><span style=\"font-weight: 400;\">, empresa especializada en el desarrollo de videojuegos y simuladores virtuales para procesos de realidad aumentada y virtual. <\/span><a href=\"http:\/\/www.insideVR.cl\"><b>Inside VR<\/b><\/a><span style=\"font-weight: 400;\">, desarrollo de contenidos para realidad virtual. <\/span><a href=\"http:\/\/www.zeke.cl\"><b>Zeke<\/b><\/a><span style=\"font-weight: 400;\">, empresa con experiencia en la industria de soluciones tecnol\u00f3gicas, y especialistas en el an\u00e1lisis de im\u00e1genes con inteligencia artificial. De hecho estuvieron exponiendo en el espacio de after office ante empresarios de la regi\u00f3n. <\/span><\/p>\n<p>&nbsp;<\/p>\n<p><span style=\"font-weight: 400;\"><a href=\"http:\/\/www.valparaisocreativo.cl\/wp-content\/uploads\/2018\/06\/DSF2878.jpg\"><img decoding=\"async\" class=\"alignleft wp-image-2370 size-medium\" src=\"http:\/\/www.valparaisocreativo.cl\/wp-content\/uploads\/2018\/06\/DSF2878-300x200.jpg\" alt=\"\" width=\"300\" height=\"200\"><\/a>Por otra parte, uno de los atractivos del d\u00eda jueves, fue la participaci\u00f3n de la productora audiovisual <\/span><a href=\"http:\/\/www.lospajaros.cl\"><b>Los P\u00e1jaros <\/b><\/a><span style=\"font-weight: 400;\">quienes realizaron una demostraci\u00f3n de dibujo a mano alzada. \u00c9sta se<\/span> <span style=\"font-weight: 400;\">dedica a la direcci\u00f3n y producci\u00f3n de videos y animaci\u00f3n digital, adem\u00e1s de seguimiento audiovisual de obras de construcci\u00f3n y miner\u00eda. Tras su participaci\u00f3n, destacaron que <\/span><i><span style=\"font-weight: 400;\">\u201cesta es una instancia s\u00faper buena de poder compartir con otras empresas que est\u00e1n impulsando la creatividad en la regi\u00f3n. Ac\u00e1 est\u00e1 la instancia de compartir experiencias, no s\u00f3lo generar negocios, sino que relacionarse con personas que est\u00e1n en el mismo arco\u201d<\/span><\/i><span style=\"font-weight: 400;\">.<\/span><\/p>\n<p>&nbsp;<\/p>\n<p><span style=\"font-weight: 400;\">Otras de las empresas representadas del sector fue <\/span><b><a href=\"http:\/\/www.altairfilms.cl\">AltairFilms<\/a>, <\/b><span style=\"font-weight: 400;\">que entregan soluciones creativas para necesidades audiovisuales, destacando contenido educativo, animaci\u00f3n 2D, dise\u00f1o de personaje, ilustraci\u00f3n y dise\u00f1o musical. <\/span><a href=\"http:\/\/www.glowproducciones.cl\"><b>Glow Producciones<\/b><\/a><span style=\"font-weight: 400;\">, productora fotogr\u00e1fica y audiovisual; <\/span><a href=\"http:\/\/www.simultaneo.cl\"><b>Simult\u00e1neo<\/b><\/a><span style=\"font-weight: 400;\">, productora audiovisual especializada en contenidos digitales. Sebasti\u00e1n Mill\u00e1n, manifest\u00f3 que \u201c<\/span><i><span style=\"font-weight: 400;\">es algo sumamente necesario de articular de los que est\u00e1n trabajando de la econom\u00eda creativa, que se articulen necesidades, que se genere un cat\u00e1logo, que se haga visible todo este grupo de empresas y personas que estamos tratando de desarrollar la industria creativa de la regi\u00f3n<\/span><\/i><span style=\"font-weight: 400;\">\u201d. &nbsp;<\/span><\/p>\n<p>&nbsp;<\/p>\n<p><span style=\"font-weight: 400;\">Tambi\u00e9n se sumaron, <\/span><b><a href=\"http:\/\/www.ideafactory.cl\">IDEA Factory<\/a>, <\/b><span style=\"font-weight: 400;\">empresa de dise\u00f1o estrat\u00e9gico. Las agencias de marketing y publicidad<\/span><b><a href=\"http:\/\/www.lavitamina.cl\"> La Vitamina<\/a> y <a href=\"http:\/\/www.radical.cl\">Radical<\/a><\/b><span style=\"font-weight: 400;\">; <\/span><a href=\"http:\/\/www.ventilab.cl\"><b>Ventilab<\/b><\/a><span style=\"font-weight: 400;\"> laboratorio de ideas digitales (dise\u00f1o gr\u00e1fico y web, videos y animaciones). <\/span><b><a href=\"http:\/\/www.barrocoblanco.cl\">Barroco Blanco<\/a>,<\/b><span style=\"font-weight: 400;\"> empresa de dise\u00f1o industrial y gr\u00e1fico con un esp\u00edritu innovador y vanguardista, y <\/span><a href=\"http:\/\/www.pududiseno.cl\"><b>Pud\u00fa Dise\u00f1o<\/b><\/a><span style=\"font-weight: 400;\">, agencia boutique de dise\u00f1o. &nbsp;<\/span><\/p>\n<p>&nbsp;<\/p>\n<p><span style=\"font-weight: 400;\"><a href=\"http:\/\/www.valparaisocreativo.cl\/wp-content\/uploads\/2018\/06\/DSF3021.jpg\"><img loading=\"lazy\" decoding=\"async\" class=\"alignright wp-image-2372 size-medium\" src=\"http:\/\/www.valparaisocreativo.cl\/wp-content\/uploads\/2018\/06\/DSF3021-300x200.jpg\" alt=\"\" width=\"300\" height=\"200\"><\/a>Como un punto alto, fue la participaci\u00f3n del cuarteto de cuerdas <\/span><a href=\"http:\/\/www.belstrings.com\"><b>Belstrings<\/b><\/a><span style=\"font-weight: 400;\"> en el cierre del Encuentro Empresarial, quienes interpretaron famosas canciones en el c\u00f3ctel, tras la charla magistral de Mark Kramer. <\/span><\/p>\n<p>&nbsp;<\/p>\n<p><span style=\"font-weight: 400;\">Por \u00faltimo, el sector musical representado por <\/span><b>IMUVA<\/b><span style=\"font-weight: 400;\"> tambi\u00e9n se estuvo presente: &nbsp;un <\/span><i><span style=\"font-weight: 400;\">playlist<\/span><\/i><span style=\"font-weight: 400;\"> de m\u00fasica seleccionada de la regi\u00f3n, fue ocupado como el tel\u00f3n de fondo en el espacio de encuentro y stands. Asimismo, &nbsp;&nbsp;diferentes m\u00fasicos participaron en las ruedas de negocio -organizadas por Pro Chile- con tres compradores internacionales de Canad\u00e1, M\u00e9xico y Colombia. <\/span><\/p>\n<p>&nbsp;<\/p>\n<p><span style=\"font-weight: 400;\">Tras el encuentro, la experiencia fue m\u00e1s que positiva. Esta instancia permiti\u00f3 visibilizar la oferta creativa de la regi\u00f3n, y al mismo tambi\u00e9n validar que la regi\u00f3n cuenta con una alta capacidad de desarrollo en el \u00e1mbito de la econom\u00eda creativa, y durante estos dos d\u00edas dio cuenta de la potencialidad que cuenta. <em>\u201cEs ultra necesario estos espacios. Hay que entender que no hay que ir a Santiago a buscar creatividad o productos, en la misma regi\u00f3n hay buena mano de obra y se est\u00e1n haciendo cosas de nivel mundial. Estas son las instancias en donde hay que demostrar que se est\u00e1 haciendo un trabajo de excelencia\u201d<\/em>, sentenci\u00f3 uno de los creativos.<\/span><\/p>\n<p>&nbsp;<\/p>\n<p><span style=\"font-weight: 400;\">El 22\u00ba Encuentro Empresarial este a\u00f1o llev\u00f3 como t\u00edtulo \u201cInspira\u201d, para representar el rol inspirador y transformador de las empresas en la sociedad. Esta nueva edici\u00f3n estuvo marcada por tem\u00e1ticas afines al emprendimiento, el turismo, la sustentabilidad de las empresas y la creaci\u00f3n de beneficios a su entorno, a la vez que genera ganancias y crece en competitividad. Fue as\u00ed como lo expres\u00f3 &nbsp;presidente de la Corporaci\u00f3n Regional de Comercio y la Producci\u00f3n, Pier-Paolo Zaccarelli: <\/span><i><span style=\"font-weight: 400;\">\u201cEn este Encuentro Empresarial estamos abogando por que no s\u00f3lo las empresas ganen m\u00e1s utilidades y generen m\u00e1s empleo, sino que tambi\u00e9n agreguen valor a la sociedad\u201d. <\/span><\/i><\/p>\n<p>&nbsp;<\/p>\n<p>&nbsp;<\/p>\n<p>&nbsp;<\/p>\n","protected":false},"excerpt":{"rendered":"<p>Bajo el paraguas del programa estrat\u00e9gico regional de Corfo, Valpara\u00edso Creativo, m\u00e1s de 20 empresas creativas de la regi\u00f3n de Valpara\u00edso &#8211; estuvieron presentes en el 22\u00ba Encuentro Empresarial, Inspira, organizado por la C\u00e1mara Regional de Comercio y la Producci\u00f3n. &nbsp; Fueron dos d\u00edas, el 6 y 7 de junio pasado, en donde un grupo [&hellip;]<\/p>\n","protected":false},"author":8,"featured_media":9277,"comment_status":"open","ping_status":"closed","sticky":false,"template":"","format":"standard","meta":{"_acf_changed":false,"footnotes":""},"categories":[8],"tags":[],"class_list":["post-9276","post","type-post","status-publish","format-standard","has-post-thumbnail","hentry","category-noticia"],"acf":[],"yoast_head":"<!-- This site is optimized with the Yoast SEO plugin v27.1.1 - https:\/\/yoast.com\/product\/yoast-seo-wordpress\/ -->\n<title>Sector creativo de Valpara\u00edso tiene destacada participaci\u00f3n en el 22\u00ba Encuentro Empresarial Inspira - Valpara\u00ed\u00adso Creativo<\/title>\n<meta name=\"robots\" content=\"index, follow, max-snippet:-1, max-image-preview:large, max-video-preview:-1\" \/>\n<link rel=\"canonical\" href=\"https:\/\/dev.antudigital.cl\/sites\/vc\/sector-creativo-de-valparaiso-tiene-destacada-participacion-en-el-22o-encuentro-empresarial-inspira\/\" \/>\n<meta property=\"og:locale\" content=\"es_ES\" \/>\n<meta property=\"og:type\" content=\"article\" \/>\n<meta property=\"og:title\" content=\"Sector creativo de Valpara\u00edso tiene destacada participaci\u00f3n en el 22\u00ba Encuentro Empresarial Inspira - Valpara\u00ed\u00adso Creativo\" \/>\n<meta property=\"og:description\" content=\"Bajo el paraguas del programa estrat\u00e9gico regional de Corfo, Valpara\u00edso Creativo, m\u00e1s de 20 empresas creativas de la regi\u00f3n de Valpara\u00edso &#8211; estuvieron presentes en el 22\u00ba Encuentro Empresarial, Inspira, organizado por la C\u00e1mara Regional de Comercio y la Producci\u00f3n. &nbsp; Fueron dos d\u00edas, el 6 y 7 de junio pasado, en donde un grupo [&hellip;]\" \/>\n<meta property=\"og:url\" content=\"https:\/\/dev.antudigital.cl\/sites\/vc\/sector-creativo-de-valparaiso-tiene-destacada-participacion-en-el-22o-encuentro-empresarial-inspira\/\" \/>\n<meta property=\"og:site_name\" content=\"Valpara\u00ed\u00adso Creativo\" \/>\n<meta property=\"article:published_time\" content=\"2018-06-12T14:04:53+00:00\" \/>\n<meta property=\"og:image\" content=\"https:\/\/dev.antudigital.cl\/sites\/vc\/wp-content\/uploads\/2018\/06\/DSF2608-1.jpg\" \/>\n\t<meta property=\"og:image:width\" content=\"1200\" \/>\n\t<meta property=\"og:image:height\" content=\"850\" \/>\n\t<meta property=\"og:image:type\" content=\"image\/jpeg\" \/>\n<meta name=\"twitter:card\" content=\"summary_large_image\" \/>\n<meta name=\"twitter:label1\" content=\"Escrito por\" \/>\n\t<meta name=\"twitter:data1\" content=\"\" \/>\n\t<meta name=\"twitter:label2\" content=\"Tiempo de lectura\" \/>\n\t<meta name=\"twitter:data2\" content=\"6 minutos\" \/>\n<script type=\"application\/ld+json\" class=\"yoast-schema-graph\">{\"@context\":\"https:\/\/schema.org\",\"@graph\":[{\"@type\":\"Article\",\"@id\":\"https:\/\/dev.antudigital.cl\/sites\/vc\/sector-creativo-de-valparaiso-tiene-destacada-participacion-en-el-22o-encuentro-empresarial-inspira\/#article\",\"isPartOf\":{\"@id\":\"https:\/\/dev.antudigital.cl\/sites\/vc\/sector-creativo-de-valparaiso-tiene-destacada-participacion-en-el-22o-encuentro-empresarial-inspira\/\"},\"author\":{\"name\":\"\",\"@id\":\"\"},\"headline\":\"Sector creativo de Valpara\u00edso tiene destacada participaci\u00f3n en el 22\u00ba Encuentro Empresarial Inspira\",\"datePublished\":\"2018-06-12T14:04:53+00:00\",\"mainEntityOfPage\":{\"@id\":\"https:\/\/dev.antudigital.cl\/sites\/vc\/sector-creativo-de-valparaiso-tiene-destacada-participacion-en-el-22o-encuentro-empresarial-inspira\/\"},\"wordCount\":1261,\"commentCount\":0,\"image\":{\"@id\":\"https:\/\/dev.antudigital.cl\/sites\/vc\/sector-creativo-de-valparaiso-tiene-destacada-participacion-en-el-22o-encuentro-empresarial-inspira\/#primaryimage\"},\"thumbnailUrl\":\"https:\/\/dev.antudigital.cl\/sites\/vc\/wp-content\/uploads\/2018\/06\/DSF2608-1.jpg\",\"articleSection\":[\"Noticia\"],\"inLanguage\":\"es\",\"potentialAction\":[{\"@type\":\"CommentAction\",\"name\":\"Comment\",\"target\":[\"https:\/\/dev.antudigital.cl\/sites\/vc\/sector-creativo-de-valparaiso-tiene-destacada-participacion-en-el-22o-encuentro-empresarial-inspira\/#respond\"]}]},{\"@type\":\"WebPage\",\"@id\":\"https:\/\/dev.antudigital.cl\/sites\/vc\/sector-creativo-de-valparaiso-tiene-destacada-participacion-en-el-22o-encuentro-empresarial-inspira\/\",\"url\":\"https:\/\/dev.antudigital.cl\/sites\/vc\/sector-creativo-de-valparaiso-tiene-destacada-participacion-en-el-22o-encuentro-empresarial-inspira\/\",\"name\":\"Sector creativo de Valpara\u00edso tiene destacada participaci\u00f3n en el 22\u00ba Encuentro Empresarial Inspira - Valpara\u00ed\u00adso Creativo\",\"isPartOf\":{\"@id\":\"https:\/\/dev.antudigital.cl\/sites\/vc\/#website\"},\"primaryImageOfPage\":{\"@id\":\"https:\/\/dev.antudigital.cl\/sites\/vc\/sector-creativo-de-valparaiso-tiene-destacada-participacion-en-el-22o-encuentro-empresarial-inspira\/#primaryimage\"},\"image\":{\"@id\":\"https:\/\/dev.antudigital.cl\/sites\/vc\/sector-creativo-de-valparaiso-tiene-destacada-participacion-en-el-22o-encuentro-empresarial-inspira\/#primaryimage\"},\"thumbnailUrl\":\"https:\/\/dev.antudigital.cl\/sites\/vc\/wp-content\/uploads\/2018\/06\/DSF2608-1.jpg\",\"datePublished\":\"2018-06-12T14:04:53+00:00\",\"author\":{\"@id\":\"\"},\"breadcrumb\":{\"@id\":\"https:\/\/dev.antudigital.cl\/sites\/vc\/sector-creativo-de-valparaiso-tiene-destacada-participacion-en-el-22o-encuentro-empresarial-inspira\/#breadcrumb\"},\"inLanguage\":\"es\",\"potentialAction\":[{\"@type\":\"ReadAction\",\"target\":[\"https:\/\/dev.antudigital.cl\/sites\/vc\/sector-creativo-de-valparaiso-tiene-destacada-participacion-en-el-22o-encuentro-empresarial-inspira\/\"]}]},{\"@type\":\"ImageObject\",\"inLanguage\":\"es\",\"@id\":\"https:\/\/dev.antudigital.cl\/sites\/vc\/sector-creativo-de-valparaiso-tiene-destacada-participacion-en-el-22o-encuentro-empresarial-inspira\/#primaryimage\",\"url\":\"https:\/\/dev.antudigital.cl\/sites\/vc\/wp-content\/uploads\/2018\/06\/DSF2608-1.jpg\",\"contentUrl\":\"https:\/\/dev.antudigital.cl\/sites\/vc\/wp-content\/uploads\/2018\/06\/DSF2608-1.jpg\",\"width\":1200,\"height\":850},{\"@type\":\"BreadcrumbList\",\"@id\":\"https:\/\/dev.antudigital.cl\/sites\/vc\/sector-creativo-de-valparaiso-tiene-destacada-participacion-en-el-22o-encuentro-empresarial-inspira\/#breadcrumb\",\"itemListElement\":[{\"@type\":\"ListItem\",\"position\":1,\"name\":\"Home\",\"item\":\"https:\/\/dev.antudigital.cl\/sites\/vc\/\"},{\"@type\":\"ListItem\",\"position\":2,\"name\":\"Sector creativo de Valpara\u00edso tiene destacada participaci\u00f3n en el 22\u00ba Encuentro Empresarial Inspira\"}]},{\"@type\":\"WebSite\",\"@id\":\"https:\/\/dev.antudigital.cl\/sites\/vc\/#website\",\"url\":\"https:\/\/dev.antudigital.cl\/sites\/vc\/\",\"name\":\"Valpara\u00ed\u00adso Creativo\",\"description\":\"\",\"potentialAction\":[{\"@type\":\"SearchAction\",\"target\":{\"@type\":\"EntryPoint\",\"urlTemplate\":\"https:\/\/dev.antudigital.cl\/sites\/vc\/?s={search_term_string}\"},\"query-input\":{\"@type\":\"PropertyValueSpecification\",\"valueRequired\":true,\"valueName\":\"search_term_string\"}}],\"inLanguage\":\"es\"},{\"@type\":\"Person\",\"@id\":\"\",\"url\":\"https:\/\/dev.antudigital.cl\/sites\/vc\/author\/\"}]}<\/script>\n<!-- \/ Yoast SEO plugin. -->","yoast_head_json":{"title":"Sector creativo de Valpara\u00edso tiene destacada participaci\u00f3n en el 22\u00ba Encuentro Empresarial Inspira - Valpara\u00ed\u00adso Creativo","robots":{"index":"index","follow":"follow","max-snippet":"max-snippet:-1","max-image-preview":"max-image-preview:large","max-video-preview":"max-video-preview:-1"},"canonical":"https:\/\/dev.antudigital.cl\/sites\/vc\/sector-creativo-de-valparaiso-tiene-destacada-participacion-en-el-22o-encuentro-empresarial-inspira\/","og_locale":"es_ES","og_type":"article","og_title":"Sector creativo de Valpara\u00edso tiene destacada participaci\u00f3n en el 22\u00ba Encuentro Empresarial Inspira - Valpara\u00ed\u00adso Creativo","og_description":"Bajo el paraguas del programa estrat\u00e9gico regional de Corfo, Valpara\u00edso Creativo, m\u00e1s de 20 empresas creativas de la regi\u00f3n de Valpara\u00edso &#8211; estuvieron presentes en el 22\u00ba Encuentro Empresarial, Inspira, organizado por la C\u00e1mara Regional de Comercio y la Producci\u00f3n. &nbsp; Fueron dos d\u00edas, el 6 y 7 de junio pasado, en donde un grupo [&hellip;]","og_url":"https:\/\/dev.antudigital.cl\/sites\/vc\/sector-creativo-de-valparaiso-tiene-destacada-participacion-en-el-22o-encuentro-empresarial-inspira\/","og_site_name":"Valpara\u00ed\u00adso Creativo","article_published_time":"2018-06-12T14:04:53+00:00","og_image":[{"width":1200,"height":850,"url":"https:\/\/dev.antudigital.cl\/sites\/vc\/wp-content\/uploads\/2018\/06\/DSF2608-1.jpg","type":"image\/jpeg"}],"twitter_card":"summary_large_image","twitter_misc":{"Escrito por":"","Tiempo de lectura":"6 minutos"},"schema":{"@context":"https:\/\/schema.org","@graph":[{"@type":"Article","@id":"https:\/\/dev.antudigital.cl\/sites\/vc\/sector-creativo-de-valparaiso-tiene-destacada-participacion-en-el-22o-encuentro-empresarial-inspira\/#article","isPartOf":{"@id":"https:\/\/dev.antudigital.cl\/sites\/vc\/sector-creativo-de-valparaiso-tiene-destacada-participacion-en-el-22o-encuentro-empresarial-inspira\/"},"author":{"name":"","@id":""},"headline":"Sector creativo de Valpara\u00edso tiene destacada participaci\u00f3n en el 22\u00ba Encuentro Empresarial Inspira","datePublished":"2018-06-12T14:04:53+00:00","mainEntityOfPage":{"@id":"https:\/\/dev.antudigital.cl\/sites\/vc\/sector-creativo-de-valparaiso-tiene-destacada-participacion-en-el-22o-encuentro-empresarial-inspira\/"},"wordCount":1261,"commentCount":0,"image":{"@id":"https:\/\/dev.antudigital.cl\/sites\/vc\/sector-creativo-de-valparaiso-tiene-destacada-participacion-en-el-22o-encuentro-empresarial-inspira\/#primaryimage"},"thumbnailUrl":"https:\/\/dev.antudigital.cl\/sites\/vc\/wp-content\/uploads\/2018\/06\/DSF2608-1.jpg","articleSection":["Noticia"],"inLanguage":"es","potentialAction":[{"@type":"CommentAction","name":"Comment","target":["https:\/\/dev.antudigital.cl\/sites\/vc\/sector-creativo-de-valparaiso-tiene-destacada-participacion-en-el-22o-encuentro-empresarial-inspira\/#respond"]}]},{"@type":"WebPage","@id":"https:\/\/dev.antudigital.cl\/sites\/vc\/sector-creativo-de-valparaiso-tiene-destacada-participacion-en-el-22o-encuentro-empresarial-inspira\/","url":"https:\/\/dev.antudigital.cl\/sites\/vc\/sector-creativo-de-valparaiso-tiene-destacada-participacion-en-el-22o-encuentro-empresarial-inspira\/","name":"Sector creativo de Valpara\u00edso tiene destacada participaci\u00f3n en el 22\u00ba Encuentro Empresarial Inspira - Valpara\u00ed\u00adso Creativo","isPartOf":{"@id":"https:\/\/dev.antudigital.cl\/sites\/vc\/#website"},"primaryImageOfPage":{"@id":"https:\/\/dev.antudigital.cl\/sites\/vc\/sector-creativo-de-valparaiso-tiene-destacada-participacion-en-el-22o-encuentro-empresarial-inspira\/#primaryimage"},"image":{"@id":"https:\/\/dev.antudigital.cl\/sites\/vc\/sector-creativo-de-valparaiso-tiene-destacada-participacion-en-el-22o-encuentro-empresarial-inspira\/#primaryimage"},"thumbnailUrl":"https:\/\/dev.antudigital.cl\/sites\/vc\/wp-content\/uploads\/2018\/06\/DSF2608-1.jpg","datePublished":"2018-06-12T14:04:53+00:00","author":{"@id":""},"breadcrumb":{"@id":"https:\/\/dev.antudigital.cl\/sites\/vc\/sector-creativo-de-valparaiso-tiene-destacada-participacion-en-el-22o-encuentro-empresarial-inspira\/#breadcrumb"},"inLanguage":"es","potentialAction":[{"@type":"ReadAction","target":["https:\/\/dev.antudigital.cl\/sites\/vc\/sector-creativo-de-valparaiso-tiene-destacada-participacion-en-el-22o-encuentro-empresarial-inspira\/"]}]},{"@type":"ImageObject","inLanguage":"es","@id":"https:\/\/dev.antudigital.cl\/sites\/vc\/sector-creativo-de-valparaiso-tiene-destacada-participacion-en-el-22o-encuentro-empresarial-inspira\/#primaryimage","url":"https:\/\/dev.antudigital.cl\/sites\/vc\/wp-content\/uploads\/2018\/06\/DSF2608-1.jpg","contentUrl":"https:\/\/dev.antudigital.cl\/sites\/vc\/wp-content\/uploads\/2018\/06\/DSF2608-1.jpg","width":1200,"height":850},{"@type":"BreadcrumbList","@id":"https:\/\/dev.antudigital.cl\/sites\/vc\/sector-creativo-de-valparaiso-tiene-destacada-participacion-en-el-22o-encuentro-empresarial-inspira\/#breadcrumb","itemListElement":[{"@type":"ListItem","position":1,"name":"Home","item":"https:\/\/dev.antudigital.cl\/sites\/vc\/"},{"@type":"ListItem","position":2,"name":"Sector creativo de Valpara\u00edso tiene destacada participaci\u00f3n en el 22\u00ba Encuentro Empresarial Inspira"}]},{"@type":"WebSite","@id":"https:\/\/dev.antudigital.cl\/sites\/vc\/#website","url":"https:\/\/dev.antudigital.cl\/sites\/vc\/","name":"Valpara\u00ed\u00adso Creativo","description":"","potentialAction":[{"@type":"SearchAction","target":{"@type":"EntryPoint","urlTemplate":"https:\/\/dev.antudigital.cl\/sites\/vc\/?s={search_term_string}"},"query-input":{"@type":"PropertyValueSpecification","valueRequired":true,"valueName":"search_term_string"}}],"inLanguage":"es"},{"@type":"Person","@id":"","url":"https:\/\/dev.antudigital.cl\/sites\/vc\/author\/"}]}},"_links":{"self":[{"href":"https:\/\/dev.antudigital.cl\/sites\/vc\/wp-json\/wp\/v2\/posts\/9276","targetHints":{"allow":["GET"]}}],"collection":[{"href":"https:\/\/dev.antudigital.cl\/sites\/vc\/wp-json\/wp\/v2\/posts"}],"about":[{"href":"https:\/\/dev.antudigital.cl\/sites\/vc\/wp-json\/wp\/v2\/types\/post"}],"author":[{"embeddable":true,"href":"https:\/\/dev.antudigital.cl\/sites\/vc\/wp-json\/wp\/v2\/users\/8"}],"replies":[{"embeddable":true,"href":"https:\/\/dev.antudigital.cl\/sites\/vc\/wp-json\/wp\/v2\/comments?post=9276"}],"version-history":[{"count":0,"href":"https:\/\/dev.antudigital.cl\/sites\/vc\/wp-json\/wp\/v2\/posts\/9276\/revisions"}],"wp:featuredmedia":[{"embeddable":true,"href":"https:\/\/dev.antudigital.cl\/sites\/vc\/wp-json\/wp\/v2\/media\/9277"}],"wp:attachment":[{"href":"https:\/\/dev.antudigital.cl\/sites\/vc\/wp-json\/wp\/v2\/media?parent=9276"}],"wp:term":[{"taxonomy":"category","embeddable":true,"href":"https:\/\/dev.antudigital.cl\/sites\/vc\/wp-json\/wp\/v2\/categories?post=9276"},{"taxonomy":"post_tag","embeddable":true,"href":"https:\/\/dev.antudigital.cl\/sites\/vc\/wp-json\/wp\/v2\/tags?post=9276"}],"curies":[{"name":"wp","href":"https:\/\/api.w.org\/{rel}","templated":true}]}}