{"id":9278,"date":"2018-05-30T18:31:16","date_gmt":"2018-05-30T18:31:16","guid":{"rendered":"http:\/\/www.valparaisocreativo.cl\/?p=2351"},"modified":"2018-05-30T18:31:16","modified_gmt":"2018-05-30T18:31:16","slug":"creativos-de-la-region-tendran-presencia-en-el-proximo-encuentro-empresarial","status":"publish","type":"post","link":"https:\/\/dev.antudigital.cl\/sites\/vc\/creativos-de-la-region-tendran-presencia-en-el-proximo-encuentro-empresarial\/","title":{"rendered":"Creativos de la regi\u00f3n tendr\u00e1n presencia en el pr\u00f3ximo Encuentro Empresarial"},"content":{"rendered":"<p>&nbsp;<\/p>\n<ul>\n<li style=\"font-weight: 400;\"><i><span style=\"font-weight: 400;\">Ruedas Internacionales de Negocios, After Office, talleres de exportaci\u00f3n y emprendimiento son algunas de las actividades en que los participantes podr\u00e1n tener un rol protag\u00f3nico, con el fin de fortalecer sus redes y concretar oportunidades empresariales. <\/span><\/i><\/li>\n<li style=\"font-weight: 400;\"><i><span style=\"font-weight: 400;\">Los grandes ejes del 22 EE: Inspira son la sustentabilidad como enfoque de gesti\u00f3n; el emprendimiento, innovaci\u00f3n y turismo como sello regional; y la generaci\u00f3n de nuevos negocios junto a ProChile, socio estrat\u00e9gico del evento. <\/span><\/i><\/li>\n<\/ul>\n<p>&nbsp;<\/p>\n<p><span style=\"font-weight: 400;\">La participaci\u00f3n cada vez m\u00e1s activa de los asistentes al <\/span><i><span style=\"font-weight: 400;\">22 Encuentro Empresarial: Inspira<\/span><\/i><span style=\"font-weight: 400;\">, es uno de los objetivos principales de la C\u00e1mara Regional del Comercio de Valpara\u00edso, asociaci\u00f3n gremial que organiza uno de los eventos m\u00e1s importantes en su tipo que se realiza en regiones, y que en esta oportunidad se realizar\u00e1 los d\u00edas 6 y 7 de junio, en Vi\u00f1a del Mar.<\/span><\/p>\n<p>Para las m\u00e1s de 2.000 personas que se esperan en las actividades de los dos d\u00edas, existen diversos formatos que facilitar\u00e1n la interacci\u00f3n, intercambio de experiencias y casos, bajo el concepto de inspirar hacia nuevos modelos de negocios, en el marco de una l\u00f3gica colaborativa de los actores del entramado empresarial.<\/p>\n<p><strong>En este marco, existir\u00e1 la presencia de un pabell\u00f3n para el sector creativo, que bajo el paraguas de Valpara\u00edso Creativo ser\u00e1 el lugar para visibilizar la oferta de distintas empresas de industrias&nbsp; creativas de la regi\u00f3n.<\/strong><\/p>\n<p>Marcela Pastenes, gerente general de la C\u00e1mara Regional de Comercio, explica que <em>\u201cen los \u00faltimos a\u00f1os hemos ido introduciendo nuevos formatos, para que las personas que asisten al Encuentro Empresarial se involucren de manera muy activa, porque estamos convencidos que la articulaci\u00f3n y colaboraci\u00f3n es la mejor f\u00f3rmula para la creaci\u00f3n de nuevas empresas y el crecimiento de las ya existentes en nuestra regi\u00f3n.\u201d<\/em><\/p>\n<p>La ejecutiva agrega que <em>\u201ctodo el programa del encuentro de este a\u00f1o ha sido dise\u00f1ado en torno a: la sustentabilidad como la visi\u00f3n transformadora que est\u00e1n teniendo las empresas a nivel mundial; las \u00faltimas tendencias y propuestas en innovaci\u00f3n, emprendimiento y turismo; y por \u00faltimo la generaci\u00f3n de nuevos negocios para empresarios y emprendedores gracias a los mecanismos que facilita nuestro socio estrat\u00e9gico, ProChile, con quienes tenemos una alianza desde hace varios a\u00f1os\u201d<\/em>.<\/p>\n<p>&nbsp;<\/p>\n<p>El programa de los dos d\u00edas del encuentro contempla cerca de 30 horas de actividades, de las cuales m\u00e1s de la mitad son de car\u00e1cter participativo, como las Ruedas Internacionales de Negocios, en que se preparan m\u00e1s de 400 reuniones entre empresarios, importadores y representantes comerciales de 14 pa\u00edses; el Taller de Emprendimiento, a cargo del Centro de Desarrollo de Negocios de Valpara\u00edso, y el Taller de Exportaci\u00f3n de Servicios, liderado por ProChile, destinado principalmente a empresas de arquitectura, construcci\u00f3n e ingenier\u00eda.<\/p>\n<p>&nbsp;<\/p>\n<p><span style=\"font-weight: 400;\">Adem\u00e1s, este a\u00f1o se contempla un <\/span><i><span style=\"font-weight: 400;\">After Office<\/span><\/i><span style=\"font-weight: 400;\">, actividad destinada a vincular emprendedores y empresarios regionales en torno a soluciones creativas a problem\u00e1ticas sociales y medioambientales, a trav\u00e9s de presentaciones de emprendedores en un din\u00e1mico y novedoso formato, ante una audiencia conformada por due\u00f1os y representantes de empresas.<\/span><\/p>\n<p><span style=\"font-weight: 400;\">La informaci\u00f3n para inscribirse en las diversas actividades del programa se encuentra disponible en el sitio web del encuentro, <\/span><a href=\"http:\/\/www.crcp.cl\/22ee\/\"><span style=\"font-weight: 400;\">www.crcp.cl\/22ee\/<\/span><\/a><span style=\"font-weight: 400;\"> o llamando al tel\u00e9fono 32-2354000.<\/span><\/p>\n","protected":false},"excerpt":{"rendered":"<p>&nbsp; Ruedas Internacionales de Negocios, After Office, talleres de exportaci\u00f3n y emprendimiento son algunas de las actividades en que los participantes podr\u00e1n tener un rol protag\u00f3nico, con el fin de fortalecer sus redes y concretar oportunidades empresariales. Los grandes ejes del 22 EE: Inspira son la sustentabilidad como enfoque de gesti\u00f3n; el emprendimiento, innovaci\u00f3n y [&hellip;]<\/p>\n","protected":false},"author":8,"featured_media":9279,"comment_status":"open","ping_status":"closed","sticky":false,"template":"","format":"standard","meta":{"_acf_changed":false,"footnotes":""},"categories":[8],"tags":[],"class_list":["post-9278","post","type-post","status-publish","format-standard","has-post-thumbnail","hentry","category-noticia"],"acf":[],"yoast_head":"<!-- This site is optimized with the Yoast SEO plugin v27.1.1 - https:\/\/yoast.com\/product\/yoast-seo-wordpress\/ -->\n<title>Creativos de la regi\u00f3n tendr\u00e1n presencia en el pr\u00f3ximo Encuentro Empresarial - Valpara\u00ed\u00adso Creativo<\/title>\n<meta name=\"robots\" content=\"index, follow, max-snippet:-1, max-image-preview:large, max-video-preview:-1\" \/>\n<link rel=\"canonical\" href=\"https:\/\/dev.antudigital.cl\/sites\/vc\/creativos-de-la-region-tendran-presencia-en-el-proximo-encuentro-empresarial\/\" \/>\n<meta property=\"og:locale\" content=\"es_ES\" \/>\n<meta property=\"og:type\" content=\"article\" \/>\n<meta property=\"og:title\" content=\"Creativos de la regi\u00f3n tendr\u00e1n presencia en el pr\u00f3ximo Encuentro Empresarial - Valpara\u00ed\u00adso Creativo\" \/>\n<meta property=\"og:description\" content=\"&nbsp; Ruedas Internacionales de Negocios, After Office, talleres de exportaci\u00f3n y emprendimiento son algunas de las actividades en que los participantes podr\u00e1n tener un rol protag\u00f3nico, con el fin de fortalecer sus redes y concretar oportunidades empresariales. Los grandes ejes del 22 EE: Inspira son la sustentabilidad como enfoque de gesti\u00f3n; el emprendimiento, innovaci\u00f3n y [&hellip;]\" \/>\n<meta property=\"og:url\" content=\"https:\/\/dev.antudigital.cl\/sites\/vc\/creativos-de-la-region-tendran-presencia-en-el-proximo-encuentro-empresarial\/\" \/>\n<meta property=\"og:site_name\" content=\"Valpara\u00ed\u00adso Creativo\" \/>\n<meta property=\"article:published_time\" content=\"2018-05-30T18:31:16+00:00\" \/>\n<meta property=\"og:image\" content=\"https:\/\/dev.antudigital.cl\/sites\/vc\/wp-content\/uploads\/2018\/05\/encuentro-empresarial.jpg\" \/>\n\t<meta property=\"og:image:width\" content=\"1920\" \/>\n\t<meta property=\"og:image:height\" content=\"1080\" \/>\n\t<meta property=\"og:image:type\" content=\"image\/jpeg\" \/>\n<meta name=\"twitter:card\" content=\"summary_large_image\" \/>\n<meta name=\"twitter:label1\" content=\"Escrito por\" \/>\n\t<meta name=\"twitter:data1\" content=\"\" \/>\n\t<meta name=\"twitter:label2\" content=\"Tiempo de lectura\" \/>\n\t<meta name=\"twitter:data2\" content=\"3 minutos\" \/>\n<script type=\"application\/ld+json\" class=\"yoast-schema-graph\">{\"@context\":\"https:\/\/schema.org\",\"@graph\":[{\"@type\":\"Article\",\"@id\":\"https:\/\/dev.antudigital.cl\/sites\/vc\/creativos-de-la-region-tendran-presencia-en-el-proximo-encuentro-empresarial\/#article\",\"isPartOf\":{\"@id\":\"https:\/\/dev.antudigital.cl\/sites\/vc\/creativos-de-la-region-tendran-presencia-en-el-proximo-encuentro-empresarial\/\"},\"author\":{\"name\":\"\",\"@id\":\"\"},\"headline\":\"Creativos de la regi\u00f3n tendr\u00e1n presencia en el pr\u00f3ximo Encuentro Empresarial\",\"datePublished\":\"2018-05-30T18:31:16+00:00\",\"mainEntityOfPage\":{\"@id\":\"https:\/\/dev.antudigital.cl\/sites\/vc\/creativos-de-la-region-tendran-presencia-en-el-proximo-encuentro-empresarial\/\"},\"wordCount\":583,\"commentCount\":0,\"image\":{\"@id\":\"https:\/\/dev.antudigital.cl\/sites\/vc\/creativos-de-la-region-tendran-presencia-en-el-proximo-encuentro-empresarial\/#primaryimage\"},\"thumbnailUrl\":\"https:\/\/dev.antudigital.cl\/sites\/vc\/wp-content\/uploads\/2018\/05\/encuentro-empresarial.jpg\",\"articleSection\":[\"Noticia\"],\"inLanguage\":\"es\",\"potentialAction\":[{\"@type\":\"CommentAction\",\"name\":\"Comment\",\"target\":[\"https:\/\/dev.antudigital.cl\/sites\/vc\/creativos-de-la-region-tendran-presencia-en-el-proximo-encuentro-empresarial\/#respond\"]}]},{\"@type\":\"WebPage\",\"@id\":\"https:\/\/dev.antudigital.cl\/sites\/vc\/creativos-de-la-region-tendran-presencia-en-el-proximo-encuentro-empresarial\/\",\"url\":\"https:\/\/dev.antudigital.cl\/sites\/vc\/creativos-de-la-region-tendran-presencia-en-el-proximo-encuentro-empresarial\/\",\"name\":\"Creativos de la regi\u00f3n tendr\u00e1n presencia en el pr\u00f3ximo Encuentro Empresarial - Valpara\u00ed\u00adso Creativo\",\"isPartOf\":{\"@id\":\"https:\/\/dev.antudigital.cl\/sites\/vc\/#website\"},\"primaryImageOfPage\":{\"@id\":\"https:\/\/dev.antudigital.cl\/sites\/vc\/creativos-de-la-region-tendran-presencia-en-el-proximo-encuentro-empresarial\/#primaryimage\"},\"image\":{\"@id\":\"https:\/\/dev.antudigital.cl\/sites\/vc\/creativos-de-la-region-tendran-presencia-en-el-proximo-encuentro-empresarial\/#primaryimage\"},\"thumbnailUrl\":\"https:\/\/dev.antudigital.cl\/sites\/vc\/wp-content\/uploads\/2018\/05\/encuentro-empresarial.jpg\",\"datePublished\":\"2018-05-30T18:31:16+00:00\",\"author\":{\"@id\":\"\"},\"breadcrumb\":{\"@id\":\"https:\/\/dev.antudigital.cl\/sites\/vc\/creativos-de-la-region-tendran-presencia-en-el-proximo-encuentro-empresarial\/#breadcrumb\"},\"inLanguage\":\"es\",\"potentialAction\":[{\"@type\":\"ReadAction\",\"target\":[\"https:\/\/dev.antudigital.cl\/sites\/vc\/creativos-de-la-region-tendran-presencia-en-el-proximo-encuentro-empresarial\/\"]}]},{\"@type\":\"ImageObject\",\"inLanguage\":\"es\",\"@id\":\"https:\/\/dev.antudigital.cl\/sites\/vc\/creativos-de-la-region-tendran-presencia-en-el-proximo-encuentro-empresarial\/#primaryimage\",\"url\":\"https:\/\/dev.antudigital.cl\/sites\/vc\/wp-content\/uploads\/2018\/05\/encuentro-empresarial.jpg\",\"contentUrl\":\"https:\/\/dev.antudigital.cl\/sites\/vc\/wp-content\/uploads\/2018\/05\/encuentro-empresarial.jpg\",\"width\":1920,\"height\":1080},{\"@type\":\"BreadcrumbList\",\"@id\":\"https:\/\/dev.antudigital.cl\/sites\/vc\/creativos-de-la-region-tendran-presencia-en-el-proximo-encuentro-empresarial\/#breadcrumb\",\"itemListElement\":[{\"@type\":\"ListItem\",\"position\":1,\"name\":\"Home\",\"item\":\"https:\/\/dev.antudigital.cl\/sites\/vc\/\"},{\"@type\":\"ListItem\",\"position\":2,\"name\":\"Creativos de la regi\u00f3n tendr\u00e1n presencia en el pr\u00f3ximo Encuentro Empresarial\"}]},{\"@type\":\"WebSite\",\"@id\":\"https:\/\/dev.antudigital.cl\/sites\/vc\/#website\",\"url\":\"https:\/\/dev.antudigital.cl\/sites\/vc\/\",\"name\":\"Valpara\u00ed\u00adso Creativo\",\"description\":\"\",\"potentialAction\":[{\"@type\":\"SearchAction\",\"target\":{\"@type\":\"EntryPoint\",\"urlTemplate\":\"https:\/\/dev.antudigital.cl\/sites\/vc\/?s={search_term_string}\"},\"query-input\":{\"@type\":\"PropertyValueSpecification\",\"valueRequired\":true,\"valueName\":\"search_term_string\"}}],\"inLanguage\":\"es\"},{\"@type\":\"Person\",\"@id\":\"\",\"url\":\"https:\/\/dev.antudigital.cl\/sites\/vc\/author\/\"}]}<\/script>\n<!-- \/ Yoast SEO plugin. -->","yoast_head_json":{"title":"Creativos de la regi\u00f3n tendr\u00e1n presencia en el pr\u00f3ximo Encuentro Empresarial - Valpara\u00ed\u00adso Creativo","robots":{"index":"index","follow":"follow","max-snippet":"max-snippet:-1","max-image-preview":"max-image-preview:large","max-video-preview":"max-video-preview:-1"},"canonical":"https:\/\/dev.antudigital.cl\/sites\/vc\/creativos-de-la-region-tendran-presencia-en-el-proximo-encuentro-empresarial\/","og_locale":"es_ES","og_type":"article","og_title":"Creativos de la regi\u00f3n tendr\u00e1n presencia en el pr\u00f3ximo Encuentro Empresarial - Valpara\u00ed\u00adso Creativo","og_description":"&nbsp; Ruedas Internacionales de Negocios, After Office, talleres de exportaci\u00f3n y emprendimiento son algunas de las actividades en que los participantes podr\u00e1n tener un rol protag\u00f3nico, con el fin de fortalecer sus redes y concretar oportunidades empresariales. Los grandes ejes del 22 EE: Inspira son la sustentabilidad como enfoque de gesti\u00f3n; el emprendimiento, innovaci\u00f3n y [&hellip;]","og_url":"https:\/\/dev.antudigital.cl\/sites\/vc\/creativos-de-la-region-tendran-presencia-en-el-proximo-encuentro-empresarial\/","og_site_name":"Valpara\u00ed\u00adso Creativo","article_published_time":"2018-05-30T18:31:16+00:00","og_image":[{"width":1920,"height":1080,"url":"https:\/\/dev.antudigital.cl\/sites\/vc\/wp-content\/uploads\/2018\/05\/encuentro-empresarial.jpg","type":"image\/jpeg"}],"twitter_card":"summary_large_image","twitter_misc":{"Escrito por":"","Tiempo de lectura":"3 minutos"},"schema":{"@context":"https:\/\/schema.org","@graph":[{"@type":"Article","@id":"https:\/\/dev.antudigital.cl\/sites\/vc\/creativos-de-la-region-tendran-presencia-en-el-proximo-encuentro-empresarial\/#article","isPartOf":{"@id":"https:\/\/dev.antudigital.cl\/sites\/vc\/creativos-de-la-region-tendran-presencia-en-el-proximo-encuentro-empresarial\/"},"author":{"name":"","@id":""},"headline":"Creativos de la regi\u00f3n tendr\u00e1n presencia en el pr\u00f3ximo Encuentro Empresarial","datePublished":"2018-05-30T18:31:16+00:00","mainEntityOfPage":{"@id":"https:\/\/dev.antudigital.cl\/sites\/vc\/creativos-de-la-region-tendran-presencia-en-el-proximo-encuentro-empresarial\/"},"wordCount":583,"commentCount":0,"image":{"@id":"https:\/\/dev.antudigital.cl\/sites\/vc\/creativos-de-la-region-tendran-presencia-en-el-proximo-encuentro-empresarial\/#primaryimage"},"thumbnailUrl":"https:\/\/dev.antudigital.cl\/sites\/vc\/wp-content\/uploads\/2018\/05\/encuentro-empresarial.jpg","articleSection":["Noticia"],"inLanguage":"es","potentialAction":[{"@type":"CommentAction","name":"Comment","target":["https:\/\/dev.antudigital.cl\/sites\/vc\/creativos-de-la-region-tendran-presencia-en-el-proximo-encuentro-empresarial\/#respond"]}]},{"@type":"WebPage","@id":"https:\/\/dev.antudigital.cl\/sites\/vc\/creativos-de-la-region-tendran-presencia-en-el-proximo-encuentro-empresarial\/","url":"https:\/\/dev.antudigital.cl\/sites\/vc\/creativos-de-la-region-tendran-presencia-en-el-proximo-encuentro-empresarial\/","name":"Creativos de la regi\u00f3n tendr\u00e1n presencia en el pr\u00f3ximo Encuentro Empresarial - Valpara\u00ed\u00adso Creativo","isPartOf":{"@id":"https:\/\/dev.antudigital.cl\/sites\/vc\/#website"},"primaryImageOfPage":{"@id":"https:\/\/dev.antudigital.cl\/sites\/vc\/creativos-de-la-region-tendran-presencia-en-el-proximo-encuentro-empresarial\/#primaryimage"},"image":{"@id":"https:\/\/dev.antudigital.cl\/sites\/vc\/creativos-de-la-region-tendran-presencia-en-el-proximo-encuentro-empresarial\/#primaryimage"},"thumbnailUrl":"https:\/\/dev.antudigital.cl\/sites\/vc\/wp-content\/uploads\/2018\/05\/encuentro-empresarial.jpg","datePublished":"2018-05-30T18:31:16+00:00","author":{"@id":""},"breadcrumb":{"@id":"https:\/\/dev.antudigital.cl\/sites\/vc\/creativos-de-la-region-tendran-presencia-en-el-proximo-encuentro-empresarial\/#breadcrumb"},"inLanguage":"es","potentialAction":[{"@type":"ReadAction","target":["https:\/\/dev.antudigital.cl\/sites\/vc\/creativos-de-la-region-tendran-presencia-en-el-proximo-encuentro-empresarial\/"]}]},{"@type":"ImageObject","inLanguage":"es","@id":"https:\/\/dev.antudigital.cl\/sites\/vc\/creativos-de-la-region-tendran-presencia-en-el-proximo-encuentro-empresarial\/#primaryimage","url":"https:\/\/dev.antudigital.cl\/sites\/vc\/wp-content\/uploads\/2018\/05\/encuentro-empresarial.jpg","contentUrl":"https:\/\/dev.antudigital.cl\/sites\/vc\/wp-content\/uploads\/2018\/05\/encuentro-empresarial.jpg","width":1920,"height":1080},{"@type":"BreadcrumbList","@id":"https:\/\/dev.antudigital.cl\/sites\/vc\/creativos-de-la-region-tendran-presencia-en-el-proximo-encuentro-empresarial\/#breadcrumb","itemListElement":[{"@type":"ListItem","position":1,"name":"Home","item":"https:\/\/dev.antudigital.cl\/sites\/vc\/"},{"@type":"ListItem","position":2,"name":"Creativos de la regi\u00f3n tendr\u00e1n presencia en el pr\u00f3ximo Encuentro Empresarial"}]},{"@type":"WebSite","@id":"https:\/\/dev.antudigital.cl\/sites\/vc\/#website","url":"https:\/\/dev.antudigital.cl\/sites\/vc\/","name":"Valpara\u00ed\u00adso Creativo","description":"","potentialAction":[{"@type":"SearchAction","target":{"@type":"EntryPoint","urlTemplate":"https:\/\/dev.antudigital.cl\/sites\/vc\/?s={search_term_string}"},"query-input":{"@type":"PropertyValueSpecification","valueRequired":true,"valueName":"search_term_string"}}],"inLanguage":"es"},{"@type":"Person","@id":"","url":"https:\/\/dev.antudigital.cl\/sites\/vc\/author\/"}]}},"_links":{"self":[{"href":"https:\/\/dev.antudigital.cl\/sites\/vc\/wp-json\/wp\/v2\/posts\/9278","targetHints":{"allow":["GET"]}}],"collection":[{"href":"https:\/\/dev.antudigital.cl\/sites\/vc\/wp-json\/wp\/v2\/posts"}],"about":[{"href":"https:\/\/dev.antudigital.cl\/sites\/vc\/wp-json\/wp\/v2\/types\/post"}],"author":[{"embeddable":true,"href":"https:\/\/dev.antudigital.cl\/sites\/vc\/wp-json\/wp\/v2\/users\/8"}],"replies":[{"embeddable":true,"href":"https:\/\/dev.antudigital.cl\/sites\/vc\/wp-json\/wp\/v2\/comments?post=9278"}],"version-history":[{"count":0,"href":"https:\/\/dev.antudigital.cl\/sites\/vc\/wp-json\/wp\/v2\/posts\/9278\/revisions"}],"wp:featuredmedia":[{"embeddable":true,"href":"https:\/\/dev.antudigital.cl\/sites\/vc\/wp-json\/wp\/v2\/media\/9279"}],"wp:attachment":[{"href":"https:\/\/dev.antudigital.cl\/sites\/vc\/wp-json\/wp\/v2\/media?parent=9278"}],"wp:term":[{"taxonomy":"category","embeddable":true,"href":"https:\/\/dev.antudigital.cl\/sites\/vc\/wp-json\/wp\/v2\/categories?post=9278"},{"taxonomy":"post_tag","embeddable":true,"href":"https:\/\/dev.antudigital.cl\/sites\/vc\/wp-json\/wp\/v2\/tags?post=9278"}],"curies":[{"name":"wp","href":"https:\/\/api.w.org\/{rel}","templated":true}]}}