{"id":9282,"date":"2018-05-25T10:39:47","date_gmt":"2018-05-25T10:39:47","guid":{"rendered":"http:\/\/www.valparaisocreativo.cl\/?p=2348"},"modified":"2018-05-25T10:39:47","modified_gmt":"2018-05-25T10:39:47","slug":"teatro-mauri-scd-reabre-sus-puertas-para-la-musica-chilena","status":"publish","type":"post","link":"https:\/\/dev.antudigital.cl\/sites\/vc\/teatro-mauri-scd-reabre-sus-puertas-para-la-musica-chilena\/","title":{"rendered":"Teatro Mauri SCD: Reabre sus puertas para la m\u00fasica chilena"},"content":{"rendered":"<p><strong>Tras iniciar un plan de remodelaci\u00f3n y rescate en 2017, la instalaci\u00f3n abri\u00f3 al p\u00fablico la \u201cSala 0\u201d, el primer gran avance del proceso de rehabilitaci\u00f3n y reacondicionamiento del simb\u00f3lico edificio que alojar\u00e1 a la primera Sala SCD en regiones.<\/strong><\/p>\n<p>Pasado y futuro se unieron desde este jueves en el nuevo Teatro Mauri SCD, un lugar que permitir\u00e1 albergar diversas actividades vinculadas a la m\u00fasica nacional, desarrollando e impulsando la industria a nivel regional. El primer hito de inauguraci\u00f3n se realiz\u00f3 el jueves 24 de mayo y cont\u00f3 con las presentaciones en vivo de Manuel Garc\u00eda y los Crack del Puerto junto a las participaciones especiales e in\u00e9ditas de los m\u00fasicos Pascuala Ilabaca y Francisco \u201cPancho\u201d Sazo.<\/p>\n<p>La reincorporaci\u00f3n de la emblem\u00e1tica construcci\u00f3n al circuito art\u00edstico local se produce tras un arduo proceso de rehabilitaci\u00f3n y reacondicionamiento de la estructura iniciado el a\u00f1o pasado. Esto, luego de que la Sociedad Chilena de Autores e Int\u00e9rpretes Musicales (SCD) adquiriera el inmueble el 2015 con la intenci\u00f3n de convertirlo en un renovado y moderno espacio cultural que acogiese a la primera Sala SCD en regiones.<\/p>\n<p><em>\u201cUn m\u00fasico muy importante como lo fue Igor Stravinski, dec\u00eda \u2018hay que componer mirando por el espejo retrovisor\u2019, hay que mirar con cari\u00f1o la tradici\u00f3n, el pasado, y bueno, lo que estamos haciendo ac\u00e1 es no s\u00f3lo ofrecer un espacio m\u00e1s para los m\u00fasicos porte\u00f1os y para los m\u00fasicos nacionales, sino que tambi\u00e9n recuperar un rinc\u00f3n de este amado puerto que encierra muchas historias, y eso es lo m\u00e1s bonito, as\u00ed que estamos muy felices\u201d,<\/em>&nbsp;coment\u00f3 Horacio Salinas, m\u00fasico y presidente de SCD.<\/p>\n<p>El hist\u00f3rico teatro data de 1951, \u00e9poca en la que marc\u00f3 la actividad cultural de Valpara\u00edso. Sin embargo, d\u00e9cadas m\u00e1s tarde la edificaci\u00f3n sufri\u00f3 graves condiciones de desuso y deterioro, situaci\u00f3n que determin\u00f3 que de la obra original pudiesen ser recatados elementos como la fachada y la obra estructural.<\/p>\n<p>Por esta raz\u00f3n, la iniciativa impulsada por SCD implica la recuperaci\u00f3n de un emblema patrimonial y cultural de la zona, no s\u00f3lo reviviendo y restaurando su arquitectura y edificio en desuso, si no que recobrando la ra\u00edz art\u00edstica que vibra entre los cerros porte\u00f1os. Entonces, la nueva Sala SCD se plantea como un proyecto que pretende generar un nuevo foco de actividad cultural y musical en el que interact\u00faen tanto la comunidad regional, como cultores y artistas nacionales, quienes podr\u00e1n presentarse en un escenario \u00fanico, dedicado a la m\u00fasica nacional y con las mejores condiciones t\u00e9cnicas.<\/p>\n<p>Uno de los propulsores de este proyecto fue el senador Ricardo Lagos Weber, quien se mostr\u00f3 satisfecho con el resultado de esta primera etapa.&nbsp;<em>\u201cPara m\u00ed esto es espectacular, yo s\u00e9 que es un proyecto ambicioso que le faltan muchas lucas y apoyaremos tambi\u00e9n para conseguir apoyo regional, pero lo m\u00e1s importante ac\u00e1 y que tengo que admitir es el esfuerzo de descentralizar la SCD, porque la SCD se debe a sus m\u00fasicos tambi\u00e9n, a los int\u00e9rpretes, a los creadores, y ellos est\u00e1n distribuidos a lo largo de Chile y la m\u00fasica la escuchamos a lo largo del pa\u00eds y tambi\u00e9n financiamos todos esa SCD, que cumple un rol importante. Entonces, creo que este esfuerzo que hizo es muy pionero, de ir a regiones, y parti\u00f3 por Valpara\u00edso, estoy muy contento de estar aqu\u00ed al lado de La Sebastiana\u201d<\/em>, se\u00f1al\u00f3.<\/p>\n<p>por su parte, Pascuala Ilabaca, artista porte\u00f1a que particip\u00f3 en la primera jornada, se declar\u00f3 muy contenta con la reapertura de este espacio, \u201c<em>es bonito que haya vida cultural en los cerros, donde vive la gente y, este teatro especialmente por los due\u00f1os y la onda que ten\u00eda fue generando un espacio para cosas m\u00e1s culturales, sin nada de fines de lucro. Yo me acuerdo desde que tengo 18 a\u00f1os que pod\u00eda ocupar este teatro, hicimos un mont\u00f3n de cosas desde que soy s\u00faper chica, era el espacio donde los amigos pod\u00edan lanzar sus discos. Entonces, si lo toma la SCD ahora siento que hereda un teatro que tiene una historia noble\u201d.<\/em><\/p>\n<p>En tanto, la apertura con&nbsp;los vecinos del Cerro Bellavista se realizar\u00e1 el viernes 25 y contar\u00e1 con la participaci\u00f3n en vivo de Javiera Parra &amp; Los Imposibles y Los Crack del Puerto junto a Demian Rodr\u00edguez.<\/p>\n<p>&nbsp;<\/p>\n<p><strong>Fuente: SCD&nbsp;<\/strong><\/p>\n","protected":false},"excerpt":{"rendered":"<p>Tras iniciar un plan de remodelaci\u00f3n y rescate en 2017, la instalaci\u00f3n abri\u00f3 al p\u00fablico la \u201cSala 0\u201d, el primer gran avance del proceso de rehabilitaci\u00f3n y reacondicionamiento del simb\u00f3lico edificio que alojar\u00e1 a la primera Sala SCD en regiones. Pasado y futuro se unieron desde este jueves en el nuevo Teatro Mauri SCD, un [&hellip;]<\/p>\n","protected":false},"author":8,"featured_media":9283,"comment_status":"open","ping_status":"closed","sticky":false,"template":"","format":"standard","meta":{"_acf_changed":false,"footnotes":""},"categories":[8],"tags":[],"class_list":["post-9282","post","type-post","status-publish","format-standard","has-post-thumbnail","hentry","category-noticia"],"acf":[],"yoast_head":"<!-- This site is optimized with the Yoast SEO plugin v27.1.1 - https:\/\/yoast.com\/product\/yoast-seo-wordpress\/ -->\n<title>Teatro Mauri SCD: Reabre sus puertas para la m\u00fasica chilena - Valpara\u00ed\u00adso Creativo<\/title>\n<meta name=\"robots\" content=\"index, follow, max-snippet:-1, max-image-preview:large, max-video-preview:-1\" \/>\n<link rel=\"canonical\" href=\"https:\/\/dev.antudigital.cl\/sites\/vc\/teatro-mauri-scd-reabre-sus-puertas-para-la-musica-chilena\/\" \/>\n<meta property=\"og:locale\" content=\"es_ES\" \/>\n<meta property=\"og:type\" content=\"article\" \/>\n<meta property=\"og:title\" content=\"Teatro Mauri SCD: Reabre sus puertas para la m\u00fasica chilena - Valpara\u00ed\u00adso Creativo\" \/>\n<meta property=\"og:description\" content=\"Tras iniciar un plan de remodelaci\u00f3n y rescate en 2017, la instalaci\u00f3n abri\u00f3 al p\u00fablico la \u201cSala 0\u201d, el primer gran avance del proceso de rehabilitaci\u00f3n y reacondicionamiento del simb\u00f3lico edificio que alojar\u00e1 a la primera Sala SCD en regiones. Pasado y futuro se unieron desde este jueves en el nuevo Teatro Mauri SCD, un [&hellip;]\" \/>\n<meta property=\"og:url\" content=\"https:\/\/dev.antudigital.cl\/sites\/vc\/teatro-mauri-scd-reabre-sus-puertas-para-la-musica-chilena\/\" \/>\n<meta property=\"og:site_name\" content=\"Valpara\u00ed\u00adso Creativo\" \/>\n<meta property=\"article:published_time\" content=\"2018-05-25T10:39:47+00:00\" \/>\n<meta property=\"og:image\" content=\"https:\/\/dev.antudigital.cl\/sites\/vc\/wp-content\/uploads\/2018\/05\/TeatroMauriSCD.jpg\" \/>\n\t<meta property=\"og:image:width\" content=\"960\" \/>\n\t<meta property=\"og:image:height\" content=\"956\" \/>\n\t<meta property=\"og:image:type\" content=\"image\/jpeg\" \/>\n<meta name=\"twitter:card\" content=\"summary_large_image\" \/>\n<meta name=\"twitter:label1\" content=\"Escrito por\" \/>\n\t<meta name=\"twitter:data1\" content=\"\" \/>\n\t<meta name=\"twitter:label2\" content=\"Tiempo de lectura\" \/>\n\t<meta name=\"twitter:data2\" content=\"4 minutos\" \/>\n<script type=\"application\/ld+json\" class=\"yoast-schema-graph\">{\"@context\":\"https:\/\/schema.org\",\"@graph\":[{\"@type\":\"Article\",\"@id\":\"https:\/\/dev.antudigital.cl\/sites\/vc\/teatro-mauri-scd-reabre-sus-puertas-para-la-musica-chilena\/#article\",\"isPartOf\":{\"@id\":\"https:\/\/dev.antudigital.cl\/sites\/vc\/teatro-mauri-scd-reabre-sus-puertas-para-la-musica-chilena\/\"},\"author\":{\"name\":\"\",\"@id\":\"\"},\"headline\":\"Teatro Mauri SCD: Reabre sus puertas para la m\u00fasica chilena\",\"datePublished\":\"2018-05-25T10:39:47+00:00\",\"mainEntityOfPage\":{\"@id\":\"https:\/\/dev.antudigital.cl\/sites\/vc\/teatro-mauri-scd-reabre-sus-puertas-para-la-musica-chilena\/\"},\"wordCount\":780,\"commentCount\":0,\"image\":{\"@id\":\"https:\/\/dev.antudigital.cl\/sites\/vc\/teatro-mauri-scd-reabre-sus-puertas-para-la-musica-chilena\/#primaryimage\"},\"thumbnailUrl\":\"https:\/\/dev.antudigital.cl\/sites\/vc\/wp-content\/uploads\/2018\/05\/TeatroMauriSCD.jpg\",\"articleSection\":[\"Noticia\"],\"inLanguage\":\"es\",\"potentialAction\":[{\"@type\":\"CommentAction\",\"name\":\"Comment\",\"target\":[\"https:\/\/dev.antudigital.cl\/sites\/vc\/teatro-mauri-scd-reabre-sus-puertas-para-la-musica-chilena\/#respond\"]}]},{\"@type\":\"WebPage\",\"@id\":\"https:\/\/dev.antudigital.cl\/sites\/vc\/teatro-mauri-scd-reabre-sus-puertas-para-la-musica-chilena\/\",\"url\":\"https:\/\/dev.antudigital.cl\/sites\/vc\/teatro-mauri-scd-reabre-sus-puertas-para-la-musica-chilena\/\",\"name\":\"Teatro Mauri SCD: Reabre sus puertas para la m\u00fasica chilena - Valpara\u00ed\u00adso Creativo\",\"isPartOf\":{\"@id\":\"https:\/\/dev.antudigital.cl\/sites\/vc\/#website\"},\"primaryImageOfPage\":{\"@id\":\"https:\/\/dev.antudigital.cl\/sites\/vc\/teatro-mauri-scd-reabre-sus-puertas-para-la-musica-chilena\/#primaryimage\"},\"image\":{\"@id\":\"https:\/\/dev.antudigital.cl\/sites\/vc\/teatro-mauri-scd-reabre-sus-puertas-para-la-musica-chilena\/#primaryimage\"},\"thumbnailUrl\":\"https:\/\/dev.antudigital.cl\/sites\/vc\/wp-content\/uploads\/2018\/05\/TeatroMauriSCD.jpg\",\"datePublished\":\"2018-05-25T10:39:47+00:00\",\"author\":{\"@id\":\"\"},\"breadcrumb\":{\"@id\":\"https:\/\/dev.antudigital.cl\/sites\/vc\/teatro-mauri-scd-reabre-sus-puertas-para-la-musica-chilena\/#breadcrumb\"},\"inLanguage\":\"es\",\"potentialAction\":[{\"@type\":\"ReadAction\",\"target\":[\"https:\/\/dev.antudigital.cl\/sites\/vc\/teatro-mauri-scd-reabre-sus-puertas-para-la-musica-chilena\/\"]}]},{\"@type\":\"ImageObject\",\"inLanguage\":\"es\",\"@id\":\"https:\/\/dev.antudigital.cl\/sites\/vc\/teatro-mauri-scd-reabre-sus-puertas-para-la-musica-chilena\/#primaryimage\",\"url\":\"https:\/\/dev.antudigital.cl\/sites\/vc\/wp-content\/uploads\/2018\/05\/TeatroMauriSCD.jpg\",\"contentUrl\":\"https:\/\/dev.antudigital.cl\/sites\/vc\/wp-content\/uploads\/2018\/05\/TeatroMauriSCD.jpg\",\"width\":960,\"height\":956},{\"@type\":\"BreadcrumbList\",\"@id\":\"https:\/\/dev.antudigital.cl\/sites\/vc\/teatro-mauri-scd-reabre-sus-puertas-para-la-musica-chilena\/#breadcrumb\",\"itemListElement\":[{\"@type\":\"ListItem\",\"position\":1,\"name\":\"Home\",\"item\":\"https:\/\/dev.antudigital.cl\/sites\/vc\/\"},{\"@type\":\"ListItem\",\"position\":2,\"name\":\"Teatro Mauri SCD: Reabre sus puertas para la m\u00fasica chilena\"}]},{\"@type\":\"WebSite\",\"@id\":\"https:\/\/dev.antudigital.cl\/sites\/vc\/#website\",\"url\":\"https:\/\/dev.antudigital.cl\/sites\/vc\/\",\"name\":\"Valpara\u00ed\u00adso Creativo\",\"description\":\"\",\"potentialAction\":[{\"@type\":\"SearchAction\",\"target\":{\"@type\":\"EntryPoint\",\"urlTemplate\":\"https:\/\/dev.antudigital.cl\/sites\/vc\/?s={search_term_string}\"},\"query-input\":{\"@type\":\"PropertyValueSpecification\",\"valueRequired\":true,\"valueName\":\"search_term_string\"}}],\"inLanguage\":\"es\"},{\"@type\":\"Person\",\"@id\":\"\",\"url\":\"https:\/\/dev.antudigital.cl\/sites\/vc\/author\/\"}]}<\/script>\n<!-- \/ Yoast SEO plugin. -->","yoast_head_json":{"title":"Teatro Mauri SCD: Reabre sus puertas para la m\u00fasica chilena - Valpara\u00ed\u00adso Creativo","robots":{"index":"index","follow":"follow","max-snippet":"max-snippet:-1","max-image-preview":"max-image-preview:large","max-video-preview":"max-video-preview:-1"},"canonical":"https:\/\/dev.antudigital.cl\/sites\/vc\/teatro-mauri-scd-reabre-sus-puertas-para-la-musica-chilena\/","og_locale":"es_ES","og_type":"article","og_title":"Teatro Mauri SCD: Reabre sus puertas para la m\u00fasica chilena - Valpara\u00ed\u00adso Creativo","og_description":"Tras iniciar un plan de remodelaci\u00f3n y rescate en 2017, la instalaci\u00f3n abri\u00f3 al p\u00fablico la \u201cSala 0\u201d, el primer gran avance del proceso de rehabilitaci\u00f3n y reacondicionamiento del simb\u00f3lico edificio que alojar\u00e1 a la primera Sala SCD en regiones. Pasado y futuro se unieron desde este jueves en el nuevo Teatro Mauri SCD, un [&hellip;]","og_url":"https:\/\/dev.antudigital.cl\/sites\/vc\/teatro-mauri-scd-reabre-sus-puertas-para-la-musica-chilena\/","og_site_name":"Valpara\u00ed\u00adso Creativo","article_published_time":"2018-05-25T10:39:47+00:00","og_image":[{"width":960,"height":956,"url":"https:\/\/dev.antudigital.cl\/sites\/vc\/wp-content\/uploads\/2018\/05\/TeatroMauriSCD.jpg","type":"image\/jpeg"}],"twitter_card":"summary_large_image","twitter_misc":{"Escrito por":"","Tiempo de lectura":"4 minutos"},"schema":{"@context":"https:\/\/schema.org","@graph":[{"@type":"Article","@id":"https:\/\/dev.antudigital.cl\/sites\/vc\/teatro-mauri-scd-reabre-sus-puertas-para-la-musica-chilena\/#article","isPartOf":{"@id":"https:\/\/dev.antudigital.cl\/sites\/vc\/teatro-mauri-scd-reabre-sus-puertas-para-la-musica-chilena\/"},"author":{"name":"","@id":""},"headline":"Teatro Mauri SCD: Reabre sus puertas para la m\u00fasica chilena","datePublished":"2018-05-25T10:39:47+00:00","mainEntityOfPage":{"@id":"https:\/\/dev.antudigital.cl\/sites\/vc\/teatro-mauri-scd-reabre-sus-puertas-para-la-musica-chilena\/"},"wordCount":780,"commentCount":0,"image":{"@id":"https:\/\/dev.antudigital.cl\/sites\/vc\/teatro-mauri-scd-reabre-sus-puertas-para-la-musica-chilena\/#primaryimage"},"thumbnailUrl":"https:\/\/dev.antudigital.cl\/sites\/vc\/wp-content\/uploads\/2018\/05\/TeatroMauriSCD.jpg","articleSection":["Noticia"],"inLanguage":"es","potentialAction":[{"@type":"CommentAction","name":"Comment","target":["https:\/\/dev.antudigital.cl\/sites\/vc\/teatro-mauri-scd-reabre-sus-puertas-para-la-musica-chilena\/#respond"]}]},{"@type":"WebPage","@id":"https:\/\/dev.antudigital.cl\/sites\/vc\/teatro-mauri-scd-reabre-sus-puertas-para-la-musica-chilena\/","url":"https:\/\/dev.antudigital.cl\/sites\/vc\/teatro-mauri-scd-reabre-sus-puertas-para-la-musica-chilena\/","name":"Teatro Mauri SCD: Reabre sus puertas para la m\u00fasica chilena - Valpara\u00ed\u00adso Creativo","isPartOf":{"@id":"https:\/\/dev.antudigital.cl\/sites\/vc\/#website"},"primaryImageOfPage":{"@id":"https:\/\/dev.antudigital.cl\/sites\/vc\/teatro-mauri-scd-reabre-sus-puertas-para-la-musica-chilena\/#primaryimage"},"image":{"@id":"https:\/\/dev.antudigital.cl\/sites\/vc\/teatro-mauri-scd-reabre-sus-puertas-para-la-musica-chilena\/#primaryimage"},"thumbnailUrl":"https:\/\/dev.antudigital.cl\/sites\/vc\/wp-content\/uploads\/2018\/05\/TeatroMauriSCD.jpg","datePublished":"2018-05-25T10:39:47+00:00","author":{"@id":""},"breadcrumb":{"@id":"https:\/\/dev.antudigital.cl\/sites\/vc\/teatro-mauri-scd-reabre-sus-puertas-para-la-musica-chilena\/#breadcrumb"},"inLanguage":"es","potentialAction":[{"@type":"ReadAction","target":["https:\/\/dev.antudigital.cl\/sites\/vc\/teatro-mauri-scd-reabre-sus-puertas-para-la-musica-chilena\/"]}]},{"@type":"ImageObject","inLanguage":"es","@id":"https:\/\/dev.antudigital.cl\/sites\/vc\/teatro-mauri-scd-reabre-sus-puertas-para-la-musica-chilena\/#primaryimage","url":"https:\/\/dev.antudigital.cl\/sites\/vc\/wp-content\/uploads\/2018\/05\/TeatroMauriSCD.jpg","contentUrl":"https:\/\/dev.antudigital.cl\/sites\/vc\/wp-content\/uploads\/2018\/05\/TeatroMauriSCD.jpg","width":960,"height":956},{"@type":"BreadcrumbList","@id":"https:\/\/dev.antudigital.cl\/sites\/vc\/teatro-mauri-scd-reabre-sus-puertas-para-la-musica-chilena\/#breadcrumb","itemListElement":[{"@type":"ListItem","position":1,"name":"Home","item":"https:\/\/dev.antudigital.cl\/sites\/vc\/"},{"@type":"ListItem","position":2,"name":"Teatro Mauri SCD: Reabre sus puertas para la m\u00fasica chilena"}]},{"@type":"WebSite","@id":"https:\/\/dev.antudigital.cl\/sites\/vc\/#website","url":"https:\/\/dev.antudigital.cl\/sites\/vc\/","name":"Valpara\u00ed\u00adso Creativo","description":"","potentialAction":[{"@type":"SearchAction","target":{"@type":"EntryPoint","urlTemplate":"https:\/\/dev.antudigital.cl\/sites\/vc\/?s={search_term_string}"},"query-input":{"@type":"PropertyValueSpecification","valueRequired":true,"valueName":"search_term_string"}}],"inLanguage":"es"},{"@type":"Person","@id":"","url":"https:\/\/dev.antudigital.cl\/sites\/vc\/author\/"}]}},"_links":{"self":[{"href":"https:\/\/dev.antudigital.cl\/sites\/vc\/wp-json\/wp\/v2\/posts\/9282","targetHints":{"allow":["GET"]}}],"collection":[{"href":"https:\/\/dev.antudigital.cl\/sites\/vc\/wp-json\/wp\/v2\/posts"}],"about":[{"href":"https:\/\/dev.antudigital.cl\/sites\/vc\/wp-json\/wp\/v2\/types\/post"}],"author":[{"embeddable":true,"href":"https:\/\/dev.antudigital.cl\/sites\/vc\/wp-json\/wp\/v2\/users\/8"}],"replies":[{"embeddable":true,"href":"https:\/\/dev.antudigital.cl\/sites\/vc\/wp-json\/wp\/v2\/comments?post=9282"}],"version-history":[{"count":0,"href":"https:\/\/dev.antudigital.cl\/sites\/vc\/wp-json\/wp\/v2\/posts\/9282\/revisions"}],"wp:featuredmedia":[{"embeddable":true,"href":"https:\/\/dev.antudigital.cl\/sites\/vc\/wp-json\/wp\/v2\/media\/9283"}],"wp:attachment":[{"href":"https:\/\/dev.antudigital.cl\/sites\/vc\/wp-json\/wp\/v2\/media?parent=9282"}],"wp:term":[{"taxonomy":"category","embeddable":true,"href":"https:\/\/dev.antudigital.cl\/sites\/vc\/wp-json\/wp\/v2\/categories?post=9282"},{"taxonomy":"post_tag","embeddable":true,"href":"https:\/\/dev.antudigital.cl\/sites\/vc\/wp-json\/wp\/v2\/tags?post=9282"}],"curies":[{"name":"wp","href":"https:\/\/api.w.org\/{rel}","templated":true}]}}