{"id":9286,"date":"2018-05-16T13:17:32","date_gmt":"2018-05-16T13:17:32","guid":{"rendered":"http:\/\/www.valparaisocreativo.cl\/?p=2321"},"modified":"2018-05-16T13:17:32","modified_gmt":"2018-05-16T13:17:32","slug":"buscamos-tu-talento-y-creatividad-para-visibilizar-la-oferta-de-servicios-creativos-en-el-proximo-encuentro-empresarial","status":"publish","type":"post","link":"https:\/\/dev.antudigital.cl\/sites\/vc\/buscamos-tu-talento-y-creatividad-para-visibilizar-la-oferta-de-servicios-creativos-en-el-proximo-encuentro-empresarial\/","title":{"rendered":"Buscamos tu talento y creatividad para visibilizar oferta de servicios creativos"},"content":{"rendered":"<ul>\n<li><span style=\"font-weight: 400;\">El Encuentro Empresarial se realizar\u00e1 el pr\u00f3ximo 6 y 7 de junio en el Sporting de Vi\u00f1a del Mar, en donde habr\u00e1 un espacio de exhibici\u00f3n de la oferta de empresas creativas locales.<\/span><\/li>\n<li><span style=\"font-weight: 400;\"> &nbsp;<\/span> <span style=\"font-weight: 400;\">Los interesados deber\u00e1n enviar una cotizaci\u00f3n junto a una propuesta t\u00e9cnica para los servicios a contratar hasta el <\/span><b>21 de mayo.<\/b><\/li>\n<\/ul>\n<p><span style=\"font-weight: 400;\">Una gran oportunidad se est\u00e1 gestando desde el programa <\/span><b>Valpara\u00edso Creativo<\/b><span style=\"font-weight: 400;\"> junto con el sector creativo de la regi\u00f3n. En la pr\u00f3xima versi\u00f3n del Encuentro Empresarial, organizado por la C\u00e1mara Regional de Comercio y la Producci\u00f3n a realizarse en junio pr\u00f3ximo, se habilitar\u00e1 un espacio de exhibici\u00f3n de la oferta de empresas creativas locales de distintos sectores creativos como lo son: dise\u00f1o de producto, dise\u00f1o gr\u00e1fico, publicitario y marketing, m\u00fasica, audiovisual, videojuegos y soluciones tecnol\u00f3gicas. <\/span><\/p>\n<p><span style=\"font-weight: 400;\">En este contexto, es que se est\u00e1 haciendo un llamado para contratar cuatro tipos de servicios independientes, que ayudar\u00e1n a visibilizar la oferta creativa en esta instancia. Son los siguientes:<\/span><\/p>\n<p>1.<b>Desarrollo de Cat\u00e1logo Digital de servicios creativos en Valpara\u00edso.<\/b><\/p>\n<p><a href=\"http:\/\/www.valparaisocreativo.cl\/wp-content\/uploads\/2018\/05\/Solicitud-Cotizacio\u0301n-Cata\u0301logo-Digital.pdf\">Revisa aqu\u00ed los detalles<\/a><\/p>\n<p>2.&nbsp;<b>Dise\u00f1o y fabricaci\u00f3n de regalo corporativo<\/b><\/p>\n<p><a href=\"http:\/\/www.valparaisocreativo.cl\/wp-content\/uploads\/2018\/05\/Solicitud-Cotizacio\u0301n-Regalo-Corporativo.pdf\">Revisa aqu\u00ed los detalles<\/a><\/p>\n<p><span style=\"font-weight: 400;\">3.&nbsp;<\/span><b>Dise\u00f1o, construcci\u00f3n, montaje y desmontaje del pabell\u00f3n del sector creativo (Stand)<\/b><\/p>\n<p><a href=\"http:\/\/www.valparaisocreativo.cl\/wp-content\/uploads\/2018\/05\/Solicitud-Cotizacio\u0301n-Stand.pdf\">Revisa aqu\u00ed los detalles<\/a><\/p>\n<p>4.&nbsp;<b>Videos promocionales<\/b><\/p>\n<p><a href=\"http:\/\/www.valparaisocreativo.cl\/wp-content\/uploads\/2018\/05\/Solicitud-Cotizacio\u0301n-Videos-Promocionales-2.pdf\">Revisa aqu\u00ed los detalles<\/a><\/p>\n<p>El llamado es para creativos en el rubro del dise\u00f1o, desarrollo web, audiovisual u otros que sean pertinentes para la realizaci\u00f3n de los solicitado previamente. Los interesados tendr\u00e1n que enviar una cotizaci\u00f3n acorde a una propuesta y\/o portafolio del servicio hasta el 21 de mayo de 2018 a las 23:59 horas, al correo hola@valparaisocreativo.cl<\/p>\n<p>&nbsp;<\/p>\n<h3><strong>\u00bfTe quedaron dudas respecto a este llamado?<\/strong>&nbsp;Resu\u00e9lvelas haciendo click <a href=\"http:\/\/www.valparaisocreativo.cl\/wp-content\/uploads\/2018\/05\/Preguntas_respuestas-solicitudes-Servicios-creativos-Encuentro-Empresarial.pdf\">aqu\u00ed<\/a><\/h3>\n<p><span style=\"font-weight: 400;\">El Encuentro Empresarial que este a\u00f1o lleva por nombre \u201cInspira\u201d, se realizar\u00e1 el 6 y 7 de Junio en el Espacio Sporting en Vi\u00f1a del Mar, es considerado como el evento empresarial m\u00e1s importante de la regi\u00f3n y contar\u00e1 con importantes expositores nacionales e internacionales en materias relacionadas con Econom\u00eda, Valor Compartido, Innovaci\u00f3n, Emprendimiento, Turismo, Desarrollo Sostenible y Transformaci\u00f3n Digital. El Encuentro Empresarial, contempla adem\u00e1s la realizaci\u00f3n de talleres, actividades de networking y ruedas de negocios, transform\u00e1ndose as\u00ed en un espacio clave para el entramado empresarial de la regi\u00f3n.<\/span><\/p>\n","protected":false},"excerpt":{"rendered":"<p>El Encuentro Empresarial se realizar\u00e1 el pr\u00f3ximo 6 y 7 de junio en el Sporting de Vi\u00f1a del Mar, en donde habr\u00e1 un espacio de exhibici\u00f3n de la oferta de empresas creativas locales. &nbsp; Los interesados deber\u00e1n enviar una cotizaci\u00f3n junto a una propuesta t\u00e9cnica para los servicios a contratar hasta el 21 de mayo. [&hellip;]<\/p>\n","protected":false},"author":8,"featured_media":8937,"comment_status":"open","ping_status":"closed","sticky":false,"template":"","format":"standard","meta":{"_acf_changed":false,"footnotes":""},"categories":[8],"tags":[],"class_list":["post-9286","post","type-post","status-publish","format-standard","has-post-thumbnail","hentry","category-noticia"],"acf":[],"yoast_head":"<!-- This site is optimized with the Yoast SEO plugin v27.1.1 - https:\/\/yoast.com\/product\/yoast-seo-wordpress\/ -->\n<title>Buscamos tu talento y creatividad para visibilizar oferta de servicios creativos - Valpara\u00ed\u00adso Creativo<\/title>\n<meta name=\"robots\" content=\"index, follow, max-snippet:-1, max-image-preview:large, max-video-preview:-1\" \/>\n<link rel=\"canonical\" href=\"https:\/\/dev.antudigital.cl\/sites\/vc\/buscamos-tu-talento-y-creatividad-para-visibilizar-la-oferta-de-servicios-creativos-en-el-proximo-encuentro-empresarial\/\" \/>\n<meta property=\"og:locale\" content=\"es_ES\" \/>\n<meta property=\"og:type\" content=\"article\" \/>\n<meta property=\"og:title\" content=\"Buscamos tu talento y creatividad para visibilizar oferta de servicios creativos - Valpara\u00ed\u00adso Creativo\" \/>\n<meta property=\"og:description\" content=\"El Encuentro Empresarial se realizar\u00e1 el pr\u00f3ximo 6 y 7 de junio en el Sporting de Vi\u00f1a del Mar, en donde habr\u00e1 un espacio de exhibici\u00f3n de la oferta de empresas creativas locales. &nbsp; Los interesados deber\u00e1n enviar una cotizaci\u00f3n junto a una propuesta t\u00e9cnica para los servicios a contratar hasta el 21 de mayo. [&hellip;]\" \/>\n<meta property=\"og:url\" content=\"https:\/\/dev.antudigital.cl\/sites\/vc\/buscamos-tu-talento-y-creatividad-para-visibilizar-la-oferta-de-servicios-creativos-en-el-proximo-encuentro-empresarial\/\" \/>\n<meta property=\"og:site_name\" content=\"Valpara\u00ed\u00adso Creativo\" \/>\n<meta property=\"article:published_time\" content=\"2018-05-16T13:17:32+00:00\" \/>\n<meta property=\"og:image\" content=\"https:\/\/dev.antudigital.cl\/sites\/vc\/wp-content\/uploads\/2018\/05\/pexels-photo-398532-1.jpeg\" \/>\n\t<meta property=\"og:image:width\" content=\"400\" \/>\n\t<meta property=\"og:image:height\" content=\"273\" \/>\n\t<meta property=\"og:image:type\" content=\"image\/jpeg\" \/>\n<meta name=\"twitter:card\" content=\"summary_large_image\" \/>\n<meta name=\"twitter:label1\" content=\"Escrito por\" \/>\n\t<meta name=\"twitter:data1\" content=\"\" \/>\n\t<meta name=\"twitter:label2\" content=\"Tiempo de lectura\" \/>\n\t<meta name=\"twitter:data2\" content=\"2 minutos\" \/>\n<script type=\"application\/ld+json\" class=\"yoast-schema-graph\">{\"@context\":\"https:\/\/schema.org\",\"@graph\":[{\"@type\":\"Article\",\"@id\":\"https:\/\/dev.antudigital.cl\/sites\/vc\/buscamos-tu-talento-y-creatividad-para-visibilizar-la-oferta-de-servicios-creativos-en-el-proximo-encuentro-empresarial\/#article\",\"isPartOf\":{\"@id\":\"https:\/\/dev.antudigital.cl\/sites\/vc\/buscamos-tu-talento-y-creatividad-para-visibilizar-la-oferta-de-servicios-creativos-en-el-proximo-encuentro-empresarial\/\"},\"author\":{\"name\":\"\",\"@id\":\"\"},\"headline\":\"Buscamos tu talento y creatividad para visibilizar oferta de servicios creativos\",\"datePublished\":\"2018-05-16T13:17:32+00:00\",\"mainEntityOfPage\":{\"@id\":\"https:\/\/dev.antudigital.cl\/sites\/vc\/buscamos-tu-talento-y-creatividad-para-visibilizar-la-oferta-de-servicios-creativos-en-el-proximo-encuentro-empresarial\/\"},\"wordCount\":412,\"commentCount\":0,\"image\":{\"@id\":\"https:\/\/dev.antudigital.cl\/sites\/vc\/buscamos-tu-talento-y-creatividad-para-visibilizar-la-oferta-de-servicios-creativos-en-el-proximo-encuentro-empresarial\/#primaryimage\"},\"thumbnailUrl\":\"https:\/\/dev.antudigital.cl\/sites\/vc\/wp-content\/uploads\/2018\/05\/pexels-photo-398532-1.jpeg\",\"articleSection\":[\"Noticia\"],\"inLanguage\":\"es\",\"potentialAction\":[{\"@type\":\"CommentAction\",\"name\":\"Comment\",\"target\":[\"https:\/\/dev.antudigital.cl\/sites\/vc\/buscamos-tu-talento-y-creatividad-para-visibilizar-la-oferta-de-servicios-creativos-en-el-proximo-encuentro-empresarial\/#respond\"]}]},{\"@type\":\"WebPage\",\"@id\":\"https:\/\/dev.antudigital.cl\/sites\/vc\/buscamos-tu-talento-y-creatividad-para-visibilizar-la-oferta-de-servicios-creativos-en-el-proximo-encuentro-empresarial\/\",\"url\":\"https:\/\/dev.antudigital.cl\/sites\/vc\/buscamos-tu-talento-y-creatividad-para-visibilizar-la-oferta-de-servicios-creativos-en-el-proximo-encuentro-empresarial\/\",\"name\":\"Buscamos tu talento y creatividad para visibilizar oferta de servicios creativos - Valpara\u00ed\u00adso Creativo\",\"isPartOf\":{\"@id\":\"https:\/\/dev.antudigital.cl\/sites\/vc\/#website\"},\"primaryImageOfPage\":{\"@id\":\"https:\/\/dev.antudigital.cl\/sites\/vc\/buscamos-tu-talento-y-creatividad-para-visibilizar-la-oferta-de-servicios-creativos-en-el-proximo-encuentro-empresarial\/#primaryimage\"},\"image\":{\"@id\":\"https:\/\/dev.antudigital.cl\/sites\/vc\/buscamos-tu-talento-y-creatividad-para-visibilizar-la-oferta-de-servicios-creativos-en-el-proximo-encuentro-empresarial\/#primaryimage\"},\"thumbnailUrl\":\"https:\/\/dev.antudigital.cl\/sites\/vc\/wp-content\/uploads\/2018\/05\/pexels-photo-398532-1.jpeg\",\"datePublished\":\"2018-05-16T13:17:32+00:00\",\"author\":{\"@id\":\"\"},\"breadcrumb\":{\"@id\":\"https:\/\/dev.antudigital.cl\/sites\/vc\/buscamos-tu-talento-y-creatividad-para-visibilizar-la-oferta-de-servicios-creativos-en-el-proximo-encuentro-empresarial\/#breadcrumb\"},\"inLanguage\":\"es\",\"potentialAction\":[{\"@type\":\"ReadAction\",\"target\":[\"https:\/\/dev.antudigital.cl\/sites\/vc\/buscamos-tu-talento-y-creatividad-para-visibilizar-la-oferta-de-servicios-creativos-en-el-proximo-encuentro-empresarial\/\"]}]},{\"@type\":\"ImageObject\",\"inLanguage\":\"es\",\"@id\":\"https:\/\/dev.antudigital.cl\/sites\/vc\/buscamos-tu-talento-y-creatividad-para-visibilizar-la-oferta-de-servicios-creativos-en-el-proximo-encuentro-empresarial\/#primaryimage\",\"url\":\"https:\/\/dev.antudigital.cl\/sites\/vc\/wp-content\/uploads\/2018\/05\/pexels-photo-398532-1.jpeg\",\"contentUrl\":\"https:\/\/dev.antudigital.cl\/sites\/vc\/wp-content\/uploads\/2018\/05\/pexels-photo-398532-1.jpeg\",\"width\":400,\"height\":273,\"caption\":\"Business Colleagues Together Teamwork Working Office\"},{\"@type\":\"BreadcrumbList\",\"@id\":\"https:\/\/dev.antudigital.cl\/sites\/vc\/buscamos-tu-talento-y-creatividad-para-visibilizar-la-oferta-de-servicios-creativos-en-el-proximo-encuentro-empresarial\/#breadcrumb\",\"itemListElement\":[{\"@type\":\"ListItem\",\"position\":1,\"name\":\"Home\",\"item\":\"https:\/\/dev.antudigital.cl\/sites\/vc\/\"},{\"@type\":\"ListItem\",\"position\":2,\"name\":\"Buscamos tu talento y creatividad para visibilizar oferta de servicios creativos\"}]},{\"@type\":\"WebSite\",\"@id\":\"https:\/\/dev.antudigital.cl\/sites\/vc\/#website\",\"url\":\"https:\/\/dev.antudigital.cl\/sites\/vc\/\",\"name\":\"Valpara\u00ed\u00adso Creativo\",\"description\":\"\",\"potentialAction\":[{\"@type\":\"SearchAction\",\"target\":{\"@type\":\"EntryPoint\",\"urlTemplate\":\"https:\/\/dev.antudigital.cl\/sites\/vc\/?s={search_term_string}\"},\"query-input\":{\"@type\":\"PropertyValueSpecification\",\"valueRequired\":true,\"valueName\":\"search_term_string\"}}],\"inLanguage\":\"es\"},{\"@type\":\"Person\",\"@id\":\"\",\"url\":\"https:\/\/dev.antudigital.cl\/sites\/vc\/author\/\"}]}<\/script>\n<!-- \/ Yoast SEO plugin. -->","yoast_head_json":{"title":"Buscamos tu talento y creatividad para visibilizar oferta de servicios creativos - Valpara\u00ed\u00adso Creativo","robots":{"index":"index","follow":"follow","max-snippet":"max-snippet:-1","max-image-preview":"max-image-preview:large","max-video-preview":"max-video-preview:-1"},"canonical":"https:\/\/dev.antudigital.cl\/sites\/vc\/buscamos-tu-talento-y-creatividad-para-visibilizar-la-oferta-de-servicios-creativos-en-el-proximo-encuentro-empresarial\/","og_locale":"es_ES","og_type":"article","og_title":"Buscamos tu talento y creatividad para visibilizar oferta de servicios creativos - Valpara\u00ed\u00adso Creativo","og_description":"El Encuentro Empresarial se realizar\u00e1 el pr\u00f3ximo 6 y 7 de junio en el Sporting de Vi\u00f1a del Mar, en donde habr\u00e1 un espacio de exhibici\u00f3n de la oferta de empresas creativas locales. &nbsp; Los interesados deber\u00e1n enviar una cotizaci\u00f3n junto a una propuesta t\u00e9cnica para los servicios a contratar hasta el 21 de mayo. [&hellip;]","og_url":"https:\/\/dev.antudigital.cl\/sites\/vc\/buscamos-tu-talento-y-creatividad-para-visibilizar-la-oferta-de-servicios-creativos-en-el-proximo-encuentro-empresarial\/","og_site_name":"Valpara\u00ed\u00adso Creativo","article_published_time":"2018-05-16T13:17:32+00:00","og_image":[{"width":400,"height":273,"url":"https:\/\/dev.antudigital.cl\/sites\/vc\/wp-content\/uploads\/2018\/05\/pexels-photo-398532-1.jpeg","type":"image\/jpeg"}],"twitter_card":"summary_large_image","twitter_misc":{"Escrito por":"","Tiempo de lectura":"2 minutos"},"schema":{"@context":"https:\/\/schema.org","@graph":[{"@type":"Article","@id":"https:\/\/dev.antudigital.cl\/sites\/vc\/buscamos-tu-talento-y-creatividad-para-visibilizar-la-oferta-de-servicios-creativos-en-el-proximo-encuentro-empresarial\/#article","isPartOf":{"@id":"https:\/\/dev.antudigital.cl\/sites\/vc\/buscamos-tu-talento-y-creatividad-para-visibilizar-la-oferta-de-servicios-creativos-en-el-proximo-encuentro-empresarial\/"},"author":{"name":"","@id":""},"headline":"Buscamos tu talento y creatividad para visibilizar oferta de servicios creativos","datePublished":"2018-05-16T13:17:32+00:00","mainEntityOfPage":{"@id":"https:\/\/dev.antudigital.cl\/sites\/vc\/buscamos-tu-talento-y-creatividad-para-visibilizar-la-oferta-de-servicios-creativos-en-el-proximo-encuentro-empresarial\/"},"wordCount":412,"commentCount":0,"image":{"@id":"https:\/\/dev.antudigital.cl\/sites\/vc\/buscamos-tu-talento-y-creatividad-para-visibilizar-la-oferta-de-servicios-creativos-en-el-proximo-encuentro-empresarial\/#primaryimage"},"thumbnailUrl":"https:\/\/dev.antudigital.cl\/sites\/vc\/wp-content\/uploads\/2018\/05\/pexels-photo-398532-1.jpeg","articleSection":["Noticia"],"inLanguage":"es","potentialAction":[{"@type":"CommentAction","name":"Comment","target":["https:\/\/dev.antudigital.cl\/sites\/vc\/buscamos-tu-talento-y-creatividad-para-visibilizar-la-oferta-de-servicios-creativos-en-el-proximo-encuentro-empresarial\/#respond"]}]},{"@type":"WebPage","@id":"https:\/\/dev.antudigital.cl\/sites\/vc\/buscamos-tu-talento-y-creatividad-para-visibilizar-la-oferta-de-servicios-creativos-en-el-proximo-encuentro-empresarial\/","url":"https:\/\/dev.antudigital.cl\/sites\/vc\/buscamos-tu-talento-y-creatividad-para-visibilizar-la-oferta-de-servicios-creativos-en-el-proximo-encuentro-empresarial\/","name":"Buscamos tu talento y creatividad para visibilizar oferta de servicios creativos - Valpara\u00ed\u00adso Creativo","isPartOf":{"@id":"https:\/\/dev.antudigital.cl\/sites\/vc\/#website"},"primaryImageOfPage":{"@id":"https:\/\/dev.antudigital.cl\/sites\/vc\/buscamos-tu-talento-y-creatividad-para-visibilizar-la-oferta-de-servicios-creativos-en-el-proximo-encuentro-empresarial\/#primaryimage"},"image":{"@id":"https:\/\/dev.antudigital.cl\/sites\/vc\/buscamos-tu-talento-y-creatividad-para-visibilizar-la-oferta-de-servicios-creativos-en-el-proximo-encuentro-empresarial\/#primaryimage"},"thumbnailUrl":"https:\/\/dev.antudigital.cl\/sites\/vc\/wp-content\/uploads\/2018\/05\/pexels-photo-398532-1.jpeg","datePublished":"2018-05-16T13:17:32+00:00","author":{"@id":""},"breadcrumb":{"@id":"https:\/\/dev.antudigital.cl\/sites\/vc\/buscamos-tu-talento-y-creatividad-para-visibilizar-la-oferta-de-servicios-creativos-en-el-proximo-encuentro-empresarial\/#breadcrumb"},"inLanguage":"es","potentialAction":[{"@type":"ReadAction","target":["https:\/\/dev.antudigital.cl\/sites\/vc\/buscamos-tu-talento-y-creatividad-para-visibilizar-la-oferta-de-servicios-creativos-en-el-proximo-encuentro-empresarial\/"]}]},{"@type":"ImageObject","inLanguage":"es","@id":"https:\/\/dev.antudigital.cl\/sites\/vc\/buscamos-tu-talento-y-creatividad-para-visibilizar-la-oferta-de-servicios-creativos-en-el-proximo-encuentro-empresarial\/#primaryimage","url":"https:\/\/dev.antudigital.cl\/sites\/vc\/wp-content\/uploads\/2018\/05\/pexels-photo-398532-1.jpeg","contentUrl":"https:\/\/dev.antudigital.cl\/sites\/vc\/wp-content\/uploads\/2018\/05\/pexels-photo-398532-1.jpeg","width":400,"height":273,"caption":"Business Colleagues Together Teamwork Working Office"},{"@type":"BreadcrumbList","@id":"https:\/\/dev.antudigital.cl\/sites\/vc\/buscamos-tu-talento-y-creatividad-para-visibilizar-la-oferta-de-servicios-creativos-en-el-proximo-encuentro-empresarial\/#breadcrumb","itemListElement":[{"@type":"ListItem","position":1,"name":"Home","item":"https:\/\/dev.antudigital.cl\/sites\/vc\/"},{"@type":"ListItem","position":2,"name":"Buscamos tu talento y creatividad para visibilizar oferta de servicios creativos"}]},{"@type":"WebSite","@id":"https:\/\/dev.antudigital.cl\/sites\/vc\/#website","url":"https:\/\/dev.antudigital.cl\/sites\/vc\/","name":"Valpara\u00ed\u00adso Creativo","description":"","potentialAction":[{"@type":"SearchAction","target":{"@type":"EntryPoint","urlTemplate":"https:\/\/dev.antudigital.cl\/sites\/vc\/?s={search_term_string}"},"query-input":{"@type":"PropertyValueSpecification","valueRequired":true,"valueName":"search_term_string"}}],"inLanguage":"es"},{"@type":"Person","@id":"","url":"https:\/\/dev.antudigital.cl\/sites\/vc\/author\/"}]}},"_links":{"self":[{"href":"https:\/\/dev.antudigital.cl\/sites\/vc\/wp-json\/wp\/v2\/posts\/9286","targetHints":{"allow":["GET"]}}],"collection":[{"href":"https:\/\/dev.antudigital.cl\/sites\/vc\/wp-json\/wp\/v2\/posts"}],"about":[{"href":"https:\/\/dev.antudigital.cl\/sites\/vc\/wp-json\/wp\/v2\/types\/post"}],"author":[{"embeddable":true,"href":"https:\/\/dev.antudigital.cl\/sites\/vc\/wp-json\/wp\/v2\/users\/8"}],"replies":[{"embeddable":true,"href":"https:\/\/dev.antudigital.cl\/sites\/vc\/wp-json\/wp\/v2\/comments?post=9286"}],"version-history":[{"count":0,"href":"https:\/\/dev.antudigital.cl\/sites\/vc\/wp-json\/wp\/v2\/posts\/9286\/revisions"}],"wp:featuredmedia":[{"embeddable":true,"href":"https:\/\/dev.antudigital.cl\/sites\/vc\/wp-json\/wp\/v2\/media\/8937"}],"wp:attachment":[{"href":"https:\/\/dev.antudigital.cl\/sites\/vc\/wp-json\/wp\/v2\/media?parent=9286"}],"wp:term":[{"taxonomy":"category","embeddable":true,"href":"https:\/\/dev.antudigital.cl\/sites\/vc\/wp-json\/wp\/v2\/categories?post=9286"},{"taxonomy":"post_tag","embeddable":true,"href":"https:\/\/dev.antudigital.cl\/sites\/vc\/wp-json\/wp\/v2\/tags?post=9286"}],"curies":[{"name":"wp","href":"https:\/\/api.w.org\/{rel}","templated":true}]}}