{"id":9287,"date":"2018-05-11T15:59:38","date_gmt":"2018-05-11T15:59:38","guid":{"rendered":"http:\/\/www.valparaisocreativo.cl\/?p=2314"},"modified":"2018-05-11T15:59:38","modified_gmt":"2018-05-11T15:59:38","slug":"upclying-reciclaje-textil-y-economia-circular-fueron-las-tematicas-abordadas-en-los-talleres-realizados-en-el-marco-de-pasarela-valparaiso","status":"publish","type":"post","link":"https:\/\/dev.antudigital.cl\/sites\/vc\/upclying-reciclaje-textil-y-economia-circular-fueron-las-tematicas-abordadas-en-los-talleres-realizados-en-el-marco-de-pasarela-valparaiso\/","title":{"rendered":"Upclying, reciclaje textil y econom\u00eda circular fueron las tem\u00e1ticas abordadas en los talleres realizados en el marco de Pasarela Valpara\u00edso"},"content":{"rendered":"<ul>\n<li>El programa estrat\u00e9gico de CORFO, Valpara\u00edso Creativo organiz\u00f3 dos talleres en el Parque Cultural de Valpara\u00edso, como parte de las actividades que se desarrollan en la octava versi\u00f3n de Pasarela Valpara\u00edso.<\/li>\n<\/ul>\n<p>&nbsp;<\/p>\n<p style=\"text-align: left;\">Como una forma de repensar el dise\u00f1o y reflexionar sobre la industria de la moda y las consecuencias que \u00e9sta trae, es que el programa <strong>Valpara\u00edso Creativo<\/strong> organiz\u00f3 dos talleres con el foco puesto en el <em>upclying <\/em>y la econom\u00eda circular, en el marco de Pasarela Valpara\u00edso, organizada desde el 2011 por la carrera Dise\u00f1o de Vestuario Duoc UC.<\/p>\n<p style=\"text-align: left;\"><a href=\"http:\/\/www.valparaisocreativo.cl\/wp-content\/uploads\/2018\/05\/WhatsApp-Image-2018-05-10-at-13.04.55-1.jpeg\"><img fetchpriority=\"high\" decoding=\"async\" class=\"upclying  alignleft wp-image-2316 size-medium\" src=\"http:\/\/www.valparaisocreativo.cl\/wp-content\/uploads\/2018\/05\/WhatsApp-Image-2018-05-10-at-13.04.55-1-225x300.jpeg\" alt=\"\" width=\"225\" height=\"300\"><\/a>La primera actividad fue el \u201cTaller de Deconstrucci\u00f3n\u201d realizada por el equipo de la plataforma creativa <a href=\"http:\/\/www.instagram.com\/docenarecicla\">12-NA<\/a>, en donde a trav\u00e9s de la experimentaci\u00f3n y exploraci\u00f3n l\u00fadica, los participantes de construyeron prendas textiles para la creaci\u00f3n de una nueva. En esta oportunidad fueron camisas, generando un nuevo valor a ese material reciclado, bajo el proceso del upcycling. Mariano Breccia, uno de los creadores de 12-NA enfatiz\u00f3 que \u201c<em><strong>Pasarela Valpara\u00edso est\u00e1 entregando plataforma a una escena que est\u00e1 existiendo, y que est\u00e1 viendo la moda de otra forma; y este workshop tiene que ver con eso, vestir de otra forma, mucho m\u00e1s consciente<\/strong>\u201d.<\/em><\/p>\n<p style=\"text-align: left;\">\n<p style=\"text-align: left;\">Adem\u00e1s, el taller daba la oportunidad tanto de aprender la t\u00e9cnica de reutilizaci\u00f3n de prendas, de repensar la forma en que se dise\u00f1a y reutiliza la moda. Una de las participantes del taller celebr\u00f3 esta instancia y coment\u00f3 que este tipo de iniciativas ayudan a abrir la mente para reciclar la propia ropa e ir diversificando sus usos. Adem\u00e1s, agreg\u00f3, \u201c<strong><em>esto hace que la comunidad comience a hablar m\u00e1s del tema, el cual no se mira mucho\u201d<\/em><\/strong><\/p>\n<p style=\"text-align: left;\">\n<p style=\"text-align: left;\">El segundo taller estuvo a cargo de <a href=\"https:\/\/twitter.com\/StgoSlow?lang=es\">Slow Santiago<\/a>, en donde Marcela Godoy y Carola Moya expusieron sobre el impacto de la industria de la moda y c\u00f3mo el dise\u00f1o puede generar un cambio positivo. De este modo, se centraron en la econom\u00eda y la moda circular, en donde la base de esta propuesta es disminuir la producci\u00f3n y hacerla m\u00e1s eficiente e inteligente.<\/p>\n<p style=\"text-align: left;\">Posterior a la charla, se desarrollaron mesas de trabajo para identificar factores sociales, medio ambientales y econ\u00f3micos de la industria, para ver c\u00f3mo a trav\u00e9s del dise\u00f1o se puede generar un cambio positivo.<\/p>\n<p style=\"text-align: left;\">Las actividades de Pasarela Valpara\u00edso contin\u00faan ma\u00f1ana en el Parque Cultural de Valpara\u00edso desde las 17 horas, con la exhibici\u00f3n y muestra de selecci\u00f3n de trabajos de estudiantes de Dise\u00f1o de Vestuario, luego una presentaci\u00f3n de colaboraciones de alumnos DVE Duoc UC con empresas de innovaci\u00f3n basadas en pilares de identidad local. Por \u00faltimo, se realizar\u00e1 la presentaci\u00f3n de colecciones de dise\u00f1o de autor.<\/p>\n<p>M\u00e1s informaci\u00f3n en: <a href=\"http:\/\/www.duoc.cl\/pasarelavalparaiso\/index.html\">http:\/\/www.duoc.cl\/pasarelavalparaiso\/index.html<\/a><\/p>\n<p>&nbsp;<\/p>\n","protected":false},"excerpt":{"rendered":"<p>El programa estrat\u00e9gico de CORFO, Valpara\u00edso Creativo organiz\u00f3 dos talleres en el Parque Cultural de Valpara\u00edso, como parte de las actividades que se desarrollan en la octava versi\u00f3n de Pasarela Valpara\u00edso. &nbsp; Como una forma de repensar el dise\u00f1o y reflexionar sobre la industria de la moda y las consecuencias que \u00e9sta trae, es que [&hellip;]<\/p>\n","protected":false},"author":8,"featured_media":9288,"comment_status":"open","ping_status":"closed","sticky":false,"template":"","format":"standard","meta":{"_acf_changed":false,"footnotes":""},"categories":[8],"tags":[],"class_list":["post-9287","post","type-post","status-publish","format-standard","has-post-thumbnail","hentry","category-noticia"],"acf":[],"yoast_head":"<!-- This site is optimized with the Yoast SEO plugin v27.1.1 - https:\/\/yoast.com\/product\/yoast-seo-wordpress\/ -->\n<title>Upclying, reciclaje textil y econom\u00eda circular fueron las tem\u00e1ticas abordadas en los talleres realizados en el marco de Pasarela Valpara\u00edso - Valpara\u00ed\u00adso Creativo<\/title>\n<meta name=\"robots\" content=\"index, follow, max-snippet:-1, max-image-preview:large, max-video-preview:-1\" \/>\n<link rel=\"canonical\" href=\"https:\/\/dev.antudigital.cl\/sites\/vc\/upclying-reciclaje-textil-y-economia-circular-fueron-las-tematicas-abordadas-en-los-talleres-realizados-en-el-marco-de-pasarela-valparaiso\/\" \/>\n<meta property=\"og:locale\" content=\"es_ES\" \/>\n<meta property=\"og:type\" content=\"article\" \/>\n<meta property=\"og:title\" content=\"Upclying, reciclaje textil y econom\u00eda circular fueron las tem\u00e1ticas abordadas en los talleres realizados en el marco de Pasarela Valpara\u00edso - Valpara\u00ed\u00adso Creativo\" \/>\n<meta property=\"og:description\" content=\"El programa estrat\u00e9gico de CORFO, Valpara\u00edso Creativo organiz\u00f3 dos talleres en el Parque Cultural de Valpara\u00edso, como parte de las actividades que se desarrollan en la octava versi\u00f3n de Pasarela Valpara\u00edso. &nbsp; Como una forma de repensar el dise\u00f1o y reflexionar sobre la industria de la moda y las consecuencias que \u00e9sta trae, es que [&hellip;]\" \/>\n<meta property=\"og:url\" content=\"https:\/\/dev.antudigital.cl\/sites\/vc\/upclying-reciclaje-textil-y-economia-circular-fueron-las-tematicas-abordadas-en-los-talleres-realizados-en-el-marco-de-pasarela-valparaiso\/\" \/>\n<meta property=\"og:site_name\" content=\"Valpara\u00ed\u00adso Creativo\" \/>\n<meta property=\"article:published_time\" content=\"2018-05-11T15:59:38+00:00\" \/>\n<meta property=\"og:image\" content=\"https:\/\/dev.antudigital.cl\/sites\/vc\/wp-content\/uploads\/2018\/05\/WhatsApp-Image-2018-05-10-at-16.12.30.jpeg\" \/>\n\t<meta property=\"og:image:width\" content=\"1280\" \/>\n\t<meta property=\"og:image:height\" content=\"960\" \/>\n\t<meta property=\"og:image:type\" content=\"image\/jpeg\" \/>\n<meta name=\"twitter:card\" content=\"summary_large_image\" \/>\n<meta name=\"twitter:label1\" content=\"Escrito por\" \/>\n\t<meta name=\"twitter:data1\" content=\"\" \/>\n\t<meta name=\"twitter:label2\" content=\"Tiempo de lectura\" \/>\n\t<meta name=\"twitter:data2\" content=\"2 minutos\" \/>\n<script type=\"application\/ld+json\" class=\"yoast-schema-graph\">{\"@context\":\"https:\/\/schema.org\",\"@graph\":[{\"@type\":\"Article\",\"@id\":\"https:\/\/dev.antudigital.cl\/sites\/vc\/upclying-reciclaje-textil-y-economia-circular-fueron-las-tematicas-abordadas-en-los-talleres-realizados-en-el-marco-de-pasarela-valparaiso\/#article\",\"isPartOf\":{\"@id\":\"https:\/\/dev.antudigital.cl\/sites\/vc\/upclying-reciclaje-textil-y-economia-circular-fueron-las-tematicas-abordadas-en-los-talleres-realizados-en-el-marco-de-pasarela-valparaiso\/\"},\"author\":{\"name\":\"\",\"@id\":\"\"},\"headline\":\"Upclying, reciclaje textil y econom\u00eda circular fueron las tem\u00e1ticas abordadas en los talleres realizados en el marco de Pasarela Valpara\u00edso\",\"datePublished\":\"2018-05-11T15:59:38+00:00\",\"mainEntityOfPage\":{\"@id\":\"https:\/\/dev.antudigital.cl\/sites\/vc\/upclying-reciclaje-textil-y-economia-circular-fueron-las-tematicas-abordadas-en-los-talleres-realizados-en-el-marco-de-pasarela-valparaiso\/\"},\"wordCount\":509,\"commentCount\":0,\"image\":{\"@id\":\"https:\/\/dev.antudigital.cl\/sites\/vc\/upclying-reciclaje-textil-y-economia-circular-fueron-las-tematicas-abordadas-en-los-talleres-realizados-en-el-marco-de-pasarela-valparaiso\/#primaryimage\"},\"thumbnailUrl\":\"https:\/\/dev.antudigital.cl\/sites\/vc\/wp-content\/uploads\/2018\/05\/WhatsApp-Image-2018-05-10-at-16.12.30.jpeg\",\"articleSection\":[\"Noticia\"],\"inLanguage\":\"es\",\"potentialAction\":[{\"@type\":\"CommentAction\",\"name\":\"Comment\",\"target\":[\"https:\/\/dev.antudigital.cl\/sites\/vc\/upclying-reciclaje-textil-y-economia-circular-fueron-las-tematicas-abordadas-en-los-talleres-realizados-en-el-marco-de-pasarela-valparaiso\/#respond\"]}]},{\"@type\":\"WebPage\",\"@id\":\"https:\/\/dev.antudigital.cl\/sites\/vc\/upclying-reciclaje-textil-y-economia-circular-fueron-las-tematicas-abordadas-en-los-talleres-realizados-en-el-marco-de-pasarela-valparaiso\/\",\"url\":\"https:\/\/dev.antudigital.cl\/sites\/vc\/upclying-reciclaje-textil-y-economia-circular-fueron-las-tematicas-abordadas-en-los-talleres-realizados-en-el-marco-de-pasarela-valparaiso\/\",\"name\":\"Upclying, reciclaje textil y econom\u00eda circular fueron las tem\u00e1ticas abordadas en los talleres realizados en el marco de Pasarela Valpara\u00edso - Valpara\u00ed\u00adso Creativo\",\"isPartOf\":{\"@id\":\"https:\/\/dev.antudigital.cl\/sites\/vc\/#website\"},\"primaryImageOfPage\":{\"@id\":\"https:\/\/dev.antudigital.cl\/sites\/vc\/upclying-reciclaje-textil-y-economia-circular-fueron-las-tematicas-abordadas-en-los-talleres-realizados-en-el-marco-de-pasarela-valparaiso\/#primaryimage\"},\"image\":{\"@id\":\"https:\/\/dev.antudigital.cl\/sites\/vc\/upclying-reciclaje-textil-y-economia-circular-fueron-las-tematicas-abordadas-en-los-talleres-realizados-en-el-marco-de-pasarela-valparaiso\/#primaryimage\"},\"thumbnailUrl\":\"https:\/\/dev.antudigital.cl\/sites\/vc\/wp-content\/uploads\/2018\/05\/WhatsApp-Image-2018-05-10-at-16.12.30.jpeg\",\"datePublished\":\"2018-05-11T15:59:38+00:00\",\"author\":{\"@id\":\"\"},\"breadcrumb\":{\"@id\":\"https:\/\/dev.antudigital.cl\/sites\/vc\/upclying-reciclaje-textil-y-economia-circular-fueron-las-tematicas-abordadas-en-los-talleres-realizados-en-el-marco-de-pasarela-valparaiso\/#breadcrumb\"},\"inLanguage\":\"es\",\"potentialAction\":[{\"@type\":\"ReadAction\",\"target\":[\"https:\/\/dev.antudigital.cl\/sites\/vc\/upclying-reciclaje-textil-y-economia-circular-fueron-las-tematicas-abordadas-en-los-talleres-realizados-en-el-marco-de-pasarela-valparaiso\/\"]}]},{\"@type\":\"ImageObject\",\"inLanguage\":\"es\",\"@id\":\"https:\/\/dev.antudigital.cl\/sites\/vc\/upclying-reciclaje-textil-y-economia-circular-fueron-las-tematicas-abordadas-en-los-talleres-realizados-en-el-marco-de-pasarela-valparaiso\/#primaryimage\",\"url\":\"https:\/\/dev.antudigital.cl\/sites\/vc\/wp-content\/uploads\/2018\/05\/WhatsApp-Image-2018-05-10-at-16.12.30.jpeg\",\"contentUrl\":\"https:\/\/dev.antudigital.cl\/sites\/vc\/wp-content\/uploads\/2018\/05\/WhatsApp-Image-2018-05-10-at-16.12.30.jpeg\",\"width\":1280,\"height\":960},{\"@type\":\"BreadcrumbList\",\"@id\":\"https:\/\/dev.antudigital.cl\/sites\/vc\/upclying-reciclaje-textil-y-economia-circular-fueron-las-tematicas-abordadas-en-los-talleres-realizados-en-el-marco-de-pasarela-valparaiso\/#breadcrumb\",\"itemListElement\":[{\"@type\":\"ListItem\",\"position\":1,\"name\":\"Home\",\"item\":\"https:\/\/dev.antudigital.cl\/sites\/vc\/\"},{\"@type\":\"ListItem\",\"position\":2,\"name\":\"Upclying, reciclaje textil y econom\u00eda circular fueron las tem\u00e1ticas abordadas en los talleres realizados en el marco de Pasarela Valpara\u00edso\"}]},{\"@type\":\"WebSite\",\"@id\":\"https:\/\/dev.antudigital.cl\/sites\/vc\/#website\",\"url\":\"https:\/\/dev.antudigital.cl\/sites\/vc\/\",\"name\":\"Valpara\u00ed\u00adso Creativo\",\"description\":\"\",\"potentialAction\":[{\"@type\":\"SearchAction\",\"target\":{\"@type\":\"EntryPoint\",\"urlTemplate\":\"https:\/\/dev.antudigital.cl\/sites\/vc\/?s={search_term_string}\"},\"query-input\":{\"@type\":\"PropertyValueSpecification\",\"valueRequired\":true,\"valueName\":\"search_term_string\"}}],\"inLanguage\":\"es\"},{\"@type\":\"Person\",\"@id\":\"\",\"url\":\"https:\/\/dev.antudigital.cl\/sites\/vc\/author\/\"}]}<\/script>\n<!-- \/ Yoast SEO plugin. -->","yoast_head_json":{"title":"Upclying, reciclaje textil y econom\u00eda circular fueron las tem\u00e1ticas abordadas en los talleres realizados en el marco de Pasarela Valpara\u00edso - Valpara\u00ed\u00adso Creativo","robots":{"index":"index","follow":"follow","max-snippet":"max-snippet:-1","max-image-preview":"max-image-preview:large","max-video-preview":"max-video-preview:-1"},"canonical":"https:\/\/dev.antudigital.cl\/sites\/vc\/upclying-reciclaje-textil-y-economia-circular-fueron-las-tematicas-abordadas-en-los-talleres-realizados-en-el-marco-de-pasarela-valparaiso\/","og_locale":"es_ES","og_type":"article","og_title":"Upclying, reciclaje textil y econom\u00eda circular fueron las tem\u00e1ticas abordadas en los talleres realizados en el marco de Pasarela Valpara\u00edso - Valpara\u00ed\u00adso Creativo","og_description":"El programa estrat\u00e9gico de CORFO, Valpara\u00edso Creativo organiz\u00f3 dos talleres en el Parque Cultural de Valpara\u00edso, como parte de las actividades que se desarrollan en la octava versi\u00f3n de Pasarela Valpara\u00edso. &nbsp; Como una forma de repensar el dise\u00f1o y reflexionar sobre la industria de la moda y las consecuencias que \u00e9sta trae, es que [&hellip;]","og_url":"https:\/\/dev.antudigital.cl\/sites\/vc\/upclying-reciclaje-textil-y-economia-circular-fueron-las-tematicas-abordadas-en-los-talleres-realizados-en-el-marco-de-pasarela-valparaiso\/","og_site_name":"Valpara\u00ed\u00adso Creativo","article_published_time":"2018-05-11T15:59:38+00:00","og_image":[{"width":1280,"height":960,"url":"https:\/\/dev.antudigital.cl\/sites\/vc\/wp-content\/uploads\/2018\/05\/WhatsApp-Image-2018-05-10-at-16.12.30.jpeg","type":"image\/jpeg"}],"twitter_card":"summary_large_image","twitter_misc":{"Escrito por":"","Tiempo de lectura":"2 minutos"},"schema":{"@context":"https:\/\/schema.org","@graph":[{"@type":"Article","@id":"https:\/\/dev.antudigital.cl\/sites\/vc\/upclying-reciclaje-textil-y-economia-circular-fueron-las-tematicas-abordadas-en-los-talleres-realizados-en-el-marco-de-pasarela-valparaiso\/#article","isPartOf":{"@id":"https:\/\/dev.antudigital.cl\/sites\/vc\/upclying-reciclaje-textil-y-economia-circular-fueron-las-tematicas-abordadas-en-los-talleres-realizados-en-el-marco-de-pasarela-valparaiso\/"},"author":{"name":"","@id":""},"headline":"Upclying, reciclaje textil y econom\u00eda circular fueron las tem\u00e1ticas abordadas en los talleres realizados en el marco de Pasarela Valpara\u00edso","datePublished":"2018-05-11T15:59:38+00:00","mainEntityOfPage":{"@id":"https:\/\/dev.antudigital.cl\/sites\/vc\/upclying-reciclaje-textil-y-economia-circular-fueron-las-tematicas-abordadas-en-los-talleres-realizados-en-el-marco-de-pasarela-valparaiso\/"},"wordCount":509,"commentCount":0,"image":{"@id":"https:\/\/dev.antudigital.cl\/sites\/vc\/upclying-reciclaje-textil-y-economia-circular-fueron-las-tematicas-abordadas-en-los-talleres-realizados-en-el-marco-de-pasarela-valparaiso\/#primaryimage"},"thumbnailUrl":"https:\/\/dev.antudigital.cl\/sites\/vc\/wp-content\/uploads\/2018\/05\/WhatsApp-Image-2018-05-10-at-16.12.30.jpeg","articleSection":["Noticia"],"inLanguage":"es","potentialAction":[{"@type":"CommentAction","name":"Comment","target":["https:\/\/dev.antudigital.cl\/sites\/vc\/upclying-reciclaje-textil-y-economia-circular-fueron-las-tematicas-abordadas-en-los-talleres-realizados-en-el-marco-de-pasarela-valparaiso\/#respond"]}]},{"@type":"WebPage","@id":"https:\/\/dev.antudigital.cl\/sites\/vc\/upclying-reciclaje-textil-y-economia-circular-fueron-las-tematicas-abordadas-en-los-talleres-realizados-en-el-marco-de-pasarela-valparaiso\/","url":"https:\/\/dev.antudigital.cl\/sites\/vc\/upclying-reciclaje-textil-y-economia-circular-fueron-las-tematicas-abordadas-en-los-talleres-realizados-en-el-marco-de-pasarela-valparaiso\/","name":"Upclying, reciclaje textil y econom\u00eda circular fueron las tem\u00e1ticas abordadas en los talleres realizados en el marco de Pasarela Valpara\u00edso - Valpara\u00ed\u00adso Creativo","isPartOf":{"@id":"https:\/\/dev.antudigital.cl\/sites\/vc\/#website"},"primaryImageOfPage":{"@id":"https:\/\/dev.antudigital.cl\/sites\/vc\/upclying-reciclaje-textil-y-economia-circular-fueron-las-tematicas-abordadas-en-los-talleres-realizados-en-el-marco-de-pasarela-valparaiso\/#primaryimage"},"image":{"@id":"https:\/\/dev.antudigital.cl\/sites\/vc\/upclying-reciclaje-textil-y-economia-circular-fueron-las-tematicas-abordadas-en-los-talleres-realizados-en-el-marco-de-pasarela-valparaiso\/#primaryimage"},"thumbnailUrl":"https:\/\/dev.antudigital.cl\/sites\/vc\/wp-content\/uploads\/2018\/05\/WhatsApp-Image-2018-05-10-at-16.12.30.jpeg","datePublished":"2018-05-11T15:59:38+00:00","author":{"@id":""},"breadcrumb":{"@id":"https:\/\/dev.antudigital.cl\/sites\/vc\/upclying-reciclaje-textil-y-economia-circular-fueron-las-tematicas-abordadas-en-los-talleres-realizados-en-el-marco-de-pasarela-valparaiso\/#breadcrumb"},"inLanguage":"es","potentialAction":[{"@type":"ReadAction","target":["https:\/\/dev.antudigital.cl\/sites\/vc\/upclying-reciclaje-textil-y-economia-circular-fueron-las-tematicas-abordadas-en-los-talleres-realizados-en-el-marco-de-pasarela-valparaiso\/"]}]},{"@type":"ImageObject","inLanguage":"es","@id":"https:\/\/dev.antudigital.cl\/sites\/vc\/upclying-reciclaje-textil-y-economia-circular-fueron-las-tematicas-abordadas-en-los-talleres-realizados-en-el-marco-de-pasarela-valparaiso\/#primaryimage","url":"https:\/\/dev.antudigital.cl\/sites\/vc\/wp-content\/uploads\/2018\/05\/WhatsApp-Image-2018-05-10-at-16.12.30.jpeg","contentUrl":"https:\/\/dev.antudigital.cl\/sites\/vc\/wp-content\/uploads\/2018\/05\/WhatsApp-Image-2018-05-10-at-16.12.30.jpeg","width":1280,"height":960},{"@type":"BreadcrumbList","@id":"https:\/\/dev.antudigital.cl\/sites\/vc\/upclying-reciclaje-textil-y-economia-circular-fueron-las-tematicas-abordadas-en-los-talleres-realizados-en-el-marco-de-pasarela-valparaiso\/#breadcrumb","itemListElement":[{"@type":"ListItem","position":1,"name":"Home","item":"https:\/\/dev.antudigital.cl\/sites\/vc\/"},{"@type":"ListItem","position":2,"name":"Upclying, reciclaje textil y econom\u00eda circular fueron las tem\u00e1ticas abordadas en los talleres realizados en el marco de Pasarela Valpara\u00edso"}]},{"@type":"WebSite","@id":"https:\/\/dev.antudigital.cl\/sites\/vc\/#website","url":"https:\/\/dev.antudigital.cl\/sites\/vc\/","name":"Valpara\u00ed\u00adso Creativo","description":"","potentialAction":[{"@type":"SearchAction","target":{"@type":"EntryPoint","urlTemplate":"https:\/\/dev.antudigital.cl\/sites\/vc\/?s={search_term_string}"},"query-input":{"@type":"PropertyValueSpecification","valueRequired":true,"valueName":"search_term_string"}}],"inLanguage":"es"},{"@type":"Person","@id":"","url":"https:\/\/dev.antudigital.cl\/sites\/vc\/author\/"}]}},"_links":{"self":[{"href":"https:\/\/dev.antudigital.cl\/sites\/vc\/wp-json\/wp\/v2\/posts\/9287","targetHints":{"allow":["GET"]}}],"collection":[{"href":"https:\/\/dev.antudigital.cl\/sites\/vc\/wp-json\/wp\/v2\/posts"}],"about":[{"href":"https:\/\/dev.antudigital.cl\/sites\/vc\/wp-json\/wp\/v2\/types\/post"}],"author":[{"embeddable":true,"href":"https:\/\/dev.antudigital.cl\/sites\/vc\/wp-json\/wp\/v2\/users\/8"}],"replies":[{"embeddable":true,"href":"https:\/\/dev.antudigital.cl\/sites\/vc\/wp-json\/wp\/v2\/comments?post=9287"}],"version-history":[{"count":0,"href":"https:\/\/dev.antudigital.cl\/sites\/vc\/wp-json\/wp\/v2\/posts\/9287\/revisions"}],"wp:featuredmedia":[{"embeddable":true,"href":"https:\/\/dev.antudigital.cl\/sites\/vc\/wp-json\/wp\/v2\/media\/9288"}],"wp:attachment":[{"href":"https:\/\/dev.antudigital.cl\/sites\/vc\/wp-json\/wp\/v2\/media?parent=9287"}],"wp:term":[{"taxonomy":"category","embeddable":true,"href":"https:\/\/dev.antudigital.cl\/sites\/vc\/wp-json\/wp\/v2\/categories?post=9287"},{"taxonomy":"post_tag","embeddable":true,"href":"https:\/\/dev.antudigital.cl\/sites\/vc\/wp-json\/wp\/v2\/tags?post=9287"}],"curies":[{"name":"wp","href":"https:\/\/api.w.org\/{rel}","templated":true}]}}