{"id":9289,"date":"2018-05-08T17:14:37","date_gmt":"2018-05-08T17:14:37","guid":{"rendered":"http:\/\/www.valparaisocreativo.cl\/?p=2309"},"modified":"2018-05-08T17:14:37","modified_gmt":"2018-05-08T17:14:37","slug":"talleres-de-diseno-responsable-reciclaje-y-upclysing-en-pasarela-valparaiso","status":"publish","type":"post","link":"https:\/\/dev.antudigital.cl\/sites\/vc\/talleres-de-diseno-responsable-reciclaje-y-upclysing-en-pasarela-valparaiso\/","title":{"rendered":"Talleres en Pasarela Valpara\u00edso"},"content":{"rendered":"<p><a href=\"http:\/\/www.valparaisocreativo.cl\/wp-content\/uploads\/2018\/05\/banner3-1-e1525812744306.jpg\"><img fetchpriority=\"high\" decoding=\"async\" class=\"size-full wp-image-2311 aligncenter\" src=\"http:\/\/www.valparaisocreativo.cl\/wp-content\/uploads\/2018\/05\/banner3-1-e1525812744306.jpg\" alt=\"\" width=\"600\" height=\"270\"><\/a><\/p>\n<p>&nbsp;<\/p>\n<p>En el marco del evento Pasarela Valpara\u00edso a realizarse entre el 7 y 12 de mayo,&nbsp; el programa Valpara\u00edso Creativo como colaborador de esta actividad, est\u00e1 organizando dos talleres sobre reciclaje, upclying y el dise\u00f1o responsable el <strong>pr\u00f3ximo 10 de mayo<\/strong> a realizarse en el Parque Cultural de Valpara\u00edso.<\/p>\n<p>A partir de las 11 de la ma\u00f1ana&nbsp; se desarrollar\u00e1 el <strong>Taller de desconstrucci\u00f3n<\/strong> que busca explorar y experimentar, a trav\u00e9s de la desconstrucci\u00f3n de prendas textiles, las posibilidades del upcycling.&nbsp; Los artistas de la plataforma creativa 12\u00aa (docena), Mechi Mart\u00ednes y Mariano Breccia,&nbsp; estar\u00e1n a cargo de este taller. Su trabajo toma como eje central el reciclaje textil, el cual toma m\u00faltiples formatos, desde la producci\u00f3n de ropa y objetos hasta el desarrollo de workshop y talleres, as\u00ed como instalaciones y productos audiovisuales.<\/p>\n<p>El taller, que tiene una duraci\u00f3n de dos horas, est\u00e1 orientado a aquellas personas que tienen inter\u00e9s en temas de moda y reciclaje, adem\u00e1s de tener conocimientos b\u00e1sicos de costura.<\/p>\n<p><strong>\u00bfTe interesa? Inscr\u00edbete <a href=\"https:\/\/goo.gl\/forms\/zCw1HfcVlHVikvcy2\">aqu\u00ed<\/a>&nbsp;<\/strong><\/p>\n<p>&nbsp;<\/p>\n<p>El segundo taller World Cafe: Moda Circular se realizar\u00e1 ese mismo d\u00eda a partir de las 15 horas hasta las 17 horas. \u00c9ste busca generar experiencias que responden a proyectos integrales que vinculan el reciclaje material con el espiritual, adem\u00e1s de identificar factores de impacto en la cadena de valor, para obtener una mirada sit\u00e9matica y reconocer los puntos cr\u00edticos del mercado local. Quienes llevar\u00e1n esta charla son&nbsp;Marcela Godoy y Carola Moya, presidenta y directora, respectivamente, de Adc Circular y creadoras de Stgo Slow, laboratorio de tendencias, especialista en estilo de vida, consumo sustentable y perspectiva de g\u00e9nero.<\/p>\n<p>&nbsp;<\/p>\n<p>Esta actividad est\u00e1 orientad a personas con emprendimientos y\/o proyectos de dise\u00f1o en desarrollo o en etapa de prototipaje que est\u00e9n ligados al Upcycling, el reciclaje o la econom\u00eda circular. Se espera que los asistentes queden sensibilizados del impacto de la industria de la moda y c\u00f3mo por medio del dise\u00f1o pueden generar un cambio positivo.<\/p>\n<p><strong>\u00bfTe interesa? Inscribet\u00e9 <a href=\"https:\/\/goo.gl\/forms\/gdKUkTu0Ylhwr2l63\">aqu\u00ed&nbsp;<\/a><\/strong><\/p>\n<p>Los talleres se realizar\u00e1n en la Sala Lectura,&nbsp; 1\u00ba piso, Edificio Difusi\u00f3n.&nbsp; (Calle C\u00e1rcel 471, Valpara\u00edso<\/p>\n<p>&nbsp;<\/p>\n<p>&nbsp;<\/p>\n<p>&nbsp;<\/p>\n<p>&nbsp;<\/p>\n","protected":false},"excerpt":{"rendered":"<p>&nbsp; En el marco del evento Pasarela Valpara\u00edso a realizarse entre el 7 y 12 de mayo,&nbsp; el programa Valpara\u00edso Creativo como colaborador de esta actividad, est\u00e1 organizando dos talleres sobre reciclaje, upclying y el dise\u00f1o responsable el pr\u00f3ximo 10 de mayo a realizarse en el Parque Cultural de Valpara\u00edso. A partir de las 11 [&hellip;]<\/p>\n","protected":false},"author":8,"featured_media":9290,"comment_status":"open","ping_status":"closed","sticky":false,"template":"","format":"standard","meta":{"_acf_changed":false,"footnotes":""},"categories":[8],"tags":[],"class_list":["post-9289","post","type-post","status-publish","format-standard","has-post-thumbnail","hentry","category-noticia"],"acf":[],"yoast_head":"<!-- This site is optimized with the Yoast SEO plugin v27.1.1 - https:\/\/yoast.com\/product\/yoast-seo-wordpress\/ -->\n<title>Talleres en Pasarela Valpara\u00edso - Valpara\u00ed\u00adso Creativo<\/title>\n<meta name=\"robots\" content=\"index, follow, max-snippet:-1, max-image-preview:large, max-video-preview:-1\" \/>\n<link rel=\"canonical\" href=\"https:\/\/dev.antudigital.cl\/sites\/vc\/talleres-de-diseno-responsable-reciclaje-y-upclysing-en-pasarela-valparaiso\/\" \/>\n<meta property=\"og:locale\" content=\"es_ES\" \/>\n<meta property=\"og:type\" content=\"article\" \/>\n<meta property=\"og:title\" content=\"Talleres en Pasarela Valpara\u00edso - Valpara\u00ed\u00adso Creativo\" \/>\n<meta property=\"og:description\" content=\"&nbsp; En el marco del evento Pasarela Valpara\u00edso a realizarse entre el 7 y 12 de mayo,&nbsp; el programa Valpara\u00edso Creativo como colaborador de esta actividad, est\u00e1 organizando dos talleres sobre reciclaje, upclying y el dise\u00f1o responsable el pr\u00f3ximo 10 de mayo a realizarse en el Parque Cultural de Valpara\u00edso. A partir de las 11 [&hellip;]\" \/>\n<meta property=\"og:url\" content=\"https:\/\/dev.antudigital.cl\/sites\/vc\/talleres-de-diseno-responsable-reciclaje-y-upclysing-en-pasarela-valparaiso\/\" \/>\n<meta property=\"og:site_name\" content=\"Valpara\u00ed\u00adso Creativo\" \/>\n<meta property=\"article:published_time\" content=\"2018-05-08T17:14:37+00:00\" \/>\n<meta property=\"og:image\" content=\"https:\/\/dev.antudigital.cl\/sites\/vc\/wp-content\/uploads\/2018\/05\/banner3-1-e1525812744306.jpg\" \/>\n\t<meta property=\"og:image:width\" content=\"600\" \/>\n\t<meta property=\"og:image:height\" content=\"270\" \/>\n\t<meta property=\"og:image:type\" content=\"image\/jpeg\" \/>\n<meta name=\"twitter:card\" content=\"summary_large_image\" \/>\n<meta name=\"twitter:label1\" content=\"Escrito por\" \/>\n\t<meta name=\"twitter:data1\" content=\"\" \/>\n\t<meta name=\"twitter:label2\" content=\"Tiempo de lectura\" \/>\n\t<meta name=\"twitter:data2\" content=\"2 minutos\" \/>\n<script type=\"application\/ld+json\" class=\"yoast-schema-graph\">{\"@context\":\"https:\/\/schema.org\",\"@graph\":[{\"@type\":\"Article\",\"@id\":\"https:\/\/dev.antudigital.cl\/sites\/vc\/talleres-de-diseno-responsable-reciclaje-y-upclysing-en-pasarela-valparaiso\/#article\",\"isPartOf\":{\"@id\":\"https:\/\/dev.antudigital.cl\/sites\/vc\/talleres-de-diseno-responsable-reciclaje-y-upclysing-en-pasarela-valparaiso\/\"},\"author\":{\"name\":\"\",\"@id\":\"\"},\"headline\":\"Talleres en Pasarela Valpara\u00edso\",\"datePublished\":\"2018-05-08T17:14:37+00:00\",\"mainEntityOfPage\":{\"@id\":\"https:\/\/dev.antudigital.cl\/sites\/vc\/talleres-de-diseno-responsable-reciclaje-y-upclysing-en-pasarela-valparaiso\/\"},\"wordCount\":388,\"commentCount\":0,\"image\":{\"@id\":\"https:\/\/dev.antudigital.cl\/sites\/vc\/talleres-de-diseno-responsable-reciclaje-y-upclysing-en-pasarela-valparaiso\/#primaryimage\"},\"thumbnailUrl\":\"https:\/\/dev.antudigital.cl\/sites\/vc\/wp-content\/uploads\/2018\/05\/banner3-1-e1525812744306.jpg\",\"articleSection\":[\"Noticia\"],\"inLanguage\":\"es\",\"potentialAction\":[{\"@type\":\"CommentAction\",\"name\":\"Comment\",\"target\":[\"https:\/\/dev.antudigital.cl\/sites\/vc\/talleres-de-diseno-responsable-reciclaje-y-upclysing-en-pasarela-valparaiso\/#respond\"]}]},{\"@type\":\"WebPage\",\"@id\":\"https:\/\/dev.antudigital.cl\/sites\/vc\/talleres-de-diseno-responsable-reciclaje-y-upclysing-en-pasarela-valparaiso\/\",\"url\":\"https:\/\/dev.antudigital.cl\/sites\/vc\/talleres-de-diseno-responsable-reciclaje-y-upclysing-en-pasarela-valparaiso\/\",\"name\":\"Talleres en Pasarela Valpara\u00edso - Valpara\u00ed\u00adso Creativo\",\"isPartOf\":{\"@id\":\"https:\/\/dev.antudigital.cl\/sites\/vc\/#website\"},\"primaryImageOfPage\":{\"@id\":\"https:\/\/dev.antudigital.cl\/sites\/vc\/talleres-de-diseno-responsable-reciclaje-y-upclysing-en-pasarela-valparaiso\/#primaryimage\"},\"image\":{\"@id\":\"https:\/\/dev.antudigital.cl\/sites\/vc\/talleres-de-diseno-responsable-reciclaje-y-upclysing-en-pasarela-valparaiso\/#primaryimage\"},\"thumbnailUrl\":\"https:\/\/dev.antudigital.cl\/sites\/vc\/wp-content\/uploads\/2018\/05\/banner3-1-e1525812744306.jpg\",\"datePublished\":\"2018-05-08T17:14:37+00:00\",\"author\":{\"@id\":\"\"},\"breadcrumb\":{\"@id\":\"https:\/\/dev.antudigital.cl\/sites\/vc\/talleres-de-diseno-responsable-reciclaje-y-upclysing-en-pasarela-valparaiso\/#breadcrumb\"},\"inLanguage\":\"es\",\"potentialAction\":[{\"@type\":\"ReadAction\",\"target\":[\"https:\/\/dev.antudigital.cl\/sites\/vc\/talleres-de-diseno-responsable-reciclaje-y-upclysing-en-pasarela-valparaiso\/\"]}]},{\"@type\":\"ImageObject\",\"inLanguage\":\"es\",\"@id\":\"https:\/\/dev.antudigital.cl\/sites\/vc\/talleres-de-diseno-responsable-reciclaje-y-upclysing-en-pasarela-valparaiso\/#primaryimage\",\"url\":\"https:\/\/dev.antudigital.cl\/sites\/vc\/wp-content\/uploads\/2018\/05\/banner3-1-e1525812744306.jpg\",\"contentUrl\":\"https:\/\/dev.antudigital.cl\/sites\/vc\/wp-content\/uploads\/2018\/05\/banner3-1-e1525812744306.jpg\",\"width\":600,\"height\":270},{\"@type\":\"BreadcrumbList\",\"@id\":\"https:\/\/dev.antudigital.cl\/sites\/vc\/talleres-de-diseno-responsable-reciclaje-y-upclysing-en-pasarela-valparaiso\/#breadcrumb\",\"itemListElement\":[{\"@type\":\"ListItem\",\"position\":1,\"name\":\"Home\",\"item\":\"https:\/\/dev.antudigital.cl\/sites\/vc\/\"},{\"@type\":\"ListItem\",\"position\":2,\"name\":\"Talleres en Pasarela Valpara\u00edso\"}]},{\"@type\":\"WebSite\",\"@id\":\"https:\/\/dev.antudigital.cl\/sites\/vc\/#website\",\"url\":\"https:\/\/dev.antudigital.cl\/sites\/vc\/\",\"name\":\"Valpara\u00ed\u00adso Creativo\",\"description\":\"\",\"potentialAction\":[{\"@type\":\"SearchAction\",\"target\":{\"@type\":\"EntryPoint\",\"urlTemplate\":\"https:\/\/dev.antudigital.cl\/sites\/vc\/?s={search_term_string}\"},\"query-input\":{\"@type\":\"PropertyValueSpecification\",\"valueRequired\":true,\"valueName\":\"search_term_string\"}}],\"inLanguage\":\"es\"},{\"@type\":\"Person\",\"@id\":\"\",\"url\":\"https:\/\/dev.antudigital.cl\/sites\/vc\/author\/\"}]}<\/script>\n<!-- \/ Yoast SEO plugin. -->","yoast_head_json":{"title":"Talleres en Pasarela Valpara\u00edso - Valpara\u00ed\u00adso Creativo","robots":{"index":"index","follow":"follow","max-snippet":"max-snippet:-1","max-image-preview":"max-image-preview:large","max-video-preview":"max-video-preview:-1"},"canonical":"https:\/\/dev.antudigital.cl\/sites\/vc\/talleres-de-diseno-responsable-reciclaje-y-upclysing-en-pasarela-valparaiso\/","og_locale":"es_ES","og_type":"article","og_title":"Talleres en Pasarela Valpara\u00edso - Valpara\u00ed\u00adso Creativo","og_description":"&nbsp; En el marco del evento Pasarela Valpara\u00edso a realizarse entre el 7 y 12 de mayo,&nbsp; el programa Valpara\u00edso Creativo como colaborador de esta actividad, est\u00e1 organizando dos talleres sobre reciclaje, upclying y el dise\u00f1o responsable el pr\u00f3ximo 10 de mayo a realizarse en el Parque Cultural de Valpara\u00edso. A partir de las 11 [&hellip;]","og_url":"https:\/\/dev.antudigital.cl\/sites\/vc\/talleres-de-diseno-responsable-reciclaje-y-upclysing-en-pasarela-valparaiso\/","og_site_name":"Valpara\u00ed\u00adso Creativo","article_published_time":"2018-05-08T17:14:37+00:00","og_image":[{"width":600,"height":270,"url":"https:\/\/dev.antudigital.cl\/sites\/vc\/wp-content\/uploads\/2018\/05\/banner3-1-e1525812744306.jpg","type":"image\/jpeg"}],"twitter_card":"summary_large_image","twitter_misc":{"Escrito por":"","Tiempo de lectura":"2 minutos"},"schema":{"@context":"https:\/\/schema.org","@graph":[{"@type":"Article","@id":"https:\/\/dev.antudigital.cl\/sites\/vc\/talleres-de-diseno-responsable-reciclaje-y-upclysing-en-pasarela-valparaiso\/#article","isPartOf":{"@id":"https:\/\/dev.antudigital.cl\/sites\/vc\/talleres-de-diseno-responsable-reciclaje-y-upclysing-en-pasarela-valparaiso\/"},"author":{"name":"","@id":""},"headline":"Talleres en Pasarela Valpara\u00edso","datePublished":"2018-05-08T17:14:37+00:00","mainEntityOfPage":{"@id":"https:\/\/dev.antudigital.cl\/sites\/vc\/talleres-de-diseno-responsable-reciclaje-y-upclysing-en-pasarela-valparaiso\/"},"wordCount":388,"commentCount":0,"image":{"@id":"https:\/\/dev.antudigital.cl\/sites\/vc\/talleres-de-diseno-responsable-reciclaje-y-upclysing-en-pasarela-valparaiso\/#primaryimage"},"thumbnailUrl":"https:\/\/dev.antudigital.cl\/sites\/vc\/wp-content\/uploads\/2018\/05\/banner3-1-e1525812744306.jpg","articleSection":["Noticia"],"inLanguage":"es","potentialAction":[{"@type":"CommentAction","name":"Comment","target":["https:\/\/dev.antudigital.cl\/sites\/vc\/talleres-de-diseno-responsable-reciclaje-y-upclysing-en-pasarela-valparaiso\/#respond"]}]},{"@type":"WebPage","@id":"https:\/\/dev.antudigital.cl\/sites\/vc\/talleres-de-diseno-responsable-reciclaje-y-upclysing-en-pasarela-valparaiso\/","url":"https:\/\/dev.antudigital.cl\/sites\/vc\/talleres-de-diseno-responsable-reciclaje-y-upclysing-en-pasarela-valparaiso\/","name":"Talleres en Pasarela Valpara\u00edso - Valpara\u00ed\u00adso Creativo","isPartOf":{"@id":"https:\/\/dev.antudigital.cl\/sites\/vc\/#website"},"primaryImageOfPage":{"@id":"https:\/\/dev.antudigital.cl\/sites\/vc\/talleres-de-diseno-responsable-reciclaje-y-upclysing-en-pasarela-valparaiso\/#primaryimage"},"image":{"@id":"https:\/\/dev.antudigital.cl\/sites\/vc\/talleres-de-diseno-responsable-reciclaje-y-upclysing-en-pasarela-valparaiso\/#primaryimage"},"thumbnailUrl":"https:\/\/dev.antudigital.cl\/sites\/vc\/wp-content\/uploads\/2018\/05\/banner3-1-e1525812744306.jpg","datePublished":"2018-05-08T17:14:37+00:00","author":{"@id":""},"breadcrumb":{"@id":"https:\/\/dev.antudigital.cl\/sites\/vc\/talleres-de-diseno-responsable-reciclaje-y-upclysing-en-pasarela-valparaiso\/#breadcrumb"},"inLanguage":"es","potentialAction":[{"@type":"ReadAction","target":["https:\/\/dev.antudigital.cl\/sites\/vc\/talleres-de-diseno-responsable-reciclaje-y-upclysing-en-pasarela-valparaiso\/"]}]},{"@type":"ImageObject","inLanguage":"es","@id":"https:\/\/dev.antudigital.cl\/sites\/vc\/talleres-de-diseno-responsable-reciclaje-y-upclysing-en-pasarela-valparaiso\/#primaryimage","url":"https:\/\/dev.antudigital.cl\/sites\/vc\/wp-content\/uploads\/2018\/05\/banner3-1-e1525812744306.jpg","contentUrl":"https:\/\/dev.antudigital.cl\/sites\/vc\/wp-content\/uploads\/2018\/05\/banner3-1-e1525812744306.jpg","width":600,"height":270},{"@type":"BreadcrumbList","@id":"https:\/\/dev.antudigital.cl\/sites\/vc\/talleres-de-diseno-responsable-reciclaje-y-upclysing-en-pasarela-valparaiso\/#breadcrumb","itemListElement":[{"@type":"ListItem","position":1,"name":"Home","item":"https:\/\/dev.antudigital.cl\/sites\/vc\/"},{"@type":"ListItem","position":2,"name":"Talleres en Pasarela Valpara\u00edso"}]},{"@type":"WebSite","@id":"https:\/\/dev.antudigital.cl\/sites\/vc\/#website","url":"https:\/\/dev.antudigital.cl\/sites\/vc\/","name":"Valpara\u00ed\u00adso Creativo","description":"","potentialAction":[{"@type":"SearchAction","target":{"@type":"EntryPoint","urlTemplate":"https:\/\/dev.antudigital.cl\/sites\/vc\/?s={search_term_string}"},"query-input":{"@type":"PropertyValueSpecification","valueRequired":true,"valueName":"search_term_string"}}],"inLanguage":"es"},{"@type":"Person","@id":"","url":"https:\/\/dev.antudigital.cl\/sites\/vc\/author\/"}]}},"_links":{"self":[{"href":"https:\/\/dev.antudigital.cl\/sites\/vc\/wp-json\/wp\/v2\/posts\/9289","targetHints":{"allow":["GET"]}}],"collection":[{"href":"https:\/\/dev.antudigital.cl\/sites\/vc\/wp-json\/wp\/v2\/posts"}],"about":[{"href":"https:\/\/dev.antudigital.cl\/sites\/vc\/wp-json\/wp\/v2\/types\/post"}],"author":[{"embeddable":true,"href":"https:\/\/dev.antudigital.cl\/sites\/vc\/wp-json\/wp\/v2\/users\/8"}],"replies":[{"embeddable":true,"href":"https:\/\/dev.antudigital.cl\/sites\/vc\/wp-json\/wp\/v2\/comments?post=9289"}],"version-history":[{"count":0,"href":"https:\/\/dev.antudigital.cl\/sites\/vc\/wp-json\/wp\/v2\/posts\/9289\/revisions"}],"wp:featuredmedia":[{"embeddable":true,"href":"https:\/\/dev.antudigital.cl\/sites\/vc\/wp-json\/wp\/v2\/media\/9290"}],"wp:attachment":[{"href":"https:\/\/dev.antudigital.cl\/sites\/vc\/wp-json\/wp\/v2\/media?parent=9289"}],"wp:term":[{"taxonomy":"category","embeddable":true,"href":"https:\/\/dev.antudigital.cl\/sites\/vc\/wp-json\/wp\/v2\/categories?post=9289"},{"taxonomy":"post_tag","embeddable":true,"href":"https:\/\/dev.antudigital.cl\/sites\/vc\/wp-json\/wp\/v2\/tags?post=9289"}],"curies":[{"name":"wp","href":"https:\/\/api.w.org\/{rel}","templated":true}]}}