{"id":9292,"date":"2018-04-18T12:49:58","date_gmt":"2018-04-18T12:49:58","guid":{"rendered":"http:\/\/www.valparaisocreativo.cl\/?p=2285"},"modified":"2018-04-18T12:49:58","modified_gmt":"2018-04-18T12:49:58","slug":"se-abre-convocatoria-para-contratar-servicios-creativos-en-valparaiso","status":"publish","type":"post","link":"https:\/\/dev.antudigital.cl\/sites\/vc\/se-abre-convocatoria-para-contratar-servicios-creativos-en-valparaiso\/","title":{"rendered":"Se abre convocatoria para contratar servicios creativos en Valpara\u00edso"},"content":{"rendered":"<p><em>Entre el 18 de abril y el 2 de mayo se encontrar\u00e1n abierta dos licitaciones para la contrataci\u00f3n de profesionales del sector audiovisual y de dise\u00f1o para el desarrollo del proyecto VLPO, Gu\u00eda oficial de turismo de Valpara\u00edso.<\/em><\/p>\n<p>&nbsp;<\/p>\n<p style=\"text-align: left;\">Valpara\u00edso Creativo invita a participar al llamado a concurso para la contrataci\u00f3n de servicios profesionales del sector audiovisual y de dise\u00f1o. El objetivo es el apoyo en la difusi\u00f3n y mantenimiento de la plataforma VLPO, Gu\u00eda oficial de Turismo de Valpara\u00edso desarrollada por la Ilustre Municipalidad de Valpara\u00edso. El objetivo de la nueva plataforma digital es convertirse en el medio de informaci\u00f3n oficial de la ciudad tanto para los visitantes como habitantes de Valpara\u00edso.<\/p>\n<p><em><strong>\u00bfC\u00f3mo postular?<\/strong><\/em><\/p>\n<p>Las bases de la licitaci\u00f3n pueden encontrarse en nuestra secci\u00f3n de <a href=\"http:\/\/www.valparaisocreativo.cl\/contrataciones\/\">contrataciones<\/a>, como tambi\u00e9n en la p\u00e1gina de <a href=\"http:\/\/www.codesser.cl\/licitaciones_per.php\">Codesser<\/a><\/p>\n<p>Para postular a la <strong>licitaci\u00f3n de servicios profesionals audiovisuale<\/strong>s <a href=\"http:\/\/www.codesser.cl\/bases\/PER039_Terminos_de_Referencia.pdf\">aqu\u00ed<\/a>&nbsp;y para la licitaci\u00f3n se servicios profesionales en dise\u00f1o y mantenci\u00f3n web <a href=\"http:\/\/www.codesser.cl\/bases\/PER040_Terminos_de_Referencia.pdf\">aqu\u00ed<\/a><\/p>\n<p>Los interesados deben enviar antecedentes solicitados en las bases al correo electr\u00f3nico <a href=\"mailto:hola@valparaisocreativo.cl\">hola@valparaisocreativo.cl<\/a>&nbsp; hasta el 02 de mayo a las 12.00 horas.<\/p>\n","protected":false},"excerpt":{"rendered":"<p>Entre el 18 de abril y el 2 de mayo se encontrar\u00e1n abierta dos licitaciones para la contrataci\u00f3n de profesionales del sector audiovisual y de dise\u00f1o para el desarrollo del proyecto VLPO, Gu\u00eda oficial de turismo de Valpara\u00edso. &nbsp; Valpara\u00edso Creativo invita a participar al llamado a concurso para la contrataci\u00f3n de servicios profesionales del [&hellip;]<\/p>\n","protected":false},"author":8,"featured_media":9250,"comment_status":"open","ping_status":"closed","sticky":false,"template":"","format":"standard","meta":{"_acf_changed":false,"footnotes":""},"categories":[23,8],"tags":[],"class_list":["post-9292","post","type-post","status-publish","format-standard","has-post-thumbnail","hentry","category-licitacion","category-noticia"],"acf":[],"yoast_head":"<!-- This site is optimized with the Yoast SEO plugin v27.1.1 - https:\/\/yoast.com\/product\/yoast-seo-wordpress\/ -->\n<title>Se abre convocatoria para contratar servicios creativos en Valpara\u00edso - Valpara\u00ed\u00adso Creativo<\/title>\n<meta name=\"robots\" content=\"index, follow, max-snippet:-1, max-image-preview:large, max-video-preview:-1\" \/>\n<link rel=\"canonical\" href=\"https:\/\/dev.antudigital.cl\/sites\/vc\/se-abre-convocatoria-para-contratar-servicios-creativos-en-valparaiso\/\" \/>\n<meta property=\"og:locale\" content=\"es_ES\" \/>\n<meta property=\"og:type\" content=\"article\" \/>\n<meta property=\"og:title\" content=\"Se abre convocatoria para contratar servicios creativos en Valpara\u00edso - Valpara\u00ed\u00adso Creativo\" \/>\n<meta property=\"og:description\" content=\"Entre el 18 de abril y el 2 de mayo se encontrar\u00e1n abierta dos licitaciones para la contrataci\u00f3n de profesionales del sector audiovisual y de dise\u00f1o para el desarrollo del proyecto VLPO, Gu\u00eda oficial de turismo de Valpara\u00edso. &nbsp; Valpara\u00edso Creativo invita a participar al llamado a concurso para la contrataci\u00f3n de servicios profesionales del [&hellip;]\" \/>\n<meta property=\"og:url\" content=\"https:\/\/dev.antudigital.cl\/sites\/vc\/se-abre-convocatoria-para-contratar-servicios-creativos-en-valparaiso\/\" \/>\n<meta property=\"og:site_name\" content=\"Valpara\u00ed\u00adso Creativo\" \/>\n<meta property=\"article:published_time\" content=\"2018-04-18T12:49:58+00:00\" \/>\n<meta property=\"og:image\" content=\"https:\/\/dev.antudigital.cl\/sites\/vc\/wp-content\/uploads\/2018\/09\/webdesign_med.jpeg\" \/>\n\t<meta property=\"og:image:width\" content=\"1280\" \/>\n\t<meta property=\"og:image:height\" content=\"853\" \/>\n\t<meta property=\"og:image:type\" content=\"image\/jpeg\" \/>\n<meta name=\"twitter:card\" content=\"summary_large_image\" \/>\n<meta name=\"twitter:label1\" content=\"Escrito por\" \/>\n\t<meta name=\"twitter:data1\" content=\"\" \/>\n\t<meta name=\"twitter:label2\" content=\"Tiempo de lectura\" \/>\n\t<meta name=\"twitter:data2\" content=\"1 minuto\" \/>\n<script type=\"application\/ld+json\" class=\"yoast-schema-graph\">{\"@context\":\"https:\/\/schema.org\",\"@graph\":[{\"@type\":\"Article\",\"@id\":\"https:\/\/dev.antudigital.cl\/sites\/vc\/se-abre-convocatoria-para-contratar-servicios-creativos-en-valparaiso\/#article\",\"isPartOf\":{\"@id\":\"https:\/\/dev.antudigital.cl\/sites\/vc\/se-abre-convocatoria-para-contratar-servicios-creativos-en-valparaiso\/\"},\"author\":{\"name\":\"\",\"@id\":\"\"},\"headline\":\"Se abre convocatoria para contratar servicios creativos en Valpara\u00edso\",\"datePublished\":\"2018-04-18T12:49:58+00:00\",\"mainEntityOfPage\":{\"@id\":\"https:\/\/dev.antudigital.cl\/sites\/vc\/se-abre-convocatoria-para-contratar-servicios-creativos-en-valparaiso\/\"},\"wordCount\":213,\"commentCount\":0,\"image\":{\"@id\":\"https:\/\/dev.antudigital.cl\/sites\/vc\/se-abre-convocatoria-para-contratar-servicios-creativos-en-valparaiso\/#primaryimage\"},\"thumbnailUrl\":\"https:\/\/dev.antudigital.cl\/sites\/vc\/wp-content\/uploads\/2018\/09\/webdesign_med.jpeg\",\"articleSection\":[\"Licitacion\",\"Noticia\"],\"inLanguage\":\"es\",\"potentialAction\":[{\"@type\":\"CommentAction\",\"name\":\"Comment\",\"target\":[\"https:\/\/dev.antudigital.cl\/sites\/vc\/se-abre-convocatoria-para-contratar-servicios-creativos-en-valparaiso\/#respond\"]}]},{\"@type\":\"WebPage\",\"@id\":\"https:\/\/dev.antudigital.cl\/sites\/vc\/se-abre-convocatoria-para-contratar-servicios-creativos-en-valparaiso\/\",\"url\":\"https:\/\/dev.antudigital.cl\/sites\/vc\/se-abre-convocatoria-para-contratar-servicios-creativos-en-valparaiso\/\",\"name\":\"Se abre convocatoria para contratar servicios creativos en Valpara\u00edso - Valpara\u00ed\u00adso Creativo\",\"isPartOf\":{\"@id\":\"https:\/\/dev.antudigital.cl\/sites\/vc\/#website\"},\"primaryImageOfPage\":{\"@id\":\"https:\/\/dev.antudigital.cl\/sites\/vc\/se-abre-convocatoria-para-contratar-servicios-creativos-en-valparaiso\/#primaryimage\"},\"image\":{\"@id\":\"https:\/\/dev.antudigital.cl\/sites\/vc\/se-abre-convocatoria-para-contratar-servicios-creativos-en-valparaiso\/#primaryimage\"},\"thumbnailUrl\":\"https:\/\/dev.antudigital.cl\/sites\/vc\/wp-content\/uploads\/2018\/09\/webdesign_med.jpeg\",\"datePublished\":\"2018-04-18T12:49:58+00:00\",\"author\":{\"@id\":\"\"},\"breadcrumb\":{\"@id\":\"https:\/\/dev.antudigital.cl\/sites\/vc\/se-abre-convocatoria-para-contratar-servicios-creativos-en-valparaiso\/#breadcrumb\"},\"inLanguage\":\"es\",\"potentialAction\":[{\"@type\":\"ReadAction\",\"target\":[\"https:\/\/dev.antudigital.cl\/sites\/vc\/se-abre-convocatoria-para-contratar-servicios-creativos-en-valparaiso\/\"]}]},{\"@type\":\"ImageObject\",\"inLanguage\":\"es\",\"@id\":\"https:\/\/dev.antudigital.cl\/sites\/vc\/se-abre-convocatoria-para-contratar-servicios-creativos-en-valparaiso\/#primaryimage\",\"url\":\"https:\/\/dev.antudigital.cl\/sites\/vc\/wp-content\/uploads\/2018\/09\/webdesign_med.jpeg\",\"contentUrl\":\"https:\/\/dev.antudigital.cl\/sites\/vc\/wp-content\/uploads\/2018\/09\/webdesign_med.jpeg\",\"width\":1280,\"height\":853},{\"@type\":\"BreadcrumbList\",\"@id\":\"https:\/\/dev.antudigital.cl\/sites\/vc\/se-abre-convocatoria-para-contratar-servicios-creativos-en-valparaiso\/#breadcrumb\",\"itemListElement\":[{\"@type\":\"ListItem\",\"position\":1,\"name\":\"Home\",\"item\":\"https:\/\/dev.antudigital.cl\/sites\/vc\/\"},{\"@type\":\"ListItem\",\"position\":2,\"name\":\"Se abre convocatoria para contratar servicios creativos en Valpara\u00edso\"}]},{\"@type\":\"WebSite\",\"@id\":\"https:\/\/dev.antudigital.cl\/sites\/vc\/#website\",\"url\":\"https:\/\/dev.antudigital.cl\/sites\/vc\/\",\"name\":\"Valpara\u00ed\u00adso Creativo\",\"description\":\"\",\"potentialAction\":[{\"@type\":\"SearchAction\",\"target\":{\"@type\":\"EntryPoint\",\"urlTemplate\":\"https:\/\/dev.antudigital.cl\/sites\/vc\/?s={search_term_string}\"},\"query-input\":{\"@type\":\"PropertyValueSpecification\",\"valueRequired\":true,\"valueName\":\"search_term_string\"}}],\"inLanguage\":\"es\"},{\"@type\":\"Person\",\"@id\":\"\",\"url\":\"https:\/\/dev.antudigital.cl\/sites\/vc\/author\/\"}]}<\/script>\n<!-- \/ Yoast SEO plugin. -->","yoast_head_json":{"title":"Se abre convocatoria para contratar servicios creativos en Valpara\u00edso - Valpara\u00ed\u00adso Creativo","robots":{"index":"index","follow":"follow","max-snippet":"max-snippet:-1","max-image-preview":"max-image-preview:large","max-video-preview":"max-video-preview:-1"},"canonical":"https:\/\/dev.antudigital.cl\/sites\/vc\/se-abre-convocatoria-para-contratar-servicios-creativos-en-valparaiso\/","og_locale":"es_ES","og_type":"article","og_title":"Se abre convocatoria para contratar servicios creativos en Valpara\u00edso - Valpara\u00ed\u00adso Creativo","og_description":"Entre el 18 de abril y el 2 de mayo se encontrar\u00e1n abierta dos licitaciones para la contrataci\u00f3n de profesionales del sector audiovisual y de dise\u00f1o para el desarrollo del proyecto VLPO, Gu\u00eda oficial de turismo de Valpara\u00edso. &nbsp; Valpara\u00edso Creativo invita a participar al llamado a concurso para la contrataci\u00f3n de servicios profesionales del [&hellip;]","og_url":"https:\/\/dev.antudigital.cl\/sites\/vc\/se-abre-convocatoria-para-contratar-servicios-creativos-en-valparaiso\/","og_site_name":"Valpara\u00ed\u00adso Creativo","article_published_time":"2018-04-18T12:49:58+00:00","og_image":[{"width":1280,"height":853,"url":"https:\/\/dev.antudigital.cl\/sites\/vc\/wp-content\/uploads\/2018\/09\/webdesign_med.jpeg","type":"image\/jpeg"}],"twitter_card":"summary_large_image","twitter_misc":{"Escrito por":"","Tiempo de lectura":"1 minuto"},"schema":{"@context":"https:\/\/schema.org","@graph":[{"@type":"Article","@id":"https:\/\/dev.antudigital.cl\/sites\/vc\/se-abre-convocatoria-para-contratar-servicios-creativos-en-valparaiso\/#article","isPartOf":{"@id":"https:\/\/dev.antudigital.cl\/sites\/vc\/se-abre-convocatoria-para-contratar-servicios-creativos-en-valparaiso\/"},"author":{"name":"","@id":""},"headline":"Se abre convocatoria para contratar servicios creativos en Valpara\u00edso","datePublished":"2018-04-18T12:49:58+00:00","mainEntityOfPage":{"@id":"https:\/\/dev.antudigital.cl\/sites\/vc\/se-abre-convocatoria-para-contratar-servicios-creativos-en-valparaiso\/"},"wordCount":213,"commentCount":0,"image":{"@id":"https:\/\/dev.antudigital.cl\/sites\/vc\/se-abre-convocatoria-para-contratar-servicios-creativos-en-valparaiso\/#primaryimage"},"thumbnailUrl":"https:\/\/dev.antudigital.cl\/sites\/vc\/wp-content\/uploads\/2018\/09\/webdesign_med.jpeg","articleSection":["Licitacion","Noticia"],"inLanguage":"es","potentialAction":[{"@type":"CommentAction","name":"Comment","target":["https:\/\/dev.antudigital.cl\/sites\/vc\/se-abre-convocatoria-para-contratar-servicios-creativos-en-valparaiso\/#respond"]}]},{"@type":"WebPage","@id":"https:\/\/dev.antudigital.cl\/sites\/vc\/se-abre-convocatoria-para-contratar-servicios-creativos-en-valparaiso\/","url":"https:\/\/dev.antudigital.cl\/sites\/vc\/se-abre-convocatoria-para-contratar-servicios-creativos-en-valparaiso\/","name":"Se abre convocatoria para contratar servicios creativos en Valpara\u00edso - Valpara\u00ed\u00adso Creativo","isPartOf":{"@id":"https:\/\/dev.antudigital.cl\/sites\/vc\/#website"},"primaryImageOfPage":{"@id":"https:\/\/dev.antudigital.cl\/sites\/vc\/se-abre-convocatoria-para-contratar-servicios-creativos-en-valparaiso\/#primaryimage"},"image":{"@id":"https:\/\/dev.antudigital.cl\/sites\/vc\/se-abre-convocatoria-para-contratar-servicios-creativos-en-valparaiso\/#primaryimage"},"thumbnailUrl":"https:\/\/dev.antudigital.cl\/sites\/vc\/wp-content\/uploads\/2018\/09\/webdesign_med.jpeg","datePublished":"2018-04-18T12:49:58+00:00","author":{"@id":""},"breadcrumb":{"@id":"https:\/\/dev.antudigital.cl\/sites\/vc\/se-abre-convocatoria-para-contratar-servicios-creativos-en-valparaiso\/#breadcrumb"},"inLanguage":"es","potentialAction":[{"@type":"ReadAction","target":["https:\/\/dev.antudigital.cl\/sites\/vc\/se-abre-convocatoria-para-contratar-servicios-creativos-en-valparaiso\/"]}]},{"@type":"ImageObject","inLanguage":"es","@id":"https:\/\/dev.antudigital.cl\/sites\/vc\/se-abre-convocatoria-para-contratar-servicios-creativos-en-valparaiso\/#primaryimage","url":"https:\/\/dev.antudigital.cl\/sites\/vc\/wp-content\/uploads\/2018\/09\/webdesign_med.jpeg","contentUrl":"https:\/\/dev.antudigital.cl\/sites\/vc\/wp-content\/uploads\/2018\/09\/webdesign_med.jpeg","width":1280,"height":853},{"@type":"BreadcrumbList","@id":"https:\/\/dev.antudigital.cl\/sites\/vc\/se-abre-convocatoria-para-contratar-servicios-creativos-en-valparaiso\/#breadcrumb","itemListElement":[{"@type":"ListItem","position":1,"name":"Home","item":"https:\/\/dev.antudigital.cl\/sites\/vc\/"},{"@type":"ListItem","position":2,"name":"Se abre convocatoria para contratar servicios creativos en Valpara\u00edso"}]},{"@type":"WebSite","@id":"https:\/\/dev.antudigital.cl\/sites\/vc\/#website","url":"https:\/\/dev.antudigital.cl\/sites\/vc\/","name":"Valpara\u00ed\u00adso Creativo","description":"","potentialAction":[{"@type":"SearchAction","target":{"@type":"EntryPoint","urlTemplate":"https:\/\/dev.antudigital.cl\/sites\/vc\/?s={search_term_string}"},"query-input":{"@type":"PropertyValueSpecification","valueRequired":true,"valueName":"search_term_string"}}],"inLanguage":"es"},{"@type":"Person","@id":"","url":"https:\/\/dev.antudigital.cl\/sites\/vc\/author\/"}]}},"_links":{"self":[{"href":"https:\/\/dev.antudigital.cl\/sites\/vc\/wp-json\/wp\/v2\/posts\/9292","targetHints":{"allow":["GET"]}}],"collection":[{"href":"https:\/\/dev.antudigital.cl\/sites\/vc\/wp-json\/wp\/v2\/posts"}],"about":[{"href":"https:\/\/dev.antudigital.cl\/sites\/vc\/wp-json\/wp\/v2\/types\/post"}],"author":[{"embeddable":true,"href":"https:\/\/dev.antudigital.cl\/sites\/vc\/wp-json\/wp\/v2\/users\/8"}],"replies":[{"embeddable":true,"href":"https:\/\/dev.antudigital.cl\/sites\/vc\/wp-json\/wp\/v2\/comments?post=9292"}],"version-history":[{"count":0,"href":"https:\/\/dev.antudigital.cl\/sites\/vc\/wp-json\/wp\/v2\/posts\/9292\/revisions"}],"wp:featuredmedia":[{"embeddable":true,"href":"https:\/\/dev.antudigital.cl\/sites\/vc\/wp-json\/wp\/v2\/media\/9250"}],"wp:attachment":[{"href":"https:\/\/dev.antudigital.cl\/sites\/vc\/wp-json\/wp\/v2\/media?parent=9292"}],"wp:term":[{"taxonomy":"category","embeddable":true,"href":"https:\/\/dev.antudigital.cl\/sites\/vc\/wp-json\/wp\/v2\/categories?post=9292"},{"taxonomy":"post_tag","embeddable":true,"href":"https:\/\/dev.antudigital.cl\/sites\/vc\/wp-json\/wp\/v2\/tags?post=9292"}],"curies":[{"name":"wp","href":"https:\/\/api.w.org\/{rel}","templated":true}]}}