{"id":9293,"date":"2018-04-04T08:50:28","date_gmt":"2018-04-04T08:50:28","guid":{"rendered":"http:\/\/www.valparaisocreativo.cl\/?p=2277"},"modified":"2018-04-04T08:50:28","modified_gmt":"2018-04-04T08:50:28","slug":"abren-programa-para-potenciar-el-emprendimiento-femenino-en-valparaiso","status":"publish","type":"post","link":"https:\/\/dev.antudigital.cl\/sites\/vc\/abren-programa-para-potenciar-el-emprendimiento-femenino-en-valparaiso\/","title":{"rendered":"Abren programa para potenciar el emprendimiento femenino en Valpara\u00edso"},"content":{"rendered":"<p class=\"p1\"><a href=\"http:\/\/www.valparaisocreativo.cl\/wp-content\/uploads\/2018\/04\/05cover_tw.png\"><img fetchpriority=\"high\" decoding=\"async\" class=\"size-large wp-image-2275 aligncenter\" src=\"http:\/\/www.valparaisocreativo.cl\/wp-content\/uploads\/2018\/04\/05cover_tw-1024x341.png\" alt=\"\" width=\"625\" height=\"208\"><\/a><\/p>\n<p class=\"p1\"><span class=\"s1\"><i>El proyecto \u201cNosotras Creamos\u201d apoyar\u00e1 el desarrollo de ideas de negocios en empresas lideradas por mujeres y relacionados con las econom\u00edas creativas de dise\u00f1o, m\u00fasica, videojuegos e industria audiovisual.<\/i><\/span><\/p>\n<p class=\"p1\"><span class=\"s1\"><b>Impulsar y avanzar en el cierre de brechas laborales para mujeres y fomentar su incorporaci\u00f3n y aporte en las econom\u00edas creativas de la regi\u00f3n ser\u00e1 la meta del programa Nosotras Creamos<\/b>, iniciativa impulsada por el Departamento de Industrias de la Universidad Santa Mar\u00eda y financiada por Corfo, que <b>entregar\u00e1 asesor\u00eda y fondos para el desarrollo de por lo menos 30 proyectos o ideas de negocio lideradas por mujeres y con alto potencial de crecimiento.<\/b><\/span><\/p>\n<p class=\"p1\"><span class=\"s1\">Con un claro foco regional y en l\u00ednea con diversas iniciativas para el desarrollo de Valpara\u00edso, el programa apunta a potenciar el ecosistema creativo en la regi\u00f3n, que actualmente corresponde al <b>12% de las empresas establecidas en el Gran Valpara\u00edso, dando empleo a m\u00e1s de 100 mil trabajadores en \u00e1reas de la econom\u00eda creativa<\/b> como dise\u00f1o, comunicaciones, m\u00fasica y servicios tecnol\u00f3gicos, entre otros rubros.<\/span><\/p>\n<p class=\"p1\"><span class=\"s1\">La <b>convocatoria estar\u00e1 abierta hasta el 22 de abril a trav\u00e9s del sitio <\/b><a href=\"http:\/\/www.nosotrascreamos.cl\"><span class=\"s2\"><b>www.nosotrascreamos.cl<\/b><\/span><\/a>, convocando a todas quienes tengan las ganas de desarrollar de alto impacto en la industria creativa. Pueden postular personas mayores de 18 a\u00f1os, nacionales o extranjeras con residencia definitiva; o personas jur\u00eddicas (empresas constituidas) donde al menos 50% de derechos societarios correspondan a una o m\u00e1s mujeres, o un 30% de mujeres como parte de la sociedad. <\/span><\/p>\n<p class=\"p1\"><span class=\"s1\">El Dr. Crist\u00f3bal Fern\u00e1ndez, Director del programa \u201cNosotras Creamos\u201d indica:<\/span><i>\u201cLa industria creativa y el emprendimiento est\u00e1n vinculados a la UTFSM y al Departamento de Industrias, nuestros estudiantes se forman potenciando el desarrollo de sus propias iniciativas de emprendimiento, que representa parte fundamental del proyecto \u201cNosotras creamos\u201d, buscando emprendedoras l\u00edderes, el objetivo es que el impacto de la Universidad sea a llevado a toda la comunidad mediante distintas v\u00edas tales como el presente programa de emprendimiento\u201d<\/i><\/p>\n<p class=\"p1\"><span class=\"s1\">En el \u00e1rea audiovisual se esperan emprendedoras que desarrollen contenidos comercialmente atractivos, nacionales o internacionales, para televisi\u00f3n, SVOD, o VOD, o plataformas digitales o interactivas; tambi\u00e9n contenido de videojuegos para diferentes plataformas, y nuevos modelos de negocios en la industria. <\/span><\/p>\n<p class=\"p1\"><span class=\"s1\">En el \u00e1rea de dise\u00f1o se dar\u00e1 prioridad a ideas y desarrollo de nuevas l\u00edneas de producto, servicios o procesos de alto valor que tomen elementos identitarios nacionales, materiales o creaciones de talento local. En m\u00fasica, las emprendedoras pueden enfocarse a nuevas unidades de negocio que busquen posicionar la oferta fonogr\u00e1fica, o nuevos modelos de negocios.<\/span><\/p>\n<p class=\"p1\"><span class=\"s3\"><b>Beneficios<\/b><\/span><\/p>\n<p class=\"p1\"><span class=\"s1\">El programa contempla <b>formaci\u00f3n y entrenamiento<\/b> para la gesti\u00f3n, dise\u00f1o, implementaci\u00f3n y evaluaci\u00f3n de un modelo de negocios para por lo menos 30 beneficiarias, adem\u00e1s de fortalecer las habilidades de las emprendedoras e incrementar o generar un negocio rentable, dando como resultado la constituci\u00f3n legal de la empresa (en caso que sea necesario), estudio de mercado, modelos de negocios, plan de marketing y los canales de comercializaci\u00f3n y ventas.<\/span><\/p>\n<p class=\"p1\"><span class=\"s1\"><b>Cada emprendedora recibir\u00e1 una mentor\u00eda personalizada<\/b> a fin de preparar la llegada al mercado. El proceso tambi\u00e9n considera la <b>entrega de un financiamiento de hasta 15 millones de pesos para cada emprendedora<\/b> para acciones como el desarrollo del producto m\u00ednimo viable; dise\u00f1o y construcci\u00f3n de una versi\u00f3n alfa de la propuesta soluci\u00f3n; validaci\u00f3n preliminar con potenciales usuarios; validaci\u00f3n preliminar con clientes; o mejoras en la propuesta soluci\u00f3n hasta llegar a la versi\u00f3n beta del producto.<\/span><\/p>\n<p class=\"p4\"><span class=\"s3\"><a href=\"http:\/\/www.nosotrascreamos.cl\"><i>www.nosotrascreamos.cl<\/i><i><\/i><\/a><\/span><\/p>\n<p class=\"p4\"><span class=\"s3\"><a href=\"https:\/\/www.facebook.com\/valparaisocreativo\/\"><i>https:\/\/www.facebook.com\/valparaisocreativo\/<\/i><i><\/i><\/a><\/span><\/p>\n<p class=\"p5\"><span class=\"s1\"><i>@nosotrascreamos<\/i><\/span><\/p>\n<p class=\"p4\"><span class=\"s3\"><a href=\"mailto:contacto@nosotrascreamos.cl\"><i>contacto@nosotrascreamos.cl<\/i><\/a><\/span><\/p>\n","protected":false},"excerpt":{"rendered":"<p>El proyecto \u201cNosotras Creamos\u201d apoyar\u00e1 el desarrollo de ideas de negocios en empresas lideradas por mujeres y relacionados con las econom\u00edas creativas de dise\u00f1o, m\u00fasica, videojuegos e industria audiovisual. Impulsar y avanzar en el cierre de brechas laborales para mujeres y fomentar su incorporaci\u00f3n y aporte en las econom\u00edas creativas de la regi\u00f3n ser\u00e1 la [&hellip;]<\/p>\n","protected":false},"author":8,"featured_media":9294,"comment_status":"open","ping_status":"closed","sticky":false,"template":"","format":"standard","meta":{"_acf_changed":false,"footnotes":""},"categories":[21,8],"tags":[],"class_list":["post-9293","post","type-post","status-publish","format-standard","has-post-thumbnail","hentry","category-financiamiento","category-noticia"],"acf":[],"yoast_head":"<!-- This site is optimized with the Yoast SEO plugin v27.1.1 - https:\/\/yoast.com\/product\/yoast-seo-wordpress\/ -->\n<title>Abren programa para potenciar el emprendimiento femenino en Valpara\u00edso - Valpara\u00ed\u00adso Creativo<\/title>\n<meta name=\"robots\" content=\"index, follow, max-snippet:-1, max-image-preview:large, max-video-preview:-1\" \/>\n<link rel=\"canonical\" href=\"https:\/\/dev.antudigital.cl\/sites\/vc\/abren-programa-para-potenciar-el-emprendimiento-femenino-en-valparaiso\/\" \/>\n<meta property=\"og:locale\" content=\"es_ES\" \/>\n<meta property=\"og:type\" content=\"article\" \/>\n<meta property=\"og:title\" content=\"Abren programa para potenciar el emprendimiento femenino en Valpara\u00edso - Valpara\u00ed\u00adso Creativo\" \/>\n<meta property=\"og:description\" content=\"El proyecto \u201cNosotras Creamos\u201d apoyar\u00e1 el desarrollo de ideas de negocios en empresas lideradas por mujeres y relacionados con las econom\u00edas creativas de dise\u00f1o, m\u00fasica, videojuegos e industria audiovisual. Impulsar y avanzar en el cierre de brechas laborales para mujeres y fomentar su incorporaci\u00f3n y aporte en las econom\u00edas creativas de la regi\u00f3n ser\u00e1 la [&hellip;]\" \/>\n<meta property=\"og:url\" content=\"https:\/\/dev.antudigital.cl\/sites\/vc\/abren-programa-para-potenciar-el-emprendimiento-femenino-en-valparaiso\/\" \/>\n<meta property=\"og:site_name\" content=\"Valpara\u00ed\u00adso Creativo\" \/>\n<meta property=\"article:published_time\" content=\"2018-04-04T08:50:28+00:00\" \/>\n<meta property=\"og:image\" content=\"https:\/\/dev.antudigital.cl\/sites\/vc\/wp-content\/uploads\/2018\/04\/minishutterstock_535831177.jpg\" \/>\n\t<meta property=\"og:image:width\" content=\"599\" \/>\n\t<meta property=\"og:image:height\" content=\"400\" \/>\n\t<meta property=\"og:image:type\" content=\"image\/jpeg\" \/>\n<meta name=\"twitter:card\" content=\"summary_large_image\" \/>\n<meta name=\"twitter:label1\" content=\"Escrito por\" \/>\n\t<meta name=\"twitter:data1\" content=\"\" \/>\n\t<meta name=\"twitter:label2\" content=\"Tiempo de lectura\" \/>\n\t<meta name=\"twitter:data2\" content=\"3 minutos\" \/>\n<script type=\"application\/ld+json\" class=\"yoast-schema-graph\">{\"@context\":\"https:\/\/schema.org\",\"@graph\":[{\"@type\":\"Article\",\"@id\":\"https:\/\/dev.antudigital.cl\/sites\/vc\/abren-programa-para-potenciar-el-emprendimiento-femenino-en-valparaiso\/#article\",\"isPartOf\":{\"@id\":\"https:\/\/dev.antudigital.cl\/sites\/vc\/abren-programa-para-potenciar-el-emprendimiento-femenino-en-valparaiso\/\"},\"author\":{\"name\":\"\",\"@id\":\"\"},\"headline\":\"Abren programa para potenciar el emprendimiento femenino en Valpara\u00edso\",\"datePublished\":\"2018-04-04T08:50:28+00:00\",\"mainEntityOfPage\":{\"@id\":\"https:\/\/dev.antudigital.cl\/sites\/vc\/abren-programa-para-potenciar-el-emprendimiento-femenino-en-valparaiso\/\"},\"wordCount\":621,\"commentCount\":0,\"image\":{\"@id\":\"https:\/\/dev.antudigital.cl\/sites\/vc\/abren-programa-para-potenciar-el-emprendimiento-femenino-en-valparaiso\/#primaryimage\"},\"thumbnailUrl\":\"https:\/\/dev.antudigital.cl\/sites\/vc\/wp-content\/uploads\/2018\/04\/minishutterstock_535831177.jpg\",\"articleSection\":[\"Financiamiento\",\"Noticia\"],\"inLanguage\":\"es\",\"potentialAction\":[{\"@type\":\"CommentAction\",\"name\":\"Comment\",\"target\":[\"https:\/\/dev.antudigital.cl\/sites\/vc\/abren-programa-para-potenciar-el-emprendimiento-femenino-en-valparaiso\/#respond\"]}]},{\"@type\":\"WebPage\",\"@id\":\"https:\/\/dev.antudigital.cl\/sites\/vc\/abren-programa-para-potenciar-el-emprendimiento-femenino-en-valparaiso\/\",\"url\":\"https:\/\/dev.antudigital.cl\/sites\/vc\/abren-programa-para-potenciar-el-emprendimiento-femenino-en-valparaiso\/\",\"name\":\"Abren programa para potenciar el emprendimiento femenino en Valpara\u00edso - Valpara\u00ed\u00adso Creativo\",\"isPartOf\":{\"@id\":\"https:\/\/dev.antudigital.cl\/sites\/vc\/#website\"},\"primaryImageOfPage\":{\"@id\":\"https:\/\/dev.antudigital.cl\/sites\/vc\/abren-programa-para-potenciar-el-emprendimiento-femenino-en-valparaiso\/#primaryimage\"},\"image\":{\"@id\":\"https:\/\/dev.antudigital.cl\/sites\/vc\/abren-programa-para-potenciar-el-emprendimiento-femenino-en-valparaiso\/#primaryimage\"},\"thumbnailUrl\":\"https:\/\/dev.antudigital.cl\/sites\/vc\/wp-content\/uploads\/2018\/04\/minishutterstock_535831177.jpg\",\"datePublished\":\"2018-04-04T08:50:28+00:00\",\"author\":{\"@id\":\"\"},\"breadcrumb\":{\"@id\":\"https:\/\/dev.antudigital.cl\/sites\/vc\/abren-programa-para-potenciar-el-emprendimiento-femenino-en-valparaiso\/#breadcrumb\"},\"inLanguage\":\"es\",\"potentialAction\":[{\"@type\":\"ReadAction\",\"target\":[\"https:\/\/dev.antudigital.cl\/sites\/vc\/abren-programa-para-potenciar-el-emprendimiento-femenino-en-valparaiso\/\"]}]},{\"@type\":\"ImageObject\",\"inLanguage\":\"es\",\"@id\":\"https:\/\/dev.antudigital.cl\/sites\/vc\/abren-programa-para-potenciar-el-emprendimiento-femenino-en-valparaiso\/#primaryimage\",\"url\":\"https:\/\/dev.antudigital.cl\/sites\/vc\/wp-content\/uploads\/2018\/04\/minishutterstock_535831177.jpg\",\"contentUrl\":\"https:\/\/dev.antudigital.cl\/sites\/vc\/wp-content\/uploads\/2018\/04\/minishutterstock_535831177.jpg\",\"width\":599,\"height\":400},{\"@type\":\"BreadcrumbList\",\"@id\":\"https:\/\/dev.antudigital.cl\/sites\/vc\/abren-programa-para-potenciar-el-emprendimiento-femenino-en-valparaiso\/#breadcrumb\",\"itemListElement\":[{\"@type\":\"ListItem\",\"position\":1,\"name\":\"Home\",\"item\":\"https:\/\/dev.antudigital.cl\/sites\/vc\/\"},{\"@type\":\"ListItem\",\"position\":2,\"name\":\"Abren programa para potenciar el emprendimiento femenino en Valpara\u00edso\"}]},{\"@type\":\"WebSite\",\"@id\":\"https:\/\/dev.antudigital.cl\/sites\/vc\/#website\",\"url\":\"https:\/\/dev.antudigital.cl\/sites\/vc\/\",\"name\":\"Valpara\u00ed\u00adso Creativo\",\"description\":\"\",\"potentialAction\":[{\"@type\":\"SearchAction\",\"target\":{\"@type\":\"EntryPoint\",\"urlTemplate\":\"https:\/\/dev.antudigital.cl\/sites\/vc\/?s={search_term_string}\"},\"query-input\":{\"@type\":\"PropertyValueSpecification\",\"valueRequired\":true,\"valueName\":\"search_term_string\"}}],\"inLanguage\":\"es\"},{\"@type\":\"Person\",\"@id\":\"\",\"url\":\"https:\/\/dev.antudigital.cl\/sites\/vc\/author\/\"}]}<\/script>\n<!-- \/ Yoast SEO plugin. -->","yoast_head_json":{"title":"Abren programa para potenciar el emprendimiento femenino en Valpara\u00edso - Valpara\u00ed\u00adso Creativo","robots":{"index":"index","follow":"follow","max-snippet":"max-snippet:-1","max-image-preview":"max-image-preview:large","max-video-preview":"max-video-preview:-1"},"canonical":"https:\/\/dev.antudigital.cl\/sites\/vc\/abren-programa-para-potenciar-el-emprendimiento-femenino-en-valparaiso\/","og_locale":"es_ES","og_type":"article","og_title":"Abren programa para potenciar el emprendimiento femenino en Valpara\u00edso - Valpara\u00ed\u00adso Creativo","og_description":"El proyecto \u201cNosotras Creamos\u201d apoyar\u00e1 el desarrollo de ideas de negocios en empresas lideradas por mujeres y relacionados con las econom\u00edas creativas de dise\u00f1o, m\u00fasica, videojuegos e industria audiovisual. Impulsar y avanzar en el cierre de brechas laborales para mujeres y fomentar su incorporaci\u00f3n y aporte en las econom\u00edas creativas de la regi\u00f3n ser\u00e1 la [&hellip;]","og_url":"https:\/\/dev.antudigital.cl\/sites\/vc\/abren-programa-para-potenciar-el-emprendimiento-femenino-en-valparaiso\/","og_site_name":"Valpara\u00ed\u00adso Creativo","article_published_time":"2018-04-04T08:50:28+00:00","og_image":[{"width":599,"height":400,"url":"https:\/\/dev.antudigital.cl\/sites\/vc\/wp-content\/uploads\/2018\/04\/minishutterstock_535831177.jpg","type":"image\/jpeg"}],"twitter_card":"summary_large_image","twitter_misc":{"Escrito por":"","Tiempo de lectura":"3 minutos"},"schema":{"@context":"https:\/\/schema.org","@graph":[{"@type":"Article","@id":"https:\/\/dev.antudigital.cl\/sites\/vc\/abren-programa-para-potenciar-el-emprendimiento-femenino-en-valparaiso\/#article","isPartOf":{"@id":"https:\/\/dev.antudigital.cl\/sites\/vc\/abren-programa-para-potenciar-el-emprendimiento-femenino-en-valparaiso\/"},"author":{"name":"","@id":""},"headline":"Abren programa para potenciar el emprendimiento femenino en Valpara\u00edso","datePublished":"2018-04-04T08:50:28+00:00","mainEntityOfPage":{"@id":"https:\/\/dev.antudigital.cl\/sites\/vc\/abren-programa-para-potenciar-el-emprendimiento-femenino-en-valparaiso\/"},"wordCount":621,"commentCount":0,"image":{"@id":"https:\/\/dev.antudigital.cl\/sites\/vc\/abren-programa-para-potenciar-el-emprendimiento-femenino-en-valparaiso\/#primaryimage"},"thumbnailUrl":"https:\/\/dev.antudigital.cl\/sites\/vc\/wp-content\/uploads\/2018\/04\/minishutterstock_535831177.jpg","articleSection":["Financiamiento","Noticia"],"inLanguage":"es","potentialAction":[{"@type":"CommentAction","name":"Comment","target":["https:\/\/dev.antudigital.cl\/sites\/vc\/abren-programa-para-potenciar-el-emprendimiento-femenino-en-valparaiso\/#respond"]}]},{"@type":"WebPage","@id":"https:\/\/dev.antudigital.cl\/sites\/vc\/abren-programa-para-potenciar-el-emprendimiento-femenino-en-valparaiso\/","url":"https:\/\/dev.antudigital.cl\/sites\/vc\/abren-programa-para-potenciar-el-emprendimiento-femenino-en-valparaiso\/","name":"Abren programa para potenciar el emprendimiento femenino en Valpara\u00edso - Valpara\u00ed\u00adso Creativo","isPartOf":{"@id":"https:\/\/dev.antudigital.cl\/sites\/vc\/#website"},"primaryImageOfPage":{"@id":"https:\/\/dev.antudigital.cl\/sites\/vc\/abren-programa-para-potenciar-el-emprendimiento-femenino-en-valparaiso\/#primaryimage"},"image":{"@id":"https:\/\/dev.antudigital.cl\/sites\/vc\/abren-programa-para-potenciar-el-emprendimiento-femenino-en-valparaiso\/#primaryimage"},"thumbnailUrl":"https:\/\/dev.antudigital.cl\/sites\/vc\/wp-content\/uploads\/2018\/04\/minishutterstock_535831177.jpg","datePublished":"2018-04-04T08:50:28+00:00","author":{"@id":""},"breadcrumb":{"@id":"https:\/\/dev.antudigital.cl\/sites\/vc\/abren-programa-para-potenciar-el-emprendimiento-femenino-en-valparaiso\/#breadcrumb"},"inLanguage":"es","potentialAction":[{"@type":"ReadAction","target":["https:\/\/dev.antudigital.cl\/sites\/vc\/abren-programa-para-potenciar-el-emprendimiento-femenino-en-valparaiso\/"]}]},{"@type":"ImageObject","inLanguage":"es","@id":"https:\/\/dev.antudigital.cl\/sites\/vc\/abren-programa-para-potenciar-el-emprendimiento-femenino-en-valparaiso\/#primaryimage","url":"https:\/\/dev.antudigital.cl\/sites\/vc\/wp-content\/uploads\/2018\/04\/minishutterstock_535831177.jpg","contentUrl":"https:\/\/dev.antudigital.cl\/sites\/vc\/wp-content\/uploads\/2018\/04\/minishutterstock_535831177.jpg","width":599,"height":400},{"@type":"BreadcrumbList","@id":"https:\/\/dev.antudigital.cl\/sites\/vc\/abren-programa-para-potenciar-el-emprendimiento-femenino-en-valparaiso\/#breadcrumb","itemListElement":[{"@type":"ListItem","position":1,"name":"Home","item":"https:\/\/dev.antudigital.cl\/sites\/vc\/"},{"@type":"ListItem","position":2,"name":"Abren programa para potenciar el emprendimiento femenino en Valpara\u00edso"}]},{"@type":"WebSite","@id":"https:\/\/dev.antudigital.cl\/sites\/vc\/#website","url":"https:\/\/dev.antudigital.cl\/sites\/vc\/","name":"Valpara\u00ed\u00adso Creativo","description":"","potentialAction":[{"@type":"SearchAction","target":{"@type":"EntryPoint","urlTemplate":"https:\/\/dev.antudigital.cl\/sites\/vc\/?s={search_term_string}"},"query-input":{"@type":"PropertyValueSpecification","valueRequired":true,"valueName":"search_term_string"}}],"inLanguage":"es"},{"@type":"Person","@id":"","url":"https:\/\/dev.antudigital.cl\/sites\/vc\/author\/"}]}},"_links":{"self":[{"href":"https:\/\/dev.antudigital.cl\/sites\/vc\/wp-json\/wp\/v2\/posts\/9293","targetHints":{"allow":["GET"]}}],"collection":[{"href":"https:\/\/dev.antudigital.cl\/sites\/vc\/wp-json\/wp\/v2\/posts"}],"about":[{"href":"https:\/\/dev.antudigital.cl\/sites\/vc\/wp-json\/wp\/v2\/types\/post"}],"author":[{"embeddable":true,"href":"https:\/\/dev.antudigital.cl\/sites\/vc\/wp-json\/wp\/v2\/users\/8"}],"replies":[{"embeddable":true,"href":"https:\/\/dev.antudigital.cl\/sites\/vc\/wp-json\/wp\/v2\/comments?post=9293"}],"version-history":[{"count":0,"href":"https:\/\/dev.antudigital.cl\/sites\/vc\/wp-json\/wp\/v2\/posts\/9293\/revisions"}],"wp:featuredmedia":[{"embeddable":true,"href":"https:\/\/dev.antudigital.cl\/sites\/vc\/wp-json\/wp\/v2\/media\/9294"}],"wp:attachment":[{"href":"https:\/\/dev.antudigital.cl\/sites\/vc\/wp-json\/wp\/v2\/media?parent=9293"}],"wp:term":[{"taxonomy":"category","embeddable":true,"href":"https:\/\/dev.antudigital.cl\/sites\/vc\/wp-json\/wp\/v2\/categories?post=9293"},{"taxonomy":"post_tag","embeddable":true,"href":"https:\/\/dev.antudigital.cl\/sites\/vc\/wp-json\/wp\/v2\/tags?post=9293"}],"curies":[{"name":"wp","href":"https:\/\/api.w.org\/{rel}","templated":true}]}}