{"id":9298,"date":"2018-02-06T17:48:48","date_gmt":"2018-02-06T17:48:48","guid":{"rendered":"http:\/\/www.valparaisocreativo.cl\/?p=2140"},"modified":"2018-02-06T17:48:48","modified_gmt":"2018-02-06T17:48:48","slug":"se-abre-convocatoria-para-contratacion-de-profesionales-para-el-programa-valparaiso-creativo","status":"publish","type":"post","link":"https:\/\/dev.antudigital.cl\/sites\/vc\/se-abre-convocatoria-para-contratacion-de-profesionales-para-el-programa-valparaiso-creativo\/","title":{"rendered":"Se abre convocatoria para contrataci\u00f3n de profesionales para el Programa Valpara\u00edso Creativo"},"content":{"rendered":"<p>Para su segundo a\u00f1o de ejecuci\u00f3n, el programa estrat\u00e9gico <strong>Valpara\u00edso Ciudad Creativa, Sustentable e Innovadora<\/strong> est\u00e1 en b\u00fasqueda de profesionales para&nbsp;sumar a su equipo de trabajo para desempe\u00f1arse en los siguientes cargos:<\/p>\n<ul>\n<li>Gerente (<span style=\"text-decoration: underline;\"><a href=\"http:\/\/www.codesser.cl\/bases\/PER031_Bases_Tecnicas.pdf\">bases t\u00e9cnicas<\/a><\/span>)<\/li>\n<li>Ejecutivo T\u00e9cnico (<span style=\"text-decoration: underline;\"><a href=\"http:\/\/www.codesser.cl\/bases\/PER032_Bases_Tecnicas.pdf\">bases t\u00e9cnicas<\/a><\/span>)<\/li>\n<li>Encargado de Comunicaciones (<span style=\"text-decoration: underline;\"><a href=\"http:\/\/www.codesser.cl\/bases\/PER033_Bases_Tecnicas.pdf\">bases t\u00e9cnicas<\/a><\/span>)<\/li>\n<\/ul>\n<p>Tras su primer a\u00f1o de implementaci\u00f3n, el programa estrat\u00e9gico <strong>Valpara\u00edso Ciudad Creativa, Sustentable e Innovadora<\/strong> ha alcanzado amplios avances y desaf\u00edos en t\u00e9rminos de organizar a una gobernanza compuesta por actores p\u00fablicos, privados, academia y sociedad civil para para la implementaci\u00f3n de iniciativas que fortalezcan a las actividades, bienes y servicios de la Econom\u00eda Creativa de Valpara\u00edso, trabajando con m\u00e1s de 300 beneficiarios vinculados a las \u00e1reas de trabajo establecidas en su Hoja de Ruta.<\/p>\n<p>Para el presente a\u00f1o de implementaci\u00f3n nos proponemos 4 objetivos espec\u00edficos que buscan focalizar a\u00fan m\u00e1s la acci\u00f3n planteada en la HDR del Programa, estos son:<\/p>\n<ol>\n<li>Dinamizar los procesos de inversi\u00f3n en barrios patrimoniales de Valpara\u00edso.<\/li>\n<li>Fortalecer a Valpara\u00edso como destino cultural y de turismo creativo.<\/li>\n<li>Desarrollar la oferta de servicios creativos desde Valpara\u00edso.<\/li>\n<li>Promover Asociatividad.<\/li>\n<\/ol>\n<h3><strong>Para postular<\/strong><\/h3>\n<p>Las bases t\u00e9cnicas, anexos de postulaci\u00f3n y resumen del proyecto para cada cargo pueden descargarse en <span style=\"text-decoration: underline;\"><a href=\"http:\/\/www.valparaisocreativo.cl\/contrataciones\/\"><strong>nuestra secci\u00f3n de contrataciones<\/strong><\/a><\/span> la p\u00e1gina de Codesser (<a href=\"http:\/\/www.codesser.cl\/licitaciones_per.php\">LINK<\/a>), c\u00f3digos PER 031, PER 032 y PER 033.<\/p>\n<p>Los interesados deben enviar antecedentes solicitados en la bases al correo electr\u00f3nico <span style=\"text-decoration: underline;\"><a href=\"mailto:valparaisocreativo@gmail.com\">valparaisocreativo@gmail.com<\/a><\/span> e impresos, en las oficinas de CODESSER, ubicadas <a href=\"https:\/\/goo.gl\/maps\/JM6b8FQCNH82\"><span style=\"text-decoration: underline;\">Condell 1376, Valpara\u00edso<\/span>,<\/a> entre los d\u00edas <strong>6 de Febrero 2018 y 28 de Febrero de 2018, hasta las 12:00 horas<\/strong>.<\/p>\n<p>Para consultas sobre el proceso, escribir a <span style=\"text-decoration: underline;\"><a href=\"mailto:hola@valparaisocreativo.cl?Subject=Hola\" target=\"_top\" rel=\"noopener\">hola@valparaisocreativo.cl<\/a><\/span><\/p>\n","protected":false},"excerpt":{"rendered":"<p>Para su segundo a\u00f1o de ejecuci\u00f3n, el programa estrat\u00e9gico Valpara\u00edso Ciudad Creativa, Sustentable e Innovadora est\u00e1 en b\u00fasqueda de profesionales para&nbsp;sumar a su equipo de trabajo para desempe\u00f1arse en los siguientes cargos: Gerente (bases t\u00e9cnicas) Ejecutivo T\u00e9cnico (bases t\u00e9cnicas) Encargado de Comunicaciones (bases t\u00e9cnicas) Tras su primer a\u00f1o de implementaci\u00f3n, el programa estrat\u00e9gico Valpara\u00edso Ciudad [&hellip;]<\/p>\n","protected":false},"author":8,"featured_media":8937,"comment_status":"closed","ping_status":"closed","sticky":false,"template":"","format":"standard","meta":{"_acf_changed":false,"footnotes":""},"categories":[23,8],"tags":[],"class_list":["post-9298","post","type-post","status-publish","format-standard","has-post-thumbnail","hentry","category-licitacion","category-noticia"],"acf":[],"yoast_head":"<!-- This site is optimized with the Yoast SEO plugin v27.1.1 - https:\/\/yoast.com\/product\/yoast-seo-wordpress\/ -->\n<title>Se abre convocatoria para contrataci\u00f3n de profesionales para el Programa Valpara\u00edso Creativo - Valpara\u00ed\u00adso Creativo<\/title>\n<meta name=\"robots\" content=\"index, follow, max-snippet:-1, max-image-preview:large, max-video-preview:-1\" \/>\n<link rel=\"canonical\" href=\"https:\/\/dev.antudigital.cl\/sites\/vc\/se-abre-convocatoria-para-contratacion-de-profesionales-para-el-programa-valparaiso-creativo\/\" \/>\n<meta property=\"og:locale\" content=\"es_ES\" \/>\n<meta property=\"og:type\" content=\"article\" \/>\n<meta property=\"og:title\" content=\"Se abre convocatoria para contrataci\u00f3n de profesionales para el Programa Valpara\u00edso Creativo - Valpara\u00ed\u00adso Creativo\" \/>\n<meta property=\"og:description\" content=\"Para su segundo a\u00f1o de ejecuci\u00f3n, el programa estrat\u00e9gico Valpara\u00edso Ciudad Creativa, Sustentable e Innovadora est\u00e1 en b\u00fasqueda de profesionales para&nbsp;sumar a su equipo de trabajo para desempe\u00f1arse en los siguientes cargos: Gerente (bases t\u00e9cnicas) Ejecutivo T\u00e9cnico (bases t\u00e9cnicas) Encargado de Comunicaciones (bases t\u00e9cnicas) Tras su primer a\u00f1o de implementaci\u00f3n, el programa estrat\u00e9gico Valpara\u00edso Ciudad [&hellip;]\" \/>\n<meta property=\"og:url\" content=\"https:\/\/dev.antudigital.cl\/sites\/vc\/se-abre-convocatoria-para-contratacion-de-profesionales-para-el-programa-valparaiso-creativo\/\" \/>\n<meta property=\"og:site_name\" content=\"Valpara\u00ed\u00adso Creativo\" \/>\n<meta property=\"article:published_time\" content=\"2018-02-06T17:48:48+00:00\" \/>\n<meta property=\"og:image\" content=\"https:\/\/dev.antudigital.cl\/sites\/vc\/wp-content\/uploads\/2018\/05\/pexels-photo-398532-1.jpeg\" \/>\n\t<meta property=\"og:image:width\" content=\"400\" \/>\n\t<meta property=\"og:image:height\" content=\"273\" \/>\n\t<meta property=\"og:image:type\" content=\"image\/jpeg\" \/>\n<meta name=\"twitter:card\" content=\"summary_large_image\" \/>\n<meta name=\"twitter:label1\" content=\"Escrito por\" \/>\n\t<meta name=\"twitter:data1\" content=\"\" \/>\n\t<meta name=\"twitter:label2\" content=\"Tiempo de lectura\" \/>\n\t<meta name=\"twitter:data2\" content=\"1 minuto\" \/>\n<script type=\"application\/ld+json\" class=\"yoast-schema-graph\">{\"@context\":\"https:\/\/schema.org\",\"@graph\":[{\"@type\":\"Article\",\"@id\":\"https:\/\/dev.antudigital.cl\/sites\/vc\/se-abre-convocatoria-para-contratacion-de-profesionales-para-el-programa-valparaiso-creativo\/#article\",\"isPartOf\":{\"@id\":\"https:\/\/dev.antudigital.cl\/sites\/vc\/se-abre-convocatoria-para-contratacion-de-profesionales-para-el-programa-valparaiso-creativo\/\"},\"author\":{\"name\":\"\",\"@id\":\"\"},\"headline\":\"Se abre convocatoria para contrataci\u00f3n de profesionales para el Programa Valpara\u00edso Creativo\",\"datePublished\":\"2018-02-06T17:48:48+00:00\",\"mainEntityOfPage\":{\"@id\":\"https:\/\/dev.antudigital.cl\/sites\/vc\/se-abre-convocatoria-para-contratacion-de-profesionales-para-el-programa-valparaiso-creativo\/\"},\"wordCount\":307,\"image\":{\"@id\":\"https:\/\/dev.antudigital.cl\/sites\/vc\/se-abre-convocatoria-para-contratacion-de-profesionales-para-el-programa-valparaiso-creativo\/#primaryimage\"},\"thumbnailUrl\":\"https:\/\/dev.antudigital.cl\/sites\/vc\/wp-content\/uploads\/2018\/05\/pexels-photo-398532-1.jpeg\",\"articleSection\":[\"Licitacion\",\"Noticia\"],\"inLanguage\":\"es\"},{\"@type\":\"WebPage\",\"@id\":\"https:\/\/dev.antudigital.cl\/sites\/vc\/se-abre-convocatoria-para-contratacion-de-profesionales-para-el-programa-valparaiso-creativo\/\",\"url\":\"https:\/\/dev.antudigital.cl\/sites\/vc\/se-abre-convocatoria-para-contratacion-de-profesionales-para-el-programa-valparaiso-creativo\/\",\"name\":\"Se abre convocatoria para contrataci\u00f3n de profesionales para el Programa Valpara\u00edso Creativo - Valpara\u00ed\u00adso Creativo\",\"isPartOf\":{\"@id\":\"https:\/\/dev.antudigital.cl\/sites\/vc\/#website\"},\"primaryImageOfPage\":{\"@id\":\"https:\/\/dev.antudigital.cl\/sites\/vc\/se-abre-convocatoria-para-contratacion-de-profesionales-para-el-programa-valparaiso-creativo\/#primaryimage\"},\"image\":{\"@id\":\"https:\/\/dev.antudigital.cl\/sites\/vc\/se-abre-convocatoria-para-contratacion-de-profesionales-para-el-programa-valparaiso-creativo\/#primaryimage\"},\"thumbnailUrl\":\"https:\/\/dev.antudigital.cl\/sites\/vc\/wp-content\/uploads\/2018\/05\/pexels-photo-398532-1.jpeg\",\"datePublished\":\"2018-02-06T17:48:48+00:00\",\"author\":{\"@id\":\"\"},\"breadcrumb\":{\"@id\":\"https:\/\/dev.antudigital.cl\/sites\/vc\/se-abre-convocatoria-para-contratacion-de-profesionales-para-el-programa-valparaiso-creativo\/#breadcrumb\"},\"inLanguage\":\"es\",\"potentialAction\":[{\"@type\":\"ReadAction\",\"target\":[\"https:\/\/dev.antudigital.cl\/sites\/vc\/se-abre-convocatoria-para-contratacion-de-profesionales-para-el-programa-valparaiso-creativo\/\"]}]},{\"@type\":\"ImageObject\",\"inLanguage\":\"es\",\"@id\":\"https:\/\/dev.antudigital.cl\/sites\/vc\/se-abre-convocatoria-para-contratacion-de-profesionales-para-el-programa-valparaiso-creativo\/#primaryimage\",\"url\":\"https:\/\/dev.antudigital.cl\/sites\/vc\/wp-content\/uploads\/2018\/05\/pexels-photo-398532-1.jpeg\",\"contentUrl\":\"https:\/\/dev.antudigital.cl\/sites\/vc\/wp-content\/uploads\/2018\/05\/pexels-photo-398532-1.jpeg\",\"width\":400,\"height\":273,\"caption\":\"Business Colleagues Together Teamwork Working Office\"},{\"@type\":\"BreadcrumbList\",\"@id\":\"https:\/\/dev.antudigital.cl\/sites\/vc\/se-abre-convocatoria-para-contratacion-de-profesionales-para-el-programa-valparaiso-creativo\/#breadcrumb\",\"itemListElement\":[{\"@type\":\"ListItem\",\"position\":1,\"name\":\"Home\",\"item\":\"https:\/\/dev.antudigital.cl\/sites\/vc\/\"},{\"@type\":\"ListItem\",\"position\":2,\"name\":\"Se abre convocatoria para contrataci\u00f3n de profesionales para el Programa Valpara\u00edso Creativo\"}]},{\"@type\":\"WebSite\",\"@id\":\"https:\/\/dev.antudigital.cl\/sites\/vc\/#website\",\"url\":\"https:\/\/dev.antudigital.cl\/sites\/vc\/\",\"name\":\"Valpara\u00ed\u00adso Creativo\",\"description\":\"\",\"potentialAction\":[{\"@type\":\"SearchAction\",\"target\":{\"@type\":\"EntryPoint\",\"urlTemplate\":\"https:\/\/dev.antudigital.cl\/sites\/vc\/?s={search_term_string}\"},\"query-input\":{\"@type\":\"PropertyValueSpecification\",\"valueRequired\":true,\"valueName\":\"search_term_string\"}}],\"inLanguage\":\"es\"},{\"@type\":\"Person\",\"@id\":\"\",\"url\":\"https:\/\/dev.antudigital.cl\/sites\/vc\/author\/\"}]}<\/script>\n<!-- \/ Yoast SEO plugin. -->","yoast_head_json":{"title":"Se abre convocatoria para contrataci\u00f3n de profesionales para el Programa Valpara\u00edso Creativo - Valpara\u00ed\u00adso Creativo","robots":{"index":"index","follow":"follow","max-snippet":"max-snippet:-1","max-image-preview":"max-image-preview:large","max-video-preview":"max-video-preview:-1"},"canonical":"https:\/\/dev.antudigital.cl\/sites\/vc\/se-abre-convocatoria-para-contratacion-de-profesionales-para-el-programa-valparaiso-creativo\/","og_locale":"es_ES","og_type":"article","og_title":"Se abre convocatoria para contrataci\u00f3n de profesionales para el Programa Valpara\u00edso Creativo - Valpara\u00ed\u00adso Creativo","og_description":"Para su segundo a\u00f1o de ejecuci\u00f3n, el programa estrat\u00e9gico Valpara\u00edso Ciudad Creativa, Sustentable e Innovadora est\u00e1 en b\u00fasqueda de profesionales para&nbsp;sumar a su equipo de trabajo para desempe\u00f1arse en los siguientes cargos: Gerente (bases t\u00e9cnicas) Ejecutivo T\u00e9cnico (bases t\u00e9cnicas) Encargado de Comunicaciones (bases t\u00e9cnicas) Tras su primer a\u00f1o de implementaci\u00f3n, el programa estrat\u00e9gico Valpara\u00edso Ciudad [&hellip;]","og_url":"https:\/\/dev.antudigital.cl\/sites\/vc\/se-abre-convocatoria-para-contratacion-de-profesionales-para-el-programa-valparaiso-creativo\/","og_site_name":"Valpara\u00ed\u00adso Creativo","article_published_time":"2018-02-06T17:48:48+00:00","og_image":[{"width":400,"height":273,"url":"https:\/\/dev.antudigital.cl\/sites\/vc\/wp-content\/uploads\/2018\/05\/pexels-photo-398532-1.jpeg","type":"image\/jpeg"}],"twitter_card":"summary_large_image","twitter_misc":{"Escrito por":"","Tiempo de lectura":"1 minuto"},"schema":{"@context":"https:\/\/schema.org","@graph":[{"@type":"Article","@id":"https:\/\/dev.antudigital.cl\/sites\/vc\/se-abre-convocatoria-para-contratacion-de-profesionales-para-el-programa-valparaiso-creativo\/#article","isPartOf":{"@id":"https:\/\/dev.antudigital.cl\/sites\/vc\/se-abre-convocatoria-para-contratacion-de-profesionales-para-el-programa-valparaiso-creativo\/"},"author":{"name":"","@id":""},"headline":"Se abre convocatoria para contrataci\u00f3n de profesionales para el Programa Valpara\u00edso Creativo","datePublished":"2018-02-06T17:48:48+00:00","mainEntityOfPage":{"@id":"https:\/\/dev.antudigital.cl\/sites\/vc\/se-abre-convocatoria-para-contratacion-de-profesionales-para-el-programa-valparaiso-creativo\/"},"wordCount":307,"image":{"@id":"https:\/\/dev.antudigital.cl\/sites\/vc\/se-abre-convocatoria-para-contratacion-de-profesionales-para-el-programa-valparaiso-creativo\/#primaryimage"},"thumbnailUrl":"https:\/\/dev.antudigital.cl\/sites\/vc\/wp-content\/uploads\/2018\/05\/pexels-photo-398532-1.jpeg","articleSection":["Licitacion","Noticia"],"inLanguage":"es"},{"@type":"WebPage","@id":"https:\/\/dev.antudigital.cl\/sites\/vc\/se-abre-convocatoria-para-contratacion-de-profesionales-para-el-programa-valparaiso-creativo\/","url":"https:\/\/dev.antudigital.cl\/sites\/vc\/se-abre-convocatoria-para-contratacion-de-profesionales-para-el-programa-valparaiso-creativo\/","name":"Se abre convocatoria para contrataci\u00f3n de profesionales para el Programa Valpara\u00edso Creativo - Valpara\u00ed\u00adso Creativo","isPartOf":{"@id":"https:\/\/dev.antudigital.cl\/sites\/vc\/#website"},"primaryImageOfPage":{"@id":"https:\/\/dev.antudigital.cl\/sites\/vc\/se-abre-convocatoria-para-contratacion-de-profesionales-para-el-programa-valparaiso-creativo\/#primaryimage"},"image":{"@id":"https:\/\/dev.antudigital.cl\/sites\/vc\/se-abre-convocatoria-para-contratacion-de-profesionales-para-el-programa-valparaiso-creativo\/#primaryimage"},"thumbnailUrl":"https:\/\/dev.antudigital.cl\/sites\/vc\/wp-content\/uploads\/2018\/05\/pexels-photo-398532-1.jpeg","datePublished":"2018-02-06T17:48:48+00:00","author":{"@id":""},"breadcrumb":{"@id":"https:\/\/dev.antudigital.cl\/sites\/vc\/se-abre-convocatoria-para-contratacion-de-profesionales-para-el-programa-valparaiso-creativo\/#breadcrumb"},"inLanguage":"es","potentialAction":[{"@type":"ReadAction","target":["https:\/\/dev.antudigital.cl\/sites\/vc\/se-abre-convocatoria-para-contratacion-de-profesionales-para-el-programa-valparaiso-creativo\/"]}]},{"@type":"ImageObject","inLanguage":"es","@id":"https:\/\/dev.antudigital.cl\/sites\/vc\/se-abre-convocatoria-para-contratacion-de-profesionales-para-el-programa-valparaiso-creativo\/#primaryimage","url":"https:\/\/dev.antudigital.cl\/sites\/vc\/wp-content\/uploads\/2018\/05\/pexels-photo-398532-1.jpeg","contentUrl":"https:\/\/dev.antudigital.cl\/sites\/vc\/wp-content\/uploads\/2018\/05\/pexels-photo-398532-1.jpeg","width":400,"height":273,"caption":"Business Colleagues Together Teamwork Working Office"},{"@type":"BreadcrumbList","@id":"https:\/\/dev.antudigital.cl\/sites\/vc\/se-abre-convocatoria-para-contratacion-de-profesionales-para-el-programa-valparaiso-creativo\/#breadcrumb","itemListElement":[{"@type":"ListItem","position":1,"name":"Home","item":"https:\/\/dev.antudigital.cl\/sites\/vc\/"},{"@type":"ListItem","position":2,"name":"Se abre convocatoria para contrataci\u00f3n de profesionales para el Programa Valpara\u00edso Creativo"}]},{"@type":"WebSite","@id":"https:\/\/dev.antudigital.cl\/sites\/vc\/#website","url":"https:\/\/dev.antudigital.cl\/sites\/vc\/","name":"Valpara\u00ed\u00adso Creativo","description":"","potentialAction":[{"@type":"SearchAction","target":{"@type":"EntryPoint","urlTemplate":"https:\/\/dev.antudigital.cl\/sites\/vc\/?s={search_term_string}"},"query-input":{"@type":"PropertyValueSpecification","valueRequired":true,"valueName":"search_term_string"}}],"inLanguage":"es"},{"@type":"Person","@id":"","url":"https:\/\/dev.antudigital.cl\/sites\/vc\/author\/"}]}},"_links":{"self":[{"href":"https:\/\/dev.antudigital.cl\/sites\/vc\/wp-json\/wp\/v2\/posts\/9298","targetHints":{"allow":["GET"]}}],"collection":[{"href":"https:\/\/dev.antudigital.cl\/sites\/vc\/wp-json\/wp\/v2\/posts"}],"about":[{"href":"https:\/\/dev.antudigital.cl\/sites\/vc\/wp-json\/wp\/v2\/types\/post"}],"author":[{"embeddable":true,"href":"https:\/\/dev.antudigital.cl\/sites\/vc\/wp-json\/wp\/v2\/users\/8"}],"replies":[{"embeddable":true,"href":"https:\/\/dev.antudigital.cl\/sites\/vc\/wp-json\/wp\/v2\/comments?post=9298"}],"version-history":[{"count":0,"href":"https:\/\/dev.antudigital.cl\/sites\/vc\/wp-json\/wp\/v2\/posts\/9298\/revisions"}],"wp:featuredmedia":[{"embeddable":true,"href":"https:\/\/dev.antudigital.cl\/sites\/vc\/wp-json\/wp\/v2\/media\/8937"}],"wp:attachment":[{"href":"https:\/\/dev.antudigital.cl\/sites\/vc\/wp-json\/wp\/v2\/media?parent=9298"}],"wp:term":[{"taxonomy":"category","embeddable":true,"href":"https:\/\/dev.antudigital.cl\/sites\/vc\/wp-json\/wp\/v2\/categories?post=9298"},{"taxonomy":"post_tag","embeddable":true,"href":"https:\/\/dev.antudigital.cl\/sites\/vc\/wp-json\/wp\/v2\/tags?post=9298"}],"curies":[{"name":"wp","href":"https:\/\/api.w.org\/{rel}","templated":true}]}}