{"id":9313,"date":"2017-01-23T08:41:28","date_gmt":"2017-01-23T08:41:28","guid":{"rendered":"http:\/\/www.valparaisocreativo.cl\/?p=1752"},"modified":"2017-01-23T08:41:28","modified_gmt":"2017-01-23T08:41:28","slug":"conversatorio-colaboracion-y-escalamiento-productivo","status":"publish","type":"post","link":"https:\/\/dev.antudigital.cl\/sites\/vc\/conversatorio-colaboracion-y-escalamiento-productivo\/","title":{"rendered":"CONVERSATORIO &#8211; COLABORACI\u00d3N Y ESCALAMIENTO PRODUCTIVO"},"content":{"rendered":"<p>El d\u00eda 20 de Enero co-organizamos junto a&nbsp;PASARELA VALPARAISO, un conversatorio junto con nuestros talentos regionales sobre la tem\u00e1tica&nbsp;\u00abColaboraci\u00f3n y Escalamiento Productivo\u00bb, la din\u00e1mica&nbsp;fue moderada por Vivian Urmeneta (directora carrera de Dise\u00f1o de Vestuario del DUOC UC Vi\u00f1a del Mar), participando los siguientes exponentes:<\/p>\n<ul>\n<li>Pitti Palacios (Dise\u00f1adora).<\/li>\n<li>Francisco Mu\u00f1oz (Gerente L\u00ednea San Marino Knitwear).<\/li>\n<li>Eduardo Qui\u00f1ones (Productor Mantas Huasas).<\/li>\n<li>Karen Lein (Gerente Matriz Moda).<\/li>\n<li>Ana Mar\u00eda Perez (Due\u00f1a Carteras Batista).<\/li>\n<li>Lily Saez (Dise\u00f1adora).<\/li>\n<li>Crist\u00f3bal Almagi\u00e0 (Valpara\u00edso Creativo).<\/li>\n<\/ul>\n<p>&nbsp;<\/p>\n<p>Con una nutrida asistencia se discutieron diversos mecanismos de colaboraci\u00f3n para el sector del dise\u00f1o y producci\u00f3n asociado a la moda abriendo posibilidades para su desarrollo econ\u00f3mico, impacto social y potenciamiento del valor simb\u00f3lico del dise\u00f1o.<\/p>\n<p>&nbsp;<\/p>\n<figure id=\"attachment_1778\" aria-describedby=\"caption-attachment-1778\" style=\"width: 300px\" class=\"wp-caption alignleft\"><a href=\"http:\/\/www.valparaisocreativo.cl\/wp-content\/uploads\/2017\/01\/IMG_7223.jpg\"><img fetchpriority=\"high\" decoding=\"async\" class=\"size-medium wp-image-1778\" src=\"http:\/\/www.valparaisocreativo.cl\/wp-content\/uploads\/2017\/01\/IMG_7223-300x225.jpg\" alt=\"Agradecimientos: Sebasti\u00e1n Oyarce F. Duoc UC\" width=\"300\" height=\"225\"><\/a><figcaption id=\"caption-attachment-1778\" class=\"wp-caption-text\">Fotografia: Sebasti\u00e1n Oyarce F. Duoc UC<\/figcaption><\/figure>\n","protected":false},"excerpt":{"rendered":"<p>El d\u00eda 20 de Enero co-organizamos junto a&nbsp;PASARELA VALPARAISO, un conversatorio junto con nuestros talentos regionales sobre la tem\u00e1tica&nbsp;\u00abColaboraci\u00f3n y Escalamiento Productivo\u00bb, la din\u00e1mica&nbsp;fue moderada por Vivian Urmeneta (directora carrera de Dise\u00f1o de Vestuario del DUOC UC Vi\u00f1a del Mar), participando los siguientes exponentes: Pitti Palacios (Dise\u00f1adora). Francisco Mu\u00f1oz (Gerente L\u00ednea San Marino Knitwear). Eduardo [&hellip;]<\/p>\n","protected":false},"author":8,"featured_media":9314,"comment_status":"open","ping_status":"closed","sticky":false,"template":"","format":"standard","meta":{"_acf_changed":false,"footnotes":""},"categories":[8],"tags":[],"class_list":["post-9313","post","type-post","status-publish","format-standard","has-post-thumbnail","hentry","category-noticia"],"acf":[],"yoast_head":"<!-- This site is optimized with the Yoast SEO plugin v27.1.1 - https:\/\/yoast.com\/product\/yoast-seo-wordpress\/ -->\n<title>CONVERSATORIO - COLABORACI\u00d3N Y ESCALAMIENTO PRODUCTIVO - Valpara\u00ed\u00adso Creativo<\/title>\n<meta name=\"robots\" content=\"index, follow, max-snippet:-1, max-image-preview:large, max-video-preview:-1\" \/>\n<link rel=\"canonical\" href=\"https:\/\/dev.antudigital.cl\/sites\/vc\/conversatorio-colaboracion-y-escalamiento-productivo\/\" \/>\n<meta property=\"og:locale\" content=\"es_ES\" \/>\n<meta property=\"og:type\" content=\"article\" \/>\n<meta property=\"og:title\" content=\"CONVERSATORIO - COLABORACI\u00d3N Y ESCALAMIENTO PRODUCTIVO - Valpara\u00ed\u00adso Creativo\" \/>\n<meta property=\"og:description\" content=\"El d\u00eda 20 de Enero co-organizamos junto a&nbsp;PASARELA VALPARAISO, un conversatorio junto con nuestros talentos regionales sobre la tem\u00e1tica&nbsp;\u00abColaboraci\u00f3n y Escalamiento Productivo\u00bb, la din\u00e1mica&nbsp;fue moderada por Vivian Urmeneta (directora carrera de Dise\u00f1o de Vestuario del DUOC UC Vi\u00f1a del Mar), participando los siguientes exponentes: Pitti Palacios (Dise\u00f1adora). Francisco Mu\u00f1oz (Gerente L\u00ednea San Marino Knitwear). Eduardo [&hellip;]\" \/>\n<meta property=\"og:url\" content=\"https:\/\/dev.antudigital.cl\/sites\/vc\/conversatorio-colaboracion-y-escalamiento-productivo\/\" \/>\n<meta property=\"og:site_name\" content=\"Valpara\u00ed\u00adso Creativo\" \/>\n<meta property=\"article:published_time\" content=\"2017-01-23T08:41:28+00:00\" \/>\n<meta property=\"og:image\" content=\"https:\/\/dev.antudigital.cl\/sites\/vc\/wp-content\/uploads\/2017\/01\/IMG_2900-scaled.jpg\" \/>\n\t<meta property=\"og:image:width\" content=\"2560\" \/>\n\t<meta property=\"og:image:height\" content=\"553\" \/>\n\t<meta property=\"og:image:type\" content=\"image\/jpeg\" \/>\n<meta name=\"twitter:card\" content=\"summary_large_image\" \/>\n<meta name=\"twitter:label1\" content=\"Escrito por\" \/>\n\t<meta name=\"twitter:data1\" content=\"\" \/>\n\t<meta name=\"twitter:label2\" content=\"Tiempo de lectura\" \/>\n\t<meta name=\"twitter:data2\" content=\"1 minuto\" \/>\n<script type=\"application\/ld+json\" class=\"yoast-schema-graph\">{\"@context\":\"https:\/\/schema.org\",\"@graph\":[{\"@type\":\"Article\",\"@id\":\"https:\/\/dev.antudigital.cl\/sites\/vc\/conversatorio-colaboracion-y-escalamiento-productivo\/#article\",\"isPartOf\":{\"@id\":\"https:\/\/dev.antudigital.cl\/sites\/vc\/conversatorio-colaboracion-y-escalamiento-productivo\/\"},\"author\":{\"name\":\"\",\"@id\":\"\"},\"headline\":\"CONVERSATORIO &#8211; COLABORACI\u00d3N Y ESCALAMIENTO PRODUCTIVO\",\"datePublished\":\"2017-01-23T08:41:28+00:00\",\"mainEntityOfPage\":{\"@id\":\"https:\/\/dev.antudigital.cl\/sites\/vc\/conversatorio-colaboracion-y-escalamiento-productivo\/\"},\"wordCount\":162,\"commentCount\":0,\"image\":{\"@id\":\"https:\/\/dev.antudigital.cl\/sites\/vc\/conversatorio-colaboracion-y-escalamiento-productivo\/#primaryimage\"},\"thumbnailUrl\":\"https:\/\/dev.antudigital.cl\/sites\/vc\/wp-content\/uploads\/2017\/01\/IMG_2900-scaled.jpg\",\"articleSection\":[\"Noticia\"],\"inLanguage\":\"es\",\"potentialAction\":[{\"@type\":\"CommentAction\",\"name\":\"Comment\",\"target\":[\"https:\/\/dev.antudigital.cl\/sites\/vc\/conversatorio-colaboracion-y-escalamiento-productivo\/#respond\"]}]},{\"@type\":\"WebPage\",\"@id\":\"https:\/\/dev.antudigital.cl\/sites\/vc\/conversatorio-colaboracion-y-escalamiento-productivo\/\",\"url\":\"https:\/\/dev.antudigital.cl\/sites\/vc\/conversatorio-colaboracion-y-escalamiento-productivo\/\",\"name\":\"CONVERSATORIO - COLABORACI\u00d3N Y ESCALAMIENTO PRODUCTIVO - Valpara\u00ed\u00adso Creativo\",\"isPartOf\":{\"@id\":\"https:\/\/dev.antudigital.cl\/sites\/vc\/#website\"},\"primaryImageOfPage\":{\"@id\":\"https:\/\/dev.antudigital.cl\/sites\/vc\/conversatorio-colaboracion-y-escalamiento-productivo\/#primaryimage\"},\"image\":{\"@id\":\"https:\/\/dev.antudigital.cl\/sites\/vc\/conversatorio-colaboracion-y-escalamiento-productivo\/#primaryimage\"},\"thumbnailUrl\":\"https:\/\/dev.antudigital.cl\/sites\/vc\/wp-content\/uploads\/2017\/01\/IMG_2900-scaled.jpg\",\"datePublished\":\"2017-01-23T08:41:28+00:00\",\"author\":{\"@id\":\"\"},\"breadcrumb\":{\"@id\":\"https:\/\/dev.antudigital.cl\/sites\/vc\/conversatorio-colaboracion-y-escalamiento-productivo\/#breadcrumb\"},\"inLanguage\":\"es\",\"potentialAction\":[{\"@type\":\"ReadAction\",\"target\":[\"https:\/\/dev.antudigital.cl\/sites\/vc\/conversatorio-colaboracion-y-escalamiento-productivo\/\"]}]},{\"@type\":\"ImageObject\",\"inLanguage\":\"es\",\"@id\":\"https:\/\/dev.antudigital.cl\/sites\/vc\/conversatorio-colaboracion-y-escalamiento-productivo\/#primaryimage\",\"url\":\"https:\/\/dev.antudigital.cl\/sites\/vc\/wp-content\/uploads\/2017\/01\/IMG_2900-scaled.jpg\",\"contentUrl\":\"https:\/\/dev.antudigital.cl\/sites\/vc\/wp-content\/uploads\/2017\/01\/IMG_2900-scaled.jpg\",\"width\":2560,\"height\":553},{\"@type\":\"BreadcrumbList\",\"@id\":\"https:\/\/dev.antudigital.cl\/sites\/vc\/conversatorio-colaboracion-y-escalamiento-productivo\/#breadcrumb\",\"itemListElement\":[{\"@type\":\"ListItem\",\"position\":1,\"name\":\"Home\",\"item\":\"https:\/\/dev.antudigital.cl\/sites\/vc\/\"},{\"@type\":\"ListItem\",\"position\":2,\"name\":\"CONVERSATORIO &#8211; COLABORACI\u00d3N Y ESCALAMIENTO PRODUCTIVO\"}]},{\"@type\":\"WebSite\",\"@id\":\"https:\/\/dev.antudigital.cl\/sites\/vc\/#website\",\"url\":\"https:\/\/dev.antudigital.cl\/sites\/vc\/\",\"name\":\"Valpara\u00ed\u00adso Creativo\",\"description\":\"\",\"potentialAction\":[{\"@type\":\"SearchAction\",\"target\":{\"@type\":\"EntryPoint\",\"urlTemplate\":\"https:\/\/dev.antudigital.cl\/sites\/vc\/?s={search_term_string}\"},\"query-input\":{\"@type\":\"PropertyValueSpecification\",\"valueRequired\":true,\"valueName\":\"search_term_string\"}}],\"inLanguage\":\"es\"},{\"@type\":\"Person\",\"@id\":\"\",\"url\":\"https:\/\/dev.antudigital.cl\/sites\/vc\/author\/\"}]}<\/script>\n<!-- \/ Yoast SEO plugin. -->","yoast_head_json":{"title":"CONVERSATORIO - COLABORACI\u00d3N Y ESCALAMIENTO PRODUCTIVO - Valpara\u00ed\u00adso Creativo","robots":{"index":"index","follow":"follow","max-snippet":"max-snippet:-1","max-image-preview":"max-image-preview:large","max-video-preview":"max-video-preview:-1"},"canonical":"https:\/\/dev.antudigital.cl\/sites\/vc\/conversatorio-colaboracion-y-escalamiento-productivo\/","og_locale":"es_ES","og_type":"article","og_title":"CONVERSATORIO - COLABORACI\u00d3N Y ESCALAMIENTO PRODUCTIVO - Valpara\u00ed\u00adso Creativo","og_description":"El d\u00eda 20 de Enero co-organizamos junto a&nbsp;PASARELA VALPARAISO, un conversatorio junto con nuestros talentos regionales sobre la tem\u00e1tica&nbsp;\u00abColaboraci\u00f3n y Escalamiento Productivo\u00bb, la din\u00e1mica&nbsp;fue moderada por Vivian Urmeneta (directora carrera de Dise\u00f1o de Vestuario del DUOC UC Vi\u00f1a del Mar), participando los siguientes exponentes: Pitti Palacios (Dise\u00f1adora). Francisco Mu\u00f1oz (Gerente L\u00ednea San Marino Knitwear). Eduardo [&hellip;]","og_url":"https:\/\/dev.antudigital.cl\/sites\/vc\/conversatorio-colaboracion-y-escalamiento-productivo\/","og_site_name":"Valpara\u00ed\u00adso Creativo","article_published_time":"2017-01-23T08:41:28+00:00","og_image":[{"width":2560,"height":553,"url":"https:\/\/dev.antudigital.cl\/sites\/vc\/wp-content\/uploads\/2017\/01\/IMG_2900-scaled.jpg","type":"image\/jpeg"}],"twitter_card":"summary_large_image","twitter_misc":{"Escrito por":"","Tiempo de lectura":"1 minuto"},"schema":{"@context":"https:\/\/schema.org","@graph":[{"@type":"Article","@id":"https:\/\/dev.antudigital.cl\/sites\/vc\/conversatorio-colaboracion-y-escalamiento-productivo\/#article","isPartOf":{"@id":"https:\/\/dev.antudigital.cl\/sites\/vc\/conversatorio-colaboracion-y-escalamiento-productivo\/"},"author":{"name":"","@id":""},"headline":"CONVERSATORIO &#8211; COLABORACI\u00d3N Y ESCALAMIENTO PRODUCTIVO","datePublished":"2017-01-23T08:41:28+00:00","mainEntityOfPage":{"@id":"https:\/\/dev.antudigital.cl\/sites\/vc\/conversatorio-colaboracion-y-escalamiento-productivo\/"},"wordCount":162,"commentCount":0,"image":{"@id":"https:\/\/dev.antudigital.cl\/sites\/vc\/conversatorio-colaboracion-y-escalamiento-productivo\/#primaryimage"},"thumbnailUrl":"https:\/\/dev.antudigital.cl\/sites\/vc\/wp-content\/uploads\/2017\/01\/IMG_2900-scaled.jpg","articleSection":["Noticia"],"inLanguage":"es","potentialAction":[{"@type":"CommentAction","name":"Comment","target":["https:\/\/dev.antudigital.cl\/sites\/vc\/conversatorio-colaboracion-y-escalamiento-productivo\/#respond"]}]},{"@type":"WebPage","@id":"https:\/\/dev.antudigital.cl\/sites\/vc\/conversatorio-colaboracion-y-escalamiento-productivo\/","url":"https:\/\/dev.antudigital.cl\/sites\/vc\/conversatorio-colaboracion-y-escalamiento-productivo\/","name":"CONVERSATORIO - COLABORACI\u00d3N Y ESCALAMIENTO PRODUCTIVO - Valpara\u00ed\u00adso Creativo","isPartOf":{"@id":"https:\/\/dev.antudigital.cl\/sites\/vc\/#website"},"primaryImageOfPage":{"@id":"https:\/\/dev.antudigital.cl\/sites\/vc\/conversatorio-colaboracion-y-escalamiento-productivo\/#primaryimage"},"image":{"@id":"https:\/\/dev.antudigital.cl\/sites\/vc\/conversatorio-colaboracion-y-escalamiento-productivo\/#primaryimage"},"thumbnailUrl":"https:\/\/dev.antudigital.cl\/sites\/vc\/wp-content\/uploads\/2017\/01\/IMG_2900-scaled.jpg","datePublished":"2017-01-23T08:41:28+00:00","author":{"@id":""},"breadcrumb":{"@id":"https:\/\/dev.antudigital.cl\/sites\/vc\/conversatorio-colaboracion-y-escalamiento-productivo\/#breadcrumb"},"inLanguage":"es","potentialAction":[{"@type":"ReadAction","target":["https:\/\/dev.antudigital.cl\/sites\/vc\/conversatorio-colaboracion-y-escalamiento-productivo\/"]}]},{"@type":"ImageObject","inLanguage":"es","@id":"https:\/\/dev.antudigital.cl\/sites\/vc\/conversatorio-colaboracion-y-escalamiento-productivo\/#primaryimage","url":"https:\/\/dev.antudigital.cl\/sites\/vc\/wp-content\/uploads\/2017\/01\/IMG_2900-scaled.jpg","contentUrl":"https:\/\/dev.antudigital.cl\/sites\/vc\/wp-content\/uploads\/2017\/01\/IMG_2900-scaled.jpg","width":2560,"height":553},{"@type":"BreadcrumbList","@id":"https:\/\/dev.antudigital.cl\/sites\/vc\/conversatorio-colaboracion-y-escalamiento-productivo\/#breadcrumb","itemListElement":[{"@type":"ListItem","position":1,"name":"Home","item":"https:\/\/dev.antudigital.cl\/sites\/vc\/"},{"@type":"ListItem","position":2,"name":"CONVERSATORIO &#8211; COLABORACI\u00d3N Y ESCALAMIENTO PRODUCTIVO"}]},{"@type":"WebSite","@id":"https:\/\/dev.antudigital.cl\/sites\/vc\/#website","url":"https:\/\/dev.antudigital.cl\/sites\/vc\/","name":"Valpara\u00ed\u00adso Creativo","description":"","potentialAction":[{"@type":"SearchAction","target":{"@type":"EntryPoint","urlTemplate":"https:\/\/dev.antudigital.cl\/sites\/vc\/?s={search_term_string}"},"query-input":{"@type":"PropertyValueSpecification","valueRequired":true,"valueName":"search_term_string"}}],"inLanguage":"es"},{"@type":"Person","@id":"","url":"https:\/\/dev.antudigital.cl\/sites\/vc\/author\/"}]}},"_links":{"self":[{"href":"https:\/\/dev.antudigital.cl\/sites\/vc\/wp-json\/wp\/v2\/posts\/9313","targetHints":{"allow":["GET"]}}],"collection":[{"href":"https:\/\/dev.antudigital.cl\/sites\/vc\/wp-json\/wp\/v2\/posts"}],"about":[{"href":"https:\/\/dev.antudigital.cl\/sites\/vc\/wp-json\/wp\/v2\/types\/post"}],"author":[{"embeddable":true,"href":"https:\/\/dev.antudigital.cl\/sites\/vc\/wp-json\/wp\/v2\/users\/8"}],"replies":[{"embeddable":true,"href":"https:\/\/dev.antudigital.cl\/sites\/vc\/wp-json\/wp\/v2\/comments?post=9313"}],"version-history":[{"count":0,"href":"https:\/\/dev.antudigital.cl\/sites\/vc\/wp-json\/wp\/v2\/posts\/9313\/revisions"}],"wp:featuredmedia":[{"embeddable":true,"href":"https:\/\/dev.antudigital.cl\/sites\/vc\/wp-json\/wp\/v2\/media\/9314"}],"wp:attachment":[{"href":"https:\/\/dev.antudigital.cl\/sites\/vc\/wp-json\/wp\/v2\/media?parent=9313"}],"wp:term":[{"taxonomy":"category","embeddable":true,"href":"https:\/\/dev.antudigital.cl\/sites\/vc\/wp-json\/wp\/v2\/categories?post=9313"},{"taxonomy":"post_tag","embeddable":true,"href":"https:\/\/dev.antudigital.cl\/sites\/vc\/wp-json\/wp\/v2\/tags?post=9313"}],"curies":[{"name":"wp","href":"https:\/\/api.w.org\/{rel}","templated":true}]}}