{"id":9315,"date":"2017-01-18T16:42:38","date_gmt":"2017-01-18T16:42:38","guid":{"rendered":"http:\/\/www.valparaisocreativo.cl\/?p=1737"},"modified":"2017-01-18T16:42:38","modified_gmt":"2017-01-18T16:42:38","slug":"abierta-convocatoria-contratacion-equipo-de-trabajo","status":"publish","type":"post","link":"https:\/\/dev.antudigital.cl\/sites\/vc\/abierta-convocatoria-contratacion-equipo-de-trabajo\/","title":{"rendered":"ABIERTA CONVOCATORIA CONTRATACI\u00d3N EQUIPO DE TRABAJO"},"content":{"rendered":"<p>ABIERTA CONVOCATORIA CONTRATACI\u00d3N EQUIPO DE TRABAJO<\/p>\n<p>Entre el 18 de Enero y el 10 de Febrero a las 12:00hrs (medio d\u00eda), se encontrar\u00e1 abierta nuestra convocatoria para la b\u00fasqueda de los 4 coordinadores que conformar\u00e1n el equipo de trabajo del programa.Las principales funciones a desarrollar por los coordinadores corresponden a:<\/p>\n<div class=\"page\" title=\"Page 1\">\n<div class=\"layoutArea\">\n<div class=\"column\">\n<ol>\n<li>Articular proyectos de fortalecimiento de los sectores de la Economi\u0301a Creativa (tecnologi\u0301a, audiovisual, patrimonio urbano, arquitectura, videojuegos, disen\u0303o-moda, mu\u0301sica, festivales, entre otros), considerando el apalancamiento de recursos disponibles para el sector.<\/li>\n<li>Apoyar la gestio\u0301n del plan de actividades del programa incluyendo a\u0301mbitos administrativos, de difusio\u0301n y produccio\u0301n.<\/li>\n<li>Coordinarlasdina\u0301micasdetrabajoqueserealizanalinteriordeloscomite\u0301s gestores: Internacionalizacio\u0301n;\u037e Desafi\u0301os y Polos;\u037e Patrimonio Urbano;\u037e Sostenibilidad.<\/li>\n<\/ol>\n<p>Los coordinadores debera\u0301n presentar autonomi\u0301a en la articulacio\u0301n de proyectos, sensibilidad con el entorno y con la comunidad. Con capacidad de comunicacio\u0301n y de convocar y unir actores. Deseable dominio de metodologi\u0301as de trabajo para procesos participativos, y conocimientos te\u0301cnicos de acuerdo a los comite\u0301s gestores a apoyar.<\/p>\n<\/div>\n<p>DESCARGA LAS BASES DE POSTULACI\u00d3N\u00a0EN SECCI\u00d3N DOCUMENTOS DE INTER\u00c9S<\/p>\n<\/div>\n<\/div>\n","protected":false},"excerpt":{"rendered":"<p>ABIERTA CONVOCATORIA CONTRATACI\u00d3N EQUIPO DE TRABAJO Entre el 18 de Enero y el 10 de Febrero a las 12:00hrs (medio d\u00eda), se encontrar\u00e1 abierta nuestra convocatoria para la b\u00fasqueda de los 4 coordinadores que conformar\u00e1n el equipo de trabajo del programa.Las principales funciones a desarrollar por los coordinadores corresponden a: Articular proyectos de fortalecimiento de [&hellip;]<\/p>\n","protected":false},"author":8,"featured_media":1452,"comment_status":"open","ping_status":"closed","sticky":false,"template":"","format":"standard","meta":{"_acf_changed":false,"footnotes":""},"categories":[8],"tags":[],"class_list":["post-9315","post","type-post","status-publish","format-standard","has-post-thumbnail","hentry","category-noticia"],"acf":[],"yoast_head":"<!-- This site is optimized with the Yoast SEO plugin v27.1.1 - https:\/\/yoast.com\/product\/yoast-seo-wordpress\/ -->\n<title>ABIERTA CONVOCATORIA CONTRATACI\u00d3N EQUIPO DE TRABAJO - Valpara\u00ed\u00adso Creativo<\/title>\n<meta name=\"robots\" content=\"index, follow, max-snippet:-1, max-image-preview:large, max-video-preview:-1\" \/>\n<link rel=\"canonical\" href=\"https:\/\/dev.antudigital.cl\/sites\/vc\/abierta-convocatoria-contratacion-equipo-de-trabajo\/\" \/>\n<meta property=\"og:locale\" content=\"es_ES\" \/>\n<meta property=\"og:type\" content=\"article\" \/>\n<meta property=\"og:title\" content=\"ABIERTA CONVOCATORIA CONTRATACI\u00d3N EQUIPO DE TRABAJO - Valpara\u00ed\u00adso Creativo\" \/>\n<meta property=\"og:description\" content=\"ABIERTA CONVOCATORIA CONTRATACI\u00d3N EQUIPO DE TRABAJO Entre el 18 de Enero y el 10 de Febrero a las 12:00hrs (medio d\u00eda), se encontrar\u00e1 abierta nuestra convocatoria para la b\u00fasqueda de los 4 coordinadores que conformar\u00e1n el equipo de trabajo del programa.Las principales funciones a desarrollar por los coordinadores corresponden a: Articular proyectos de fortalecimiento de [&hellip;]\" \/>\n<meta property=\"og:url\" content=\"https:\/\/dev.antudigital.cl\/sites\/vc\/abierta-convocatoria-contratacion-equipo-de-trabajo\/\" \/>\n<meta property=\"og:site_name\" content=\"Valpara\u00ed\u00adso Creativo\" \/>\n<meta property=\"article:published_time\" content=\"2017-01-18T16:42:38+00:00\" \/>\n<meta name=\"twitter:card\" content=\"summary_large_image\" \/>\n<meta name=\"twitter:label1\" content=\"Escrito por\" \/>\n\t<meta name=\"twitter:data1\" content=\"\" \/>\n\t<meta name=\"twitter:label2\" content=\"Tiempo de lectura\" \/>\n\t<meta name=\"twitter:data2\" content=\"1 minuto\" \/>\n<script type=\"application\/ld+json\" class=\"yoast-schema-graph\">{\"@context\":\"https:\/\/schema.org\",\"@graph\":[{\"@type\":\"Article\",\"@id\":\"https:\/\/dev.antudigital.cl\/sites\/vc\/abierta-convocatoria-contratacion-equipo-de-trabajo\/#article\",\"isPartOf\":{\"@id\":\"https:\/\/dev.antudigital.cl\/sites\/vc\/abierta-convocatoria-contratacion-equipo-de-trabajo\/\"},\"author\":{\"name\":\"\",\"@id\":\"\"},\"headline\":\"ABIERTA CONVOCATORIA CONTRATACI\u00d3N EQUIPO DE TRABAJO\",\"datePublished\":\"2017-01-18T16:42:38+00:00\",\"mainEntityOfPage\":{\"@id\":\"https:\/\/dev.antudigital.cl\/sites\/vc\/abierta-convocatoria-contratacion-equipo-de-trabajo\/\"},\"wordCount\":195,\"commentCount\":0,\"image\":{\"@id\":\"https:\/\/dev.antudigital.cl\/sites\/vc\/abierta-convocatoria-contratacion-equipo-de-trabajo\/#primaryimage\"},\"thumbnailUrl\":\"\",\"articleSection\":[\"Noticia\"],\"inLanguage\":\"es\",\"potentialAction\":[{\"@type\":\"CommentAction\",\"name\":\"Comment\",\"target\":[\"https:\/\/dev.antudigital.cl\/sites\/vc\/abierta-convocatoria-contratacion-equipo-de-trabajo\/#respond\"]}]},{\"@type\":\"WebPage\",\"@id\":\"https:\/\/dev.antudigital.cl\/sites\/vc\/abierta-convocatoria-contratacion-equipo-de-trabajo\/\",\"url\":\"https:\/\/dev.antudigital.cl\/sites\/vc\/abierta-convocatoria-contratacion-equipo-de-trabajo\/\",\"name\":\"ABIERTA CONVOCATORIA CONTRATACI\u00d3N EQUIPO DE TRABAJO - Valpara\u00ed\u00adso Creativo\",\"isPartOf\":{\"@id\":\"https:\/\/dev.antudigital.cl\/sites\/vc\/#website\"},\"primaryImageOfPage\":{\"@id\":\"https:\/\/dev.antudigital.cl\/sites\/vc\/abierta-convocatoria-contratacion-equipo-de-trabajo\/#primaryimage\"},\"image\":{\"@id\":\"https:\/\/dev.antudigital.cl\/sites\/vc\/abierta-convocatoria-contratacion-equipo-de-trabajo\/#primaryimage\"},\"thumbnailUrl\":\"\",\"datePublished\":\"2017-01-18T16:42:38+00:00\",\"author\":{\"@id\":\"\"},\"breadcrumb\":{\"@id\":\"https:\/\/dev.antudigital.cl\/sites\/vc\/abierta-convocatoria-contratacion-equipo-de-trabajo\/#breadcrumb\"},\"inLanguage\":\"es\",\"potentialAction\":[{\"@type\":\"ReadAction\",\"target\":[\"https:\/\/dev.antudigital.cl\/sites\/vc\/abierta-convocatoria-contratacion-equipo-de-trabajo\/\"]}]},{\"@type\":\"ImageObject\",\"inLanguage\":\"es\",\"@id\":\"https:\/\/dev.antudigital.cl\/sites\/vc\/abierta-convocatoria-contratacion-equipo-de-trabajo\/#primaryimage\",\"url\":\"\",\"contentUrl\":\"\"},{\"@type\":\"BreadcrumbList\",\"@id\":\"https:\/\/dev.antudigital.cl\/sites\/vc\/abierta-convocatoria-contratacion-equipo-de-trabajo\/#breadcrumb\",\"itemListElement\":[{\"@type\":\"ListItem\",\"position\":1,\"name\":\"Home\",\"item\":\"https:\/\/dev.antudigital.cl\/sites\/vc\/\"},{\"@type\":\"ListItem\",\"position\":2,\"name\":\"ABIERTA CONVOCATORIA CONTRATACI\u00d3N EQUIPO DE TRABAJO\"}]},{\"@type\":\"WebSite\",\"@id\":\"https:\/\/dev.antudigital.cl\/sites\/vc\/#website\",\"url\":\"https:\/\/dev.antudigital.cl\/sites\/vc\/\",\"name\":\"Valpara\u00ed\u00adso Creativo\",\"description\":\"\",\"potentialAction\":[{\"@type\":\"SearchAction\",\"target\":{\"@type\":\"EntryPoint\",\"urlTemplate\":\"https:\/\/dev.antudigital.cl\/sites\/vc\/?s={search_term_string}\"},\"query-input\":{\"@type\":\"PropertyValueSpecification\",\"valueRequired\":true,\"valueName\":\"search_term_string\"}}],\"inLanguage\":\"es\"},{\"@type\":\"Person\",\"@id\":\"\",\"url\":\"https:\/\/dev.antudigital.cl\/sites\/vc\/author\/\"}]}<\/script>\n<!-- \/ Yoast SEO plugin. -->","yoast_head_json":{"title":"ABIERTA CONVOCATORIA CONTRATACI\u00d3N EQUIPO DE TRABAJO - Valpara\u00ed\u00adso Creativo","robots":{"index":"index","follow":"follow","max-snippet":"max-snippet:-1","max-image-preview":"max-image-preview:large","max-video-preview":"max-video-preview:-1"},"canonical":"https:\/\/dev.antudigital.cl\/sites\/vc\/abierta-convocatoria-contratacion-equipo-de-trabajo\/","og_locale":"es_ES","og_type":"article","og_title":"ABIERTA CONVOCATORIA CONTRATACI\u00d3N EQUIPO DE TRABAJO - Valpara\u00ed\u00adso Creativo","og_description":"ABIERTA CONVOCATORIA CONTRATACI\u00d3N EQUIPO DE TRABAJO Entre el 18 de Enero y el 10 de Febrero a las 12:00hrs (medio d\u00eda), se encontrar\u00e1 abierta nuestra convocatoria para la b\u00fasqueda de los 4 coordinadores que conformar\u00e1n el equipo de trabajo del programa.Las principales funciones a desarrollar por los coordinadores corresponden a: Articular proyectos de fortalecimiento de [&hellip;]","og_url":"https:\/\/dev.antudigital.cl\/sites\/vc\/abierta-convocatoria-contratacion-equipo-de-trabajo\/","og_site_name":"Valpara\u00ed\u00adso Creativo","article_published_time":"2017-01-18T16:42:38+00:00","twitter_card":"summary_large_image","twitter_misc":{"Escrito por":"","Tiempo de lectura":"1 minuto"},"schema":{"@context":"https:\/\/schema.org","@graph":[{"@type":"Article","@id":"https:\/\/dev.antudigital.cl\/sites\/vc\/abierta-convocatoria-contratacion-equipo-de-trabajo\/#article","isPartOf":{"@id":"https:\/\/dev.antudigital.cl\/sites\/vc\/abierta-convocatoria-contratacion-equipo-de-trabajo\/"},"author":{"name":"","@id":""},"headline":"ABIERTA CONVOCATORIA CONTRATACI\u00d3N EQUIPO DE TRABAJO","datePublished":"2017-01-18T16:42:38+00:00","mainEntityOfPage":{"@id":"https:\/\/dev.antudigital.cl\/sites\/vc\/abierta-convocatoria-contratacion-equipo-de-trabajo\/"},"wordCount":195,"commentCount":0,"image":{"@id":"https:\/\/dev.antudigital.cl\/sites\/vc\/abierta-convocatoria-contratacion-equipo-de-trabajo\/#primaryimage"},"thumbnailUrl":"","articleSection":["Noticia"],"inLanguage":"es","potentialAction":[{"@type":"CommentAction","name":"Comment","target":["https:\/\/dev.antudigital.cl\/sites\/vc\/abierta-convocatoria-contratacion-equipo-de-trabajo\/#respond"]}]},{"@type":"WebPage","@id":"https:\/\/dev.antudigital.cl\/sites\/vc\/abierta-convocatoria-contratacion-equipo-de-trabajo\/","url":"https:\/\/dev.antudigital.cl\/sites\/vc\/abierta-convocatoria-contratacion-equipo-de-trabajo\/","name":"ABIERTA CONVOCATORIA CONTRATACI\u00d3N EQUIPO DE TRABAJO - Valpara\u00ed\u00adso Creativo","isPartOf":{"@id":"https:\/\/dev.antudigital.cl\/sites\/vc\/#website"},"primaryImageOfPage":{"@id":"https:\/\/dev.antudigital.cl\/sites\/vc\/abierta-convocatoria-contratacion-equipo-de-trabajo\/#primaryimage"},"image":{"@id":"https:\/\/dev.antudigital.cl\/sites\/vc\/abierta-convocatoria-contratacion-equipo-de-trabajo\/#primaryimage"},"thumbnailUrl":"","datePublished":"2017-01-18T16:42:38+00:00","author":{"@id":""},"breadcrumb":{"@id":"https:\/\/dev.antudigital.cl\/sites\/vc\/abierta-convocatoria-contratacion-equipo-de-trabajo\/#breadcrumb"},"inLanguage":"es","potentialAction":[{"@type":"ReadAction","target":["https:\/\/dev.antudigital.cl\/sites\/vc\/abierta-convocatoria-contratacion-equipo-de-trabajo\/"]}]},{"@type":"ImageObject","inLanguage":"es","@id":"https:\/\/dev.antudigital.cl\/sites\/vc\/abierta-convocatoria-contratacion-equipo-de-trabajo\/#primaryimage","url":"","contentUrl":""},{"@type":"BreadcrumbList","@id":"https:\/\/dev.antudigital.cl\/sites\/vc\/abierta-convocatoria-contratacion-equipo-de-trabajo\/#breadcrumb","itemListElement":[{"@type":"ListItem","position":1,"name":"Home","item":"https:\/\/dev.antudigital.cl\/sites\/vc\/"},{"@type":"ListItem","position":2,"name":"ABIERTA CONVOCATORIA CONTRATACI\u00d3N EQUIPO DE TRABAJO"}]},{"@type":"WebSite","@id":"https:\/\/dev.antudigital.cl\/sites\/vc\/#website","url":"https:\/\/dev.antudigital.cl\/sites\/vc\/","name":"Valpara\u00ed\u00adso Creativo","description":"","potentialAction":[{"@type":"SearchAction","target":{"@type":"EntryPoint","urlTemplate":"https:\/\/dev.antudigital.cl\/sites\/vc\/?s={search_term_string}"},"query-input":{"@type":"PropertyValueSpecification","valueRequired":true,"valueName":"search_term_string"}}],"inLanguage":"es"},{"@type":"Person","@id":"","url":"https:\/\/dev.antudigital.cl\/sites\/vc\/author\/"}]}},"_links":{"self":[{"href":"https:\/\/dev.antudigital.cl\/sites\/vc\/wp-json\/wp\/v2\/posts\/9315","targetHints":{"allow":["GET"]}}],"collection":[{"href":"https:\/\/dev.antudigital.cl\/sites\/vc\/wp-json\/wp\/v2\/posts"}],"about":[{"href":"https:\/\/dev.antudigital.cl\/sites\/vc\/wp-json\/wp\/v2\/types\/post"}],"author":[{"embeddable":true,"href":"https:\/\/dev.antudigital.cl\/sites\/vc\/wp-json\/wp\/v2\/users\/8"}],"replies":[{"embeddable":true,"href":"https:\/\/dev.antudigital.cl\/sites\/vc\/wp-json\/wp\/v2\/comments?post=9315"}],"version-history":[{"count":0,"href":"https:\/\/dev.antudigital.cl\/sites\/vc\/wp-json\/wp\/v2\/posts\/9315\/revisions"}],"wp:featuredmedia":[{"embeddable":true,"href":"https:\/\/dev.antudigital.cl\/sites\/vc\/wp-json\/"}],"wp:attachment":[{"href":"https:\/\/dev.antudigital.cl\/sites\/vc\/wp-json\/wp\/v2\/media?parent=9315"}],"wp:term":[{"taxonomy":"category","embeddable":true,"href":"https:\/\/dev.antudigital.cl\/sites\/vc\/wp-json\/wp\/v2\/categories?post=9315"},{"taxonomy":"post_tag","embeddable":true,"href":"https:\/\/dev.antudigital.cl\/sites\/vc\/wp-json\/wp\/v2\/tags?post=9315"}],"curies":[{"name":"wp","href":"https:\/\/api.w.org\/{rel}","templated":true}]}}