{"id":9340,"date":"2021-02-26T18:15:10","date_gmt":"2021-02-26T18:15:10","guid":{"rendered":"https:\/\/www.valparaisocreativo.cl\/?p=6017"},"modified":"2021-02-26T18:15:10","modified_gmt":"2021-02-26T18:15:10","slug":"academia-no-lineal-herramientas-digitales-al-servicio-de-la-musica","status":"publish","type":"post","link":"https:\/\/dev.antudigital.cl\/sites\/vc\/academia-no-lineal-herramientas-digitales-al-servicio-de-la-musica\/","title":{"rendered":"Academia No Lineal: herramientas digitales al servicio de la m\u00fasica"},"content":{"rendered":"<p><a href=\"https:\/\/www.facebook.com\/academia.nolineal.cl\">No Lineal<\/a> es el proyecto de Sebasti\u00e1n Leiva, Ren\u00e9 Sierra y Nicol\u00e1s Garc\u00eda, tres amigos que buscaron una soluci\u00f3n a sus propias necesidades. Conversamos con ellos sobre el mundo cultural, la gesti\u00f3n musical y los contenidos de su propuesta.<\/p>\n<p><b>&#8211; \u00bfC\u00f3mo surge el proyecto y de qu\u00e9 manera lo comenzaron a levantar para llevar a ejecuci\u00f3n?<\/b><\/p>\n<p>-Nace desde la necesidad de seguir activos durante la completa detenci\u00f3n de la ciudad en cuarentena. Sin poder salir, producir eventos o reunirse con personas. Empezamos a notar una necesidad generalizada en las personas a mantenerse activos desde la casa, entonces comenzamos a organizar algunos talleres relacionados al uso de softwares de creaci\u00f3n musical, mezcla de m\u00fasica (dj), creaci\u00f3n de visuales, siempre orientado a una comunidad de gestores (as) autodidactas relacionados (as) principalmente a la m\u00fasica, comunidad que fue encontrando el tiempo y el espacio para aprender nuevas t\u00e9cnicas que enriquecen sus procesos creativos.<\/p>\n<p>&nbsp;<\/p>\n<p><b>&#8211; \u00bfCu\u00e1l es el rol de cada uno de ustedes en No Lineal?<\/b><\/p>\n<p>-Sebasti\u00e1n est\u00e1 a cargo de realizar una \u00abcurator\u00eda acad\u00e9mica\u00bb, entrevistando a las personas que lideran los talleres y cursos de la Academia. Ren\u00e9 trabaja en crear estrategias de marketing y en la direcci\u00f3n audiovisual de los productos.\u00a0 Y Nicol\u00e1s trabaja en las ventas y finanzas de la empresa, adem\u00e1s de apoyar las labores audiovisuales y t\u00e9cnicas que requiera el proyecto.<\/p>\n<p>&nbsp;<\/p>\n<p><b>&#8211; \u00bfDe qu\u00e9 manera ustedes (cada uno) comenzaron a vincularse con la m\u00fasica? Es una pregunta con un enfoque m\u00e1s personal, de qu\u00e9 significa esto para ustedes.<\/b><\/p>\n<p><b>-Sebasti\u00e1n<\/b>: Mi acercamiento hacia la m\u00fasica fue de manera auto-didacta y hasta el d\u00eda de hoy se ha mantenido as\u00ed. Comenc\u00e9 a tocar bateria por mis medios a los 17 a\u00f1os, pidiendo prestado en mi colegio una bateria que nadie pescaba mucho, cuando sent\u00ed que pod\u00eda armar un ritmo sin siquiera tener mayores conocimientos te\u00f3ricos ni t\u00e9cnicos, fue un gran detonante de motivaci\u00f3n personal.<\/p>\n<p>&nbsp;<\/p>\n<p>Desde entonces no he abandonado el instrumento, a los 18 a\u00f1os al fin tuve mi primera bateria. Ese mismo sentimiento, junto con la \u00e9tica punk que me mov\u00eda por ese entonces, me motiv\u00f3 a aprender a tocar guitarra y bajo, para luego pasarme de lleno a la producci\u00f3n musical. En ese momento recib\u00ed mentor\u00edas de dos grandes amigos que son ingenieros en sonido y me ayudaron a dar mis primeros pasos en este rubro, con otr@s amig@s el 2013 fundamos un sello\/estudio llamado \u00abDiskordia Records\u00bb, proyecto autogestionado que dur\u00f3 5 a\u00f1os y lanzamos m\u00e1s de 20 EPs y LPs grabados en nuestro estudio auto-gestionado, mezclados y masterizados por m\u00ed tambi\u00e9n con mis conocimientos adquiridos en la ruta auto-didacta.<\/p>\n<p>&nbsp;<\/p>\n<p>Actualmente me dedico a la producci\u00f3n musical electr\u00f3nica, estoy aprendiendo s\u00edntesis anal\u00f3gica y digital y workflow de trabajo sin computadoras.<\/p>\n<p>&nbsp;<\/p>\n<p><b>-Nicol\u00e1s: <\/b>Mi cercan\u00eda a la m\u00fasica comienza desde mi trabajo como gestor en la sala subterr\u00e1nea de El Interndado Valpo. Desde ese lugar pude generar v\u00ednculos con varios agentes de la m\u00fasica independiente local e interregional, que permiti\u00f3, al menos por un tiempo, que el funcionamiento de la sala se orientara casi exclusivamente a la difusi\u00f3n y a las presentaciones de m\u00fasica en vivo, encuentros de m\u00fasica experimental, festivales, entre otras actividades ligadas al sonido. Es as\u00ed como la sala de El Internado logr\u00f3 estar presente en el circuito regional para disfrutar de m\u00fasica, en un per\u00edodo dif\u00edcil para los espacios en la ciudad de Valpo.<\/p>\n<p>&nbsp;<\/p>\n<p><b>-Ren\u00e9: <\/b>Me puse m\u00e1s entusiasta e interesado en la m\u00fasica cerca de 8 b\u00e1sico, y despu\u00e9s de intentar con la guitarra ac\u00fastica comenc\u00e9 a tocar bajo el\u00e9ctrico aproximadamente en segundo medio. Ah\u00ed comenz\u00f3 mi camino autodidacta, rudimentario y espont\u00e1neo. tuve mis primeras bandas y tocatas, y el camino l\u00f3gico para mi fue entrar con 17 a\u00f1os a T\u00e9cnico en Sonido. Ah\u00ed empec\u00e9 a entender todo lo que requer\u00eda un proyecto art\u00edstico y empec\u00e9 a enfocarme en &#8216;metas&#8217; y a adentrarme, nuevamente desde el \u00edmpetu y la autoformaci\u00f3n, en la producci\u00f3n musical y la gesti\u00f3n de proyectos art\u00edsticos.<\/p>\n<p>&nbsp;<\/p>\n<p>Soy un convencido de que el conocimiento est\u00e1 para ser compartido en pos de la construcci\u00f3n de un ecosistema mejor y m\u00e1s profesional, y a punta de autogesti\u00f3n he participado en aprox 17 publicaciones (entre singles, eps, discos y remixes) ya sea como m\u00fasico o productor; adem\u00e1s de haber tocado en varias ciudades del pa\u00eds y un par de pa\u00edses vecinos.<\/p>\n<p><img fetchpriority=\"high\" decoding=\"async\" class=\"alignleft size-medium wp-image-6019\" src=\"https:\/\/www.valparaisocreativo.cl\/wp-content\/uploads\/2021\/02\/125186805_117273583528078_4045354053982057631_o-300x300.png\" alt=\"\" width=\"300\" height=\"300\" \/><\/p>\n<p><b>&#8211; \u00bfQu\u00e9 oficios pretenden integrar de a poco a la academia? Adem\u00e1s de aquello que se relaciona a la m\u00fasica.<\/b><\/p>\n<p>-Tenemos la intenci\u00f3n de crear contenido para las distintas aristas de la industria creativa que necesiten ampliar conocimientos digitales en el uso de herramientas de creaci\u00f3n. Estamos preparando cursos para la industria textil independiente, nuevos medios, finanzas para proyectos de creaci\u00f3n, hacking arts, entre otros. Nuestra misi\u00f3n es potenciar los oficios digitales en el territorio, y entregar una base s\u00f3lida para el uso de tecnolog\u00edas digitales.<\/p>\n<p>&nbsp;<\/p>\n<p><b>&#8211; \u00bfQu\u00e9 significa trabajar con proyectos culturales para ustedes? Es decir: que me cuenten un poco de c\u00f3mo les ha tocado.<\/b><\/p>\n<p>-Aunque todo el mundo cultural est\u00e1 estancado y tratando de sobrevivir a la crisis que sacude la vida humana, las ganas de crear y trabajar por el desarrollo de la industria creativa se ve fortalecida cuando se entiende a s\u00ed misma como agente de transformaci\u00f3n social, ya sea desde la acci\u00f3n o el pensamiento.<\/p>\n<p>&nbsp;<\/p>\n<p>En este sentido, y a pesar de los problemas, trabajar con proyectos culturales sigue siendo un goce profundo.<\/p>\n<p>&nbsp;<\/p>\n<p><b>&#8211; Actualmente, siguiendo lo anterior, \u00bfcu\u00e1l es el mayor desaf\u00edo de la autogesti\u00f3n?<\/b><\/p>\n<p>-Trabajar constantemente para mantener cualquier proyecto autogestionado, capacitarse y encontrar recursos, crear v\u00ednculos estrat\u00e9gicos y apoyarse entre independientes en redes locales de apoyo.<\/p>\n<p>&nbsp;<\/p>\n<p>El desaf\u00edo es abrir espacios de trabajo colectivo y establecer una comunicaci\u00f3n estable y transparente entre los distintos sectores para tratar de sortear las dificultades de la actualidad, y la inoperancia de quienes la dirigen.<\/p>\n<p>&nbsp;<\/p>\n<p><b>&#8211; \u00bfC\u00f3mo ha sido la recepci\u00f3n?<\/b><\/p>\n<p>&#8211; Gracias a los talleres que ya lanzamos, y a la ejecuci\u00f3n de un proyecto de cultura que temin\u00f3 con 4 cl\u00ednicas de acceso gratuito, podemos percibir una recepci\u00f3n grata por parte de la comunidad, que abarca varias ciudades a lo largo del pa\u00eds, e incluso fuera de el. Creemos que tendremos un crecimiento exponencial en el tiempo, una vez que lancemos el nuevo sitio, cargado de contenido novedoso para la industria.<\/p>\n<p>&nbsp;<\/p>\n<p><b>&#8211; \u00bfCu\u00e1l es el siguiente paso?<\/b><\/p>\n<p>&#8211; En este momento estamos en un per\u00edodo de aprendizaje a trav\u00e9s de la b\u00fasqueda de mentor\u00edas, fondos concursables y proyectos paralelos. El 2021 ser\u00e1 un a\u00f1o de lanzamiento para la Academia, en el que esperamos poder hacer crecer una comunidad de personas con hambre de nuevos proyectos y nuevas maneras de manifestar su creatividad.<\/p>\n","protected":false},"excerpt":{"rendered":"<p>No Lineal es el proyecto de Sebasti\u00e1n Leiva, Ren\u00e9 Sierra y Nicol\u00e1s Garc\u00eda, tres amigos que buscaron una soluci\u00f3n a sus propias necesidades. Conversamos con ellos sobre el mundo cultural, la gesti\u00f3n musical y los contenidos de su propuesta. &#8211; \u00bfC\u00f3mo surge el proyecto y de qu\u00e9 manera lo comenzaron a levantar para llevar a [&hellip;]<\/p>\n","protected":false},"author":3,"featured_media":9341,"comment_status":"closed","ping_status":"closed","sticky":false,"template":"","format":"standard","meta":{"_acf_changed":false,"footnotes":""},"categories":[47],"tags":[],"class_list":["post-9340","post","type-post","status-publish","format-standard","has-post-thumbnail","hentry","category-musica-y-sonido"],"acf":[],"yoast_head":"<!-- This site is optimized with the Yoast SEO plugin v27.1.1 - https:\/\/yoast.com\/product\/yoast-seo-wordpress\/ -->\n<title>Academia No Lineal: herramientas digitales al servicio de la m\u00fasica - Valpara\u00ed\u00adso Creativo<\/title>\n<meta name=\"robots\" content=\"index, follow, max-snippet:-1, max-image-preview:large, max-video-preview:-1\" \/>\n<link rel=\"canonical\" href=\"https:\/\/dev.antudigital.cl\/sites\/vc\/academia-no-lineal-herramientas-digitales-al-servicio-de-la-musica\/\" \/>\n<meta property=\"og:locale\" content=\"es_ES\" \/>\n<meta property=\"og:type\" content=\"article\" \/>\n<meta property=\"og:title\" content=\"Academia No Lineal: herramientas digitales al servicio de la m\u00fasica - Valpara\u00ed\u00adso Creativo\" \/>\n<meta property=\"og:description\" content=\"No Lineal es el proyecto de Sebasti\u00e1n Leiva, Ren\u00e9 Sierra y Nicol\u00e1s Garc\u00eda, tres amigos que buscaron una soluci\u00f3n a sus propias necesidades. Conversamos con ellos sobre el mundo cultural, la gesti\u00f3n musical y los contenidos de su propuesta. &#8211; \u00bfC\u00f3mo surge el proyecto y de qu\u00e9 manera lo comenzaron a levantar para llevar a [&hellip;]\" \/>\n<meta property=\"og:url\" content=\"https:\/\/dev.antudigital.cl\/sites\/vc\/academia-no-lineal-herramientas-digitales-al-servicio-de-la-musica\/\" \/>\n<meta property=\"og:site_name\" content=\"Valpara\u00ed\u00adso Creativo\" \/>\n<meta property=\"article:published_time\" content=\"2021-02-26T18:15:10+00:00\" \/>\n<meta property=\"og:image\" content=\"https:\/\/dev.antudigital.cl\/sites\/vc\/wp-content\/uploads\/2021\/02\/academia-nssso-lineal.png\" \/>\n\t<meta property=\"og:image:width\" content=\"1280\" \/>\n\t<meta property=\"og:image:height\" content=\"533\" \/>\n\t<meta property=\"og:image:type\" content=\"image\/png\" \/>\n<meta name=\"author\" content=\"Valparaiso Creativo\" \/>\n<meta name=\"twitter:card\" content=\"summary_large_image\" \/>\n<meta name=\"twitter:label1\" content=\"Escrito por\" \/>\n\t<meta name=\"twitter:data1\" content=\"Valparaiso Creativo\" \/>\n\t<meta name=\"twitter:label2\" content=\"Tiempo de lectura\" \/>\n\t<meta name=\"twitter:data2\" content=\"6 minutos\" \/>\n<script type=\"application\/ld+json\" class=\"yoast-schema-graph\">{\"@context\":\"https:\/\/schema.org\",\"@graph\":[{\"@type\":\"Article\",\"@id\":\"https:\/\/dev.antudigital.cl\/sites\/vc\/academia-no-lineal-herramientas-digitales-al-servicio-de-la-musica\/#article\",\"isPartOf\":{\"@id\":\"https:\/\/dev.antudigital.cl\/sites\/vc\/academia-no-lineal-herramientas-digitales-al-servicio-de-la-musica\/\"},\"author\":{\"name\":\"Valparaiso Creativo\",\"@id\":\"https:\/\/dev.antudigital.cl\/sites\/vc\/#\/schema\/person\/81d1dcd51abd542b5dfc00f5f951a0f1\"},\"headline\":\"Academia No Lineal: herramientas digitales al servicio de la m\u00fasica\",\"datePublished\":\"2021-02-26T18:15:10+00:00\",\"mainEntityOfPage\":{\"@id\":\"https:\/\/dev.antudigital.cl\/sites\/vc\/academia-no-lineal-herramientas-digitales-al-servicio-de-la-musica\/\"},\"wordCount\":1229,\"image\":{\"@id\":\"https:\/\/dev.antudigital.cl\/sites\/vc\/academia-no-lineal-herramientas-digitales-al-servicio-de-la-musica\/#primaryimage\"},\"thumbnailUrl\":\"https:\/\/dev.antudigital.cl\/sites\/vc\/wp-content\/uploads\/2021\/02\/academia-nssso-lineal.png\",\"articleSection\":[\"M\u00fasica y sonido\"],\"inLanguage\":\"es\"},{\"@type\":\"WebPage\",\"@id\":\"https:\/\/dev.antudigital.cl\/sites\/vc\/academia-no-lineal-herramientas-digitales-al-servicio-de-la-musica\/\",\"url\":\"https:\/\/dev.antudigital.cl\/sites\/vc\/academia-no-lineal-herramientas-digitales-al-servicio-de-la-musica\/\",\"name\":\"Academia No Lineal: herramientas digitales al servicio de la m\u00fasica - Valpara\u00ed\u00adso Creativo\",\"isPartOf\":{\"@id\":\"https:\/\/dev.antudigital.cl\/sites\/vc\/#website\"},\"primaryImageOfPage\":{\"@id\":\"https:\/\/dev.antudigital.cl\/sites\/vc\/academia-no-lineal-herramientas-digitales-al-servicio-de-la-musica\/#primaryimage\"},\"image\":{\"@id\":\"https:\/\/dev.antudigital.cl\/sites\/vc\/academia-no-lineal-herramientas-digitales-al-servicio-de-la-musica\/#primaryimage\"},\"thumbnailUrl\":\"https:\/\/dev.antudigital.cl\/sites\/vc\/wp-content\/uploads\/2021\/02\/academia-nssso-lineal.png\",\"datePublished\":\"2021-02-26T18:15:10+00:00\",\"author\":{\"@id\":\"https:\/\/dev.antudigital.cl\/sites\/vc\/#\/schema\/person\/81d1dcd51abd542b5dfc00f5f951a0f1\"},\"breadcrumb\":{\"@id\":\"https:\/\/dev.antudigital.cl\/sites\/vc\/academia-no-lineal-herramientas-digitales-al-servicio-de-la-musica\/#breadcrumb\"},\"inLanguage\":\"es\",\"potentialAction\":[{\"@type\":\"ReadAction\",\"target\":[\"https:\/\/dev.antudigital.cl\/sites\/vc\/academia-no-lineal-herramientas-digitales-al-servicio-de-la-musica\/\"]}]},{\"@type\":\"ImageObject\",\"inLanguage\":\"es\",\"@id\":\"https:\/\/dev.antudigital.cl\/sites\/vc\/academia-no-lineal-herramientas-digitales-al-servicio-de-la-musica\/#primaryimage\",\"url\":\"https:\/\/dev.antudigital.cl\/sites\/vc\/wp-content\/uploads\/2021\/02\/academia-nssso-lineal.png\",\"contentUrl\":\"https:\/\/dev.antudigital.cl\/sites\/vc\/wp-content\/uploads\/2021\/02\/academia-nssso-lineal.png\",\"width\":1280,\"height\":533},{\"@type\":\"BreadcrumbList\",\"@id\":\"https:\/\/dev.antudigital.cl\/sites\/vc\/academia-no-lineal-herramientas-digitales-al-servicio-de-la-musica\/#breadcrumb\",\"itemListElement\":[{\"@type\":\"ListItem\",\"position\":1,\"name\":\"Home\",\"item\":\"https:\/\/dev.antudigital.cl\/sites\/vc\/\"},{\"@type\":\"ListItem\",\"position\":2,\"name\":\"Academia No Lineal: herramientas digitales al servicio de la m\u00fasica\"}]},{\"@type\":\"WebSite\",\"@id\":\"https:\/\/dev.antudigital.cl\/sites\/vc\/#website\",\"url\":\"https:\/\/dev.antudigital.cl\/sites\/vc\/\",\"name\":\"Valpara\u00ed\u00adso Creativo\",\"description\":\"\",\"potentialAction\":[{\"@type\":\"SearchAction\",\"target\":{\"@type\":\"EntryPoint\",\"urlTemplate\":\"https:\/\/dev.antudigital.cl\/sites\/vc\/?s={search_term_string}\"},\"query-input\":{\"@type\":\"PropertyValueSpecification\",\"valueRequired\":true,\"valueName\":\"search_term_string\"}}],\"inLanguage\":\"es\"},{\"@type\":\"Person\",\"@id\":\"https:\/\/dev.antudigital.cl\/sites\/vc\/#\/schema\/person\/81d1dcd51abd542b5dfc00f5f951a0f1\",\"name\":\"Valparaiso Creativo\",\"url\":\"https:\/\/dev.antudigital.cl\/sites\/vc\/author\/valparaiso-creativo\/\"}]}<\/script>\n<!-- \/ Yoast SEO plugin. -->","yoast_head_json":{"title":"Academia No Lineal: herramientas digitales al servicio de la m\u00fasica - Valpara\u00ed\u00adso Creativo","robots":{"index":"index","follow":"follow","max-snippet":"max-snippet:-1","max-image-preview":"max-image-preview:large","max-video-preview":"max-video-preview:-1"},"canonical":"https:\/\/dev.antudigital.cl\/sites\/vc\/academia-no-lineal-herramientas-digitales-al-servicio-de-la-musica\/","og_locale":"es_ES","og_type":"article","og_title":"Academia No Lineal: herramientas digitales al servicio de la m\u00fasica - Valpara\u00ed\u00adso Creativo","og_description":"No Lineal es el proyecto de Sebasti\u00e1n Leiva, Ren\u00e9 Sierra y Nicol\u00e1s Garc\u00eda, tres amigos que buscaron una soluci\u00f3n a sus propias necesidades. Conversamos con ellos sobre el mundo cultural, la gesti\u00f3n musical y los contenidos de su propuesta. &#8211; \u00bfC\u00f3mo surge el proyecto y de qu\u00e9 manera lo comenzaron a levantar para llevar a [&hellip;]","og_url":"https:\/\/dev.antudigital.cl\/sites\/vc\/academia-no-lineal-herramientas-digitales-al-servicio-de-la-musica\/","og_site_name":"Valpara\u00ed\u00adso Creativo","article_published_time":"2021-02-26T18:15:10+00:00","og_image":[{"width":1280,"height":533,"url":"https:\/\/dev.antudigital.cl\/sites\/vc\/wp-content\/uploads\/2021\/02\/academia-nssso-lineal.png","type":"image\/png"}],"author":"Valparaiso Creativo","twitter_card":"summary_large_image","twitter_misc":{"Escrito por":"Valparaiso Creativo","Tiempo de lectura":"6 minutos"},"schema":{"@context":"https:\/\/schema.org","@graph":[{"@type":"Article","@id":"https:\/\/dev.antudigital.cl\/sites\/vc\/academia-no-lineal-herramientas-digitales-al-servicio-de-la-musica\/#article","isPartOf":{"@id":"https:\/\/dev.antudigital.cl\/sites\/vc\/academia-no-lineal-herramientas-digitales-al-servicio-de-la-musica\/"},"author":{"name":"Valparaiso Creativo","@id":"https:\/\/dev.antudigital.cl\/sites\/vc\/#\/schema\/person\/81d1dcd51abd542b5dfc00f5f951a0f1"},"headline":"Academia No Lineal: herramientas digitales al servicio de la m\u00fasica","datePublished":"2021-02-26T18:15:10+00:00","mainEntityOfPage":{"@id":"https:\/\/dev.antudigital.cl\/sites\/vc\/academia-no-lineal-herramientas-digitales-al-servicio-de-la-musica\/"},"wordCount":1229,"image":{"@id":"https:\/\/dev.antudigital.cl\/sites\/vc\/academia-no-lineal-herramientas-digitales-al-servicio-de-la-musica\/#primaryimage"},"thumbnailUrl":"https:\/\/dev.antudigital.cl\/sites\/vc\/wp-content\/uploads\/2021\/02\/academia-nssso-lineal.png","articleSection":["M\u00fasica y sonido"],"inLanguage":"es"},{"@type":"WebPage","@id":"https:\/\/dev.antudigital.cl\/sites\/vc\/academia-no-lineal-herramientas-digitales-al-servicio-de-la-musica\/","url":"https:\/\/dev.antudigital.cl\/sites\/vc\/academia-no-lineal-herramientas-digitales-al-servicio-de-la-musica\/","name":"Academia No Lineal: herramientas digitales al servicio de la m\u00fasica - Valpara\u00ed\u00adso Creativo","isPartOf":{"@id":"https:\/\/dev.antudigital.cl\/sites\/vc\/#website"},"primaryImageOfPage":{"@id":"https:\/\/dev.antudigital.cl\/sites\/vc\/academia-no-lineal-herramientas-digitales-al-servicio-de-la-musica\/#primaryimage"},"image":{"@id":"https:\/\/dev.antudigital.cl\/sites\/vc\/academia-no-lineal-herramientas-digitales-al-servicio-de-la-musica\/#primaryimage"},"thumbnailUrl":"https:\/\/dev.antudigital.cl\/sites\/vc\/wp-content\/uploads\/2021\/02\/academia-nssso-lineal.png","datePublished":"2021-02-26T18:15:10+00:00","author":{"@id":"https:\/\/dev.antudigital.cl\/sites\/vc\/#\/schema\/person\/81d1dcd51abd542b5dfc00f5f951a0f1"},"breadcrumb":{"@id":"https:\/\/dev.antudigital.cl\/sites\/vc\/academia-no-lineal-herramientas-digitales-al-servicio-de-la-musica\/#breadcrumb"},"inLanguage":"es","potentialAction":[{"@type":"ReadAction","target":["https:\/\/dev.antudigital.cl\/sites\/vc\/academia-no-lineal-herramientas-digitales-al-servicio-de-la-musica\/"]}]},{"@type":"ImageObject","inLanguage":"es","@id":"https:\/\/dev.antudigital.cl\/sites\/vc\/academia-no-lineal-herramientas-digitales-al-servicio-de-la-musica\/#primaryimage","url":"https:\/\/dev.antudigital.cl\/sites\/vc\/wp-content\/uploads\/2021\/02\/academia-nssso-lineal.png","contentUrl":"https:\/\/dev.antudigital.cl\/sites\/vc\/wp-content\/uploads\/2021\/02\/academia-nssso-lineal.png","width":1280,"height":533},{"@type":"BreadcrumbList","@id":"https:\/\/dev.antudigital.cl\/sites\/vc\/academia-no-lineal-herramientas-digitales-al-servicio-de-la-musica\/#breadcrumb","itemListElement":[{"@type":"ListItem","position":1,"name":"Home","item":"https:\/\/dev.antudigital.cl\/sites\/vc\/"},{"@type":"ListItem","position":2,"name":"Academia No Lineal: herramientas digitales al servicio de la m\u00fasica"}]},{"@type":"WebSite","@id":"https:\/\/dev.antudigital.cl\/sites\/vc\/#website","url":"https:\/\/dev.antudigital.cl\/sites\/vc\/","name":"Valpara\u00ed\u00adso Creativo","description":"","potentialAction":[{"@type":"SearchAction","target":{"@type":"EntryPoint","urlTemplate":"https:\/\/dev.antudigital.cl\/sites\/vc\/?s={search_term_string}"},"query-input":{"@type":"PropertyValueSpecification","valueRequired":true,"valueName":"search_term_string"}}],"inLanguage":"es"},{"@type":"Person","@id":"https:\/\/dev.antudigital.cl\/sites\/vc\/#\/schema\/person\/81d1dcd51abd542b5dfc00f5f951a0f1","name":"Valparaiso Creativo","url":"https:\/\/dev.antudigital.cl\/sites\/vc\/author\/valparaiso-creativo\/"}]}},"_links":{"self":[{"href":"https:\/\/dev.antudigital.cl\/sites\/vc\/wp-json\/wp\/v2\/posts\/9340","targetHints":{"allow":["GET"]}}],"collection":[{"href":"https:\/\/dev.antudigital.cl\/sites\/vc\/wp-json\/wp\/v2\/posts"}],"about":[{"href":"https:\/\/dev.antudigital.cl\/sites\/vc\/wp-json\/wp\/v2\/types\/post"}],"author":[{"embeddable":true,"href":"https:\/\/dev.antudigital.cl\/sites\/vc\/wp-json\/wp\/v2\/users\/3"}],"replies":[{"embeddable":true,"href":"https:\/\/dev.antudigital.cl\/sites\/vc\/wp-json\/wp\/v2\/comments?post=9340"}],"version-history":[{"count":0,"href":"https:\/\/dev.antudigital.cl\/sites\/vc\/wp-json\/wp\/v2\/posts\/9340\/revisions"}],"wp:featuredmedia":[{"embeddable":true,"href":"https:\/\/dev.antudigital.cl\/sites\/vc\/wp-json\/wp\/v2\/media\/9341"}],"wp:attachment":[{"href":"https:\/\/dev.antudigital.cl\/sites\/vc\/wp-json\/wp\/v2\/media?parent=9340"}],"wp:term":[{"taxonomy":"category","embeddable":true,"href":"https:\/\/dev.antudigital.cl\/sites\/vc\/wp-json\/wp\/v2\/categories?post=9340"},{"taxonomy":"post_tag","embeddable":true,"href":"https:\/\/dev.antudigital.cl\/sites\/vc\/wp-json\/wp\/v2\/tags?post=9340"}],"curies":[{"name":"wp","href":"https:\/\/api.w.org\/{rel}","templated":true}]}}