{"id":9565,"date":"2022-01-18T13:41:06","date_gmt":"2022-01-18T13:41:06","guid":{"rendered":"https:\/\/www.valparaisocreativo.cl\/?p=9565"},"modified":"2022-01-18T13:53:19","modified_gmt":"2022-01-18T13:53:19","slug":"espacio-warhola-creatividad-y-resistencia-cultural","status":"publish","type":"post","link":"https:\/\/dev.antudigital.cl\/sites\/vc\/espacio-warhola-creatividad-y-resistencia-cultural\/","title":{"rendered":"Espacio Warhola: creatividad y resistencia cultural"},"content":{"rendered":"<p><strong>Fernando Gonz\u00e1lez y Sebasti\u00e1n Flores<\/strong> son el n\u00facleo a cargo de <strong>Espacio Cultural Warhola<\/strong>. Ubicado en Esmeralda 1031, el centro cultural que era el m\u00edtico Hotel Royal hoy deslumbra con una activa cartelera interdisciplinaria, que ha sido resultado de un gran esfuerzo del equipo que hoy es parte de este proyecto de largo aliento.<\/p>\n<p>Esteban Harrington lo construy\u00f3. Justamente la parte de Espacio Warhola corresponde a la entrada o \u201cnave central\u201d donde estaba originalmente el comedor del hotel. De eso pas\u00f3 a ser una galer\u00eda comercial, y luego a estar abandonado un largo tiempo. \u00bfC\u00f3mo se reinventa y mantiene a flote una apuesta as\u00ed?<\/p>\n<p>Fernando Gonz\u00e1lez relata que \u201cSomos un grupo de m\u00e1s de 60 personas que ha trabajado en todos estos \u00faltimos tres a\u00f1os. Nosotros arrendamos ac\u00e1, la gente se imagina que nos regalaron esto, pero no\u00bb.<\/p>\n<p>Vieron una oportunidad y decidieron ir por ella, adaptando este espacio para hacerlo m\u00e1s apto para quienes participan en \u00e9l.<\/p>\n<p>\u201cDespu\u00e9s del a\u00f1o 1945 este edificio se divide en varias partes, que son las divisiones que hoy se conocen como parte de la galer\u00eda comercial que se instal\u00f3 despu\u00e9s. Esto qued\u00f3 como herencia despu\u00e9s de la Segunda Guerra Mundial, y cuando se vendi\u00f3 fue a precio de huevo. Despu\u00e9s qued\u00f3 en desuso y abandonado\u201d, pero el a\u00f1o 2018 comenzaron a llevarlo como centro cultural.<\/p>\n<p>&nbsp;<\/p>\n<p><img fetchpriority=\"high\" decoding=\"async\" class=\"alignnone size-medium wp-image-9612\" src=\"https:\/\/www.valparaisocreativo.cl\/wp-content\/uploads\/2022\/01\/Captura-de-Pantalla-2021-12-27-a-las-11.09.36-300x177.png\" alt=\"\" width=\"300\" height=\"177\" srcset=\"https:\/\/dev.antudigital.cl\/sites\/vc\/wp-content\/uploads\/2022\/01\/Captura-de-Pantalla-2021-12-27-a-las-11.09.36-300x177.png 300w, https:\/\/dev.antudigital.cl\/sites\/vc\/wp-content\/uploads\/2022\/01\/Captura-de-Pantalla-2021-12-27-a-las-11.09.36-768x453.png 768w, https:\/\/dev.antudigital.cl\/sites\/vc\/wp-content\/uploads\/2022\/01\/Captura-de-Pantalla-2021-12-27-a-las-11.09.36-980x579.png 980w, https:\/\/dev.antudigital.cl\/sites\/vc\/wp-content\/uploads\/2022\/01\/Captura-de-Pantalla-2021-12-27-a-las-11.09.36-480x283.png 480w, https:\/\/dev.antudigital.cl\/sites\/vc\/wp-content\/uploads\/2022\/01\/Captura-de-Pantalla-2021-12-27-a-las-11.09.36.png 1006w\" sizes=\"(max-width: 300px) 100vw, 300px\" \/><\/p>\n<p><b>\u201cHay que valorar la historia de manera certera\u201d<\/b><\/p>\n<p>Fernando &#8211; con quien nos reunimos en el hall de Warhola &#8211; y Sebasti\u00e1n llevan desarrollando proyectos desde el 2014. Antes de esta aventura se quem\u00f3 su lugar de vivienda y trabajo de manera misteriosa y terminaron en Barrio Puerto, a un espacio de 1.000 metros cuadrados de infraestructura, un desaf\u00edo que asumieron hasta encontrar otro espacio que vincular con las artes y cultura que tanto le interesa.<\/p>\n<p>\u201cEste espacio es de 3.000 metros cuadrados y estuvo 15 a\u00f1os abandonado. Ha tenido un vaiv\u00e9n de intervenciones de restauraci\u00f3n patrimonial\u201d, nos cuenta Fernando, quien es un enamorado de los inmuebles que est\u00e1n disponibles en la ciudad para so\u00f1ar en grande, como este mismo.<\/p>\n<p>\u201cHay un Valpara\u00edso por devolver por completo a su prop\u00f3sito en cuanto a las infraestructuras. Por ejemplo, ac\u00e1 hicieron en su momento una galer\u00eda comercial, cambiando los elementos neocl\u00e1sicos por terminaciones lisas o vidrios, y eso pasa en todo Valpara\u00edso\u201d. Espacios que cambian de\u00a0 prop\u00f3sito y por ende se deterioran sus estructuras. Pero que a veces encuentran fuerzas que est\u00e1n dispuestas a mantenerlos y cuidarlos\u00bb.<\/p>\n<p><img decoding=\"async\" class=\"alignnone size-medium wp-image-9614\" src=\"https:\/\/www.valparaisocreativo.cl\/wp-content\/uploads\/2022\/01\/Captura-de-Pantalla-2021-12-27-a-las-11.09.57-300x170.png\" alt=\"\" width=\"300\" height=\"170\" srcset=\"https:\/\/dev.antudigital.cl\/sites\/vc\/wp-content\/uploads\/2022\/01\/Captura-de-Pantalla-2021-12-27-a-las-11.09.57-300x170.png 300w, https:\/\/dev.antudigital.cl\/sites\/vc\/wp-content\/uploads\/2022\/01\/Captura-de-Pantalla-2021-12-27-a-las-11.09.57-768x434.png 768w, https:\/\/dev.antudigital.cl\/sites\/vc\/wp-content\/uploads\/2022\/01\/Captura-de-Pantalla-2021-12-27-a-las-11.09.57-980x554.png 980w, https:\/\/dev.antudigital.cl\/sites\/vc\/wp-content\/uploads\/2022\/01\/Captura-de-Pantalla-2021-12-27-a-las-11.09.57-480x271.png 480w, https:\/\/dev.antudigital.cl\/sites\/vc\/wp-content\/uploads\/2022\/01\/Captura-de-Pantalla-2021-12-27-a-las-11.09.57.png 1005w\" sizes=\"(max-width: 300px) 100vw, 300px\" \/><\/p>\n<p>Fernando es de Playa Ancha y viene de la Ingenier\u00eda Medio Ambiental, a la que dej\u00f3 de dedicarse. \u00bfQu\u00e9 lo trae hoy ac\u00e1? \u201cDe chico siempre estuve metido en bandas, me gustaba organizar cosas desde el colegio\u201d, comenta. \u201cAhora ya no toco, pero me dedico a gestionar, a hacer que las cosas ocurran\u201d.<\/p>\n<p>\u201cEn Playa Ancha hab\u00edan tres teatros, cuya iniciativa de rescate de teatros sigue en pie, pero no tiene el financiamiento y los espacios cobran arriendos millonarios. Hay una conversaci\u00f3n que tenemos que tener al respecto\u201d, relata Fernando. \u201cNo pretendemos ser el \u00fanico espacio donde se trabaja la recuperaci\u00f3n patrimonial con motivos art\u00edsticos, culturales y de oficio. Es necesario con nuestra experiencia, quiz\u00e1s podemos colaborar para que Valpara\u00edso sea una red de hartas cosas y no seamos competencia unos con otros\u201d.<\/p>\n<p>En ese sentido, Fernando habla de la polarizaci\u00f3n actual que act\u00faa en perjuicio ante la que ellos buscan un confluir de energ\u00edas creativas para generar espacios m\u00e1s auspiciosos.<\/p>\n<p><img decoding=\"async\" class=\"alignnone size-medium wp-image-9613\" src=\"https:\/\/www.valparaisocreativo.cl\/wp-content\/uploads\/2022\/01\/Captura-de-Pantalla-2021-12-27-a-las-11.09.44-300x164.png\" alt=\"\" width=\"300\" height=\"164\" srcset=\"https:\/\/dev.antudigital.cl\/sites\/vc\/wp-content\/uploads\/2022\/01\/Captura-de-Pantalla-2021-12-27-a-las-11.09.44-300x164.png 300w, https:\/\/dev.antudigital.cl\/sites\/vc\/wp-content\/uploads\/2022\/01\/Captura-de-Pantalla-2021-12-27-a-las-11.09.44-768x421.png 768w, https:\/\/dev.antudigital.cl\/sites\/vc\/wp-content\/uploads\/2022\/01\/Captura-de-Pantalla-2021-12-27-a-las-11.09.44-980x537.png 980w, https:\/\/dev.antudigital.cl\/sites\/vc\/wp-content\/uploads\/2022\/01\/Captura-de-Pantalla-2021-12-27-a-las-11.09.44-480x263.png 480w, https:\/\/dev.antudigital.cl\/sites\/vc\/wp-content\/uploads\/2022\/01\/Captura-de-Pantalla-2021-12-27-a-las-11.09.44.png 1002w\" sizes=\"(max-width: 300px) 100vw, 300px\" \/><\/p>\n<p><b>Energ\u00eda Warhola<\/b><\/p>\n<p>Una de sus modalidades es la residencia, y tambi\u00e9n los eventos presenciales. Entre estallido y pandemia han sobrevivido ofreciendo una amplia variedad de formatos. Ac\u00e1 todo es posible.<\/p>\n<p>\u201cTenemos estudios de grabaci\u00f3n, hemos grabado comerciales, cortometrajes, exposiciones de arte, obras de teatro\u2026 es un espacio que nos permite todo lo que es autogesti\u00f3n y tambi\u00e9n tener residencias art\u00edsticas en el espacio: pintores, serigrafistas, fot\u00f3grafos,\u00a0 una infinidad de artistas\u201d. De hecho a la fecha m\u00e1s de 200 artistas han estado vinculados al espacio.<\/p>\n<p>\u00bfY c\u00f3mo lo hacen? La necesidad de abrirse a la comunidad es la motivaci\u00f3n detr\u00e1s de la gran inversi\u00f3n y trabajo que hay por detr\u00e1s. Fernando nos cuenta que \u201cYa hemos invertido $60 millones de pesos en restauraci\u00f3n. Ac\u00e1 trabaja Duoc-UC con algunos de sus alumnos y alumnas y hemos botado un mont\u00f3n de murallas falsas. Nos hemos hecho responsables desde el 2018 que llegamos ac\u00e1\u201d.<\/p>\n<p>La inversi\u00f3n ha sido tanto desde lo privado y proyectos de gesti\u00f3n o fondos a los que han postulado y les permite mantener el espacio activo. Pero falta apoyo y reconocimiento de otras organizaciones culturales.<\/p>\n<p>\u201cNo hay un ente dentro del Ministerio que pueda venir a visitarnos. Nosotros estamos operando hace muchos a\u00f1os y tenemos una presi\u00f3n econ\u00f3mica asfixiante. Nos mostramos tranquilos, pero necesitamos visibilidad y apoyo. Los artistas se dedican a crear y si a ellos les va bien, nos va bien a todos y todas. Por eso estamos bien dedicados a generar contenido art\u00edstico desde el underground de Valpara\u00edso\u201d.<\/p>\n<p>La secci\u00f3n contigua, ex caf\u00e9 Vien\u00e9s es de Bienes Nacionales, y no integra a esta parte del edificio. \u201cNosotros insistimos que era important\u00edsimo entender el motivo por el cual fue creado el edificio y unificarlo de alg\u00fan modo. Este (Warhola) era el sal\u00f3n principal y el hall central y resulta que no hay un conocimiento de esa historia. Se quieren hacer proyectos en un espacio, desconociendo lo que tenemos ac\u00e1 al lado mientras podr\u00edamos abrir todo el edificio\u201d.<\/p>\n<p>\u201cLo que pasa ac\u00e1 es una radiograf\u00eda de lo que pasa con los proyectos en Chile\u201d, comenta Fernando, \u201csi no partimos viendo la imagen completa, fragmentamos los proyectos, y hay que tener una visi\u00f3n integral del edificio\u201d.<\/p>\n<p>La precariedad es una realidad en este sentido, no solo de recursos sino tambi\u00e9n de entidades que puedan tener las competencias para relevar un espacio tan activo como este.<\/p>\n<p>Desde la organizaci\u00f3n remarcan que \u201cHacemos y demostramos que somos aut\u00f3nomos, con errores y falencias y todo, y vemos que hay gente que se dedica a cultura pero no desde el hacer. Queremos inyectar esa energ\u00eda a las personas\u201d.<\/p>\n<p><img loading=\"lazy\" decoding=\"async\" class=\"alignnone size-medium wp-image-9611\" src=\"https:\/\/www.valparaisocreativo.cl\/wp-content\/uploads\/2022\/01\/Captura-de-Pantalla-2021-12-27-a-las-11.09.23-300x219.png\" alt=\"\" width=\"300\" height=\"219\" srcset=\"https:\/\/dev.antudigital.cl\/sites\/vc\/wp-content\/uploads\/2022\/01\/Captura-de-Pantalla-2021-12-27-a-las-11.09.23-300x219.png 300w, https:\/\/dev.antudigital.cl\/sites\/vc\/wp-content\/uploads\/2022\/01\/Captura-de-Pantalla-2021-12-27-a-las-11.09.23-768x560.png 768w, https:\/\/dev.antudigital.cl\/sites\/vc\/wp-content\/uploads\/2022\/01\/Captura-de-Pantalla-2021-12-27-a-las-11.09.23-980x715.png 980w, https:\/\/dev.antudigital.cl\/sites\/vc\/wp-content\/uploads\/2022\/01\/Captura-de-Pantalla-2021-12-27-a-las-11.09.23-480x350.png 480w, https:\/\/dev.antudigital.cl\/sites\/vc\/wp-content\/uploads\/2022\/01\/Captura-de-Pantalla-2021-12-27-a-las-11.09.23.png 1003w\" sizes=\"(max-width: 300px) 100vw, 300px\" \/><\/p>\n<p><b>Un viaje en el tiempo<\/b><\/p>\n<p>Actualmente el equipo de Espacio Cultural Warhola va en el tercer a\u00f1o de 10 que tienen actualmente de arriendo. Tienen una enormidad de habitaciones donde los artistas van d\u00eda a d\u00eda a trabajar y adem\u00e1s cuentan con exposiciones temporales que comenzaron hace poco. Para asistir, cuentan con visitas guiadas que se programan previamente.<\/p>\n<p>\u201cYa han pasado m\u00e1s de 8.000 personas y m\u00e1s de 600 artistas han estado en el espacio, lo que no es menor. De los espacios independientes de Valpara\u00edso, debemos tener las cifras m\u00e1s abultadas de audiencias por la cantidad de metraje que tenemos disponible\u201d. Y tambi\u00e9n la gran variedad de eventos que ofrecen.<\/p>\n<p>Una de las cosas que m\u00e1s sorprende del inmueble es su visualidad, su arquitectura. Es como un viaje en el tiempo. Para poder aprovechar este potencial Fernando y Sebasti\u00e1n se han dedicado a estudiar exhaustivamente toda la bibliograf\u00eda que exista de Valpara\u00edso antiguo y de el ex Hotel Royal.<\/p>\n<p>\u201cEn 1917 se quem\u00f3 la cuarta planta del edificio, por lo que muchas de las partes de la estructura tambi\u00e9n provienen de esa \u00e9poca. Una de ellas es el vitral, que no es el original sino el segundo que pusieron. Son cimientos de 150 a\u00f1os y el edificio, desde que se inaugur\u00f3, tiene 125\u201d.<\/p>\n<p>Es por toda esta historia y potencial que se requieren de m\u00e1s voluntades y asociatividad para seguir relevando espacios como estos. De hecho, en Warhola faltan manos. Fernando se\u00f1ala que \u201cNecesitamos m\u00e1s gente que tenga la experiencia y motivaci\u00f3n de hacer cosas, el espacio est\u00e1 dispuesto. Extendemos la invitaci\u00f3n a la gente de manera transparente, buscando los mejores acuerdos dentro del precario medio de las artes, y queremos valorar el trabajo de todos para profesionalizar el rubro\u201d.<\/p>\n<p>En la misma l\u00ednea, intentan hacer de este centro cultural un basti\u00f3n de c\u00f3mo se hacen las cosas de manera diferente, y pueden resultar &#8211; con todo el potencial que a\u00fan tiene.<\/p>\n<p>Finalmente, Fernando agrega que \u201cAc\u00e1 se hac\u00edan semanas de la moda, conciertos de piano, de todo. Ven\u00edan delegaciones tremendas de compa\u00f1\u00edas de teatro que hac\u00edan obras. Esto es la gracia de rescatar estos espacio: conocer sus usos tambi\u00e9n\u201d.<\/p>\n<p>El nombre viene de Andy Warhol y su concepto de \u201cfactor\u00eda\u201d donde pasaban varias cosas, un espacio multidisciplinario de las artes donde se tocaba m\u00fasica, se sacaban fotograf\u00edas, hab\u00edan artistas visuales y m\u00e1s.<\/p>\n<p>Es necesario que otras personas, fuera del \u00e1rea del arte, participen en estos proyectos. \u201cPor eso mismo vamos tranquilos avanzando, para no apurarnos innecesariamente y dosificar los esfuerzos\u201d.<\/p>\n<p>&nbsp;<\/p>\n<p><span style=\"color: #ff6600;\"><strong>Si quieres saber m\u00e1s, no dejes de seguir las r<a style=\"color: #ff6600;\" href=\"https:\/\/www.instagram.com\/espacio_warhola\/\">edes sociales de Warhola<\/a>.<\/strong><\/span><\/p>\n","protected":false},"excerpt":{"rendered":"<p>Fernando Gonz\u00e1lez y Sebasti\u00e1n Flores son el n\u00facleo a cargo de Espacio Cultural Warhola. Ubicado en Esmeralda 1031, el centro cultural que era el m\u00edtico Hotel Royal hoy deslumbra con una activa cartelera interdisciplinaria, que ha sido resultado de un gran esfuerzo del equipo que hoy es parte de este proyecto de largo aliento. Esteban [&hellip;]<\/p>\n","protected":false},"author":1,"featured_media":9615,"comment_status":"open","ping_status":"closed","sticky":false,"template":"","format":"standard","meta":{"_acf_changed":false,"footnotes":""},"categories":[1],"tags":[62],"class_list":["post-9565","post","type-post","status-publish","format-standard","has-post-thumbnail","hentry","category-uncategorized","tag-cultura"],"acf":[],"yoast_head":"<!-- This site is optimized with the Yoast SEO plugin v27.1.1 - https:\/\/yoast.com\/product\/yoast-seo-wordpress\/ -->\n<title>Espacio Warhola: creatividad y resistencia cultural - Valpara\u00ed\u00adso Creativo<\/title>\n<meta name=\"robots\" content=\"index, follow, max-snippet:-1, max-image-preview:large, max-video-preview:-1\" \/>\n<link rel=\"canonical\" href=\"https:\/\/dev.antudigital.cl\/sites\/vc\/espacio-warhola-creatividad-y-resistencia-cultural\/\" \/>\n<meta property=\"og:locale\" content=\"es_ES\" \/>\n<meta property=\"og:type\" content=\"article\" \/>\n<meta property=\"og:title\" content=\"Espacio Warhola: creatividad y resistencia cultural - Valpara\u00ed\u00adso Creativo\" \/>\n<meta property=\"og:description\" content=\"Fernando Gonz\u00e1lez y Sebasti\u00e1n Flores son el n\u00facleo a cargo de Espacio Cultural Warhola. Ubicado en Esmeralda 1031, el centro cultural que era el m\u00edtico Hotel Royal hoy deslumbra con una activa cartelera interdisciplinaria, que ha sido resultado de un gran esfuerzo del equipo que hoy es parte de este proyecto de largo aliento. Esteban [&hellip;]\" \/>\n<meta property=\"og:url\" content=\"https:\/\/dev.antudigital.cl\/sites\/vc\/espacio-warhola-creatividad-y-resistencia-cultural\/\" \/>\n<meta property=\"og:site_name\" content=\"Valpara\u00ed\u00adso Creativo\" \/>\n<meta property=\"article:published_time\" content=\"2022-01-18T13:41:06+00:00\" \/>\n<meta property=\"article:modified_time\" content=\"2022-01-18T13:53:19+00:00\" \/>\n<meta property=\"og:image\" content=\"https:\/\/dev.antudigital.cl\/sites\/vc\/wp-content\/uploads\/2022\/01\/Captura-de-Pantalla-2021-12-27-a-las-11.10.06.png\" \/>\n\t<meta property=\"og:image:width\" content=\"1004\" \/>\n\t<meta property=\"og:image:height\" content=\"562\" \/>\n\t<meta property=\"og:image:type\" content=\"image\/png\" \/>\n<meta name=\"author\" content=\"Valpara\u00edso Creativo\" \/>\n<meta name=\"twitter:card\" content=\"summary_large_image\" \/>\n<meta name=\"twitter:label1\" content=\"Escrito por\" \/>\n\t<meta name=\"twitter:data1\" content=\"Valpara\u00edso Creativo\" \/>\n\t<meta name=\"twitter:label2\" content=\"Tiempo de lectura\" \/>\n\t<meta name=\"twitter:data2\" content=\"8 minutos\" \/>\n<script type=\"application\/ld+json\" class=\"yoast-schema-graph\">{\"@context\":\"https:\/\/schema.org\",\"@graph\":[{\"@type\":\"Article\",\"@id\":\"https:\/\/dev.antudigital.cl\/sites\/vc\/espacio-warhola-creatividad-y-resistencia-cultural\/#article\",\"isPartOf\":{\"@id\":\"https:\/\/dev.antudigital.cl\/sites\/vc\/espacio-warhola-creatividad-y-resistencia-cultural\/\"},\"author\":{\"name\":\"Valpara\u00edso Creativo\",\"@id\":\"https:\/\/dev.antudigital.cl\/sites\/vc\/#\/schema\/person\/c2b9da8dd545e27166fc5ab232837318\"},\"headline\":\"Espacio Warhola: creatividad y resistencia cultural\",\"datePublished\":\"2022-01-18T13:41:06+00:00\",\"dateModified\":\"2022-01-18T13:53:19+00:00\",\"mainEntityOfPage\":{\"@id\":\"https:\/\/dev.antudigital.cl\/sites\/vc\/espacio-warhola-creatividad-y-resistencia-cultural\/\"},\"wordCount\":1539,\"commentCount\":0,\"image\":{\"@id\":\"https:\/\/dev.antudigital.cl\/sites\/vc\/espacio-warhola-creatividad-y-resistencia-cultural\/#primaryimage\"},\"thumbnailUrl\":\"https:\/\/dev.antudigital.cl\/sites\/vc\/wp-content\/uploads\/2022\/01\/Captura-de-Pantalla-2021-12-27-a-las-11.10.06.png\",\"keywords\":[\"cultura\"],\"articleSection\":[\"Uncategorized\"],\"inLanguage\":\"es\",\"potentialAction\":[{\"@type\":\"CommentAction\",\"name\":\"Comment\",\"target\":[\"https:\/\/dev.antudigital.cl\/sites\/vc\/espacio-warhola-creatividad-y-resistencia-cultural\/#respond\"]}]},{\"@type\":\"WebPage\",\"@id\":\"https:\/\/dev.antudigital.cl\/sites\/vc\/espacio-warhola-creatividad-y-resistencia-cultural\/\",\"url\":\"https:\/\/dev.antudigital.cl\/sites\/vc\/espacio-warhola-creatividad-y-resistencia-cultural\/\",\"name\":\"Espacio Warhola: creatividad y resistencia cultural - Valpara\u00ed\u00adso Creativo\",\"isPartOf\":{\"@id\":\"https:\/\/dev.antudigital.cl\/sites\/vc\/#website\"},\"primaryImageOfPage\":{\"@id\":\"https:\/\/dev.antudigital.cl\/sites\/vc\/espacio-warhola-creatividad-y-resistencia-cultural\/#primaryimage\"},\"image\":{\"@id\":\"https:\/\/dev.antudigital.cl\/sites\/vc\/espacio-warhola-creatividad-y-resistencia-cultural\/#primaryimage\"},\"thumbnailUrl\":\"https:\/\/dev.antudigital.cl\/sites\/vc\/wp-content\/uploads\/2022\/01\/Captura-de-Pantalla-2021-12-27-a-las-11.10.06.png\",\"datePublished\":\"2022-01-18T13:41:06+00:00\",\"dateModified\":\"2022-01-18T13:53:19+00:00\",\"author\":{\"@id\":\"https:\/\/dev.antudigital.cl\/sites\/vc\/#\/schema\/person\/c2b9da8dd545e27166fc5ab232837318\"},\"breadcrumb\":{\"@id\":\"https:\/\/dev.antudigital.cl\/sites\/vc\/espacio-warhola-creatividad-y-resistencia-cultural\/#breadcrumb\"},\"inLanguage\":\"es\",\"potentialAction\":[{\"@type\":\"ReadAction\",\"target\":[\"https:\/\/dev.antudigital.cl\/sites\/vc\/espacio-warhola-creatividad-y-resistencia-cultural\/\"]}]},{\"@type\":\"ImageObject\",\"inLanguage\":\"es\",\"@id\":\"https:\/\/dev.antudigital.cl\/sites\/vc\/espacio-warhola-creatividad-y-resistencia-cultural\/#primaryimage\",\"url\":\"https:\/\/dev.antudigital.cl\/sites\/vc\/wp-content\/uploads\/2022\/01\/Captura-de-Pantalla-2021-12-27-a-las-11.10.06.png\",\"contentUrl\":\"https:\/\/dev.antudigital.cl\/sites\/vc\/wp-content\/uploads\/2022\/01\/Captura-de-Pantalla-2021-12-27-a-las-11.10.06.png\",\"width\":1004,\"height\":562},{\"@type\":\"BreadcrumbList\",\"@id\":\"https:\/\/dev.antudigital.cl\/sites\/vc\/espacio-warhola-creatividad-y-resistencia-cultural\/#breadcrumb\",\"itemListElement\":[{\"@type\":\"ListItem\",\"position\":1,\"name\":\"Home\",\"item\":\"https:\/\/dev.antudigital.cl\/sites\/vc\/\"},{\"@type\":\"ListItem\",\"position\":2,\"name\":\"Espacio Warhola: creatividad y resistencia cultural\"}]},{\"@type\":\"WebSite\",\"@id\":\"https:\/\/dev.antudigital.cl\/sites\/vc\/#website\",\"url\":\"https:\/\/dev.antudigital.cl\/sites\/vc\/\",\"name\":\"Valpara\u00ed\u00adso Creativo\",\"description\":\"\",\"potentialAction\":[{\"@type\":\"SearchAction\",\"target\":{\"@type\":\"EntryPoint\",\"urlTemplate\":\"https:\/\/dev.antudigital.cl\/sites\/vc\/?s={search_term_string}\"},\"query-input\":{\"@type\":\"PropertyValueSpecification\",\"valueRequired\":true,\"valueName\":\"search_term_string\"}}],\"inLanguage\":\"es\"},{\"@type\":\"Person\",\"@id\":\"https:\/\/dev.antudigital.cl\/sites\/vc\/#\/schema\/person\/c2b9da8dd545e27166fc5ab232837318\",\"name\":\"Valpara\u00edso Creativo\",\"description\":\"Periodista de cultura en la Regi\u00f3n de Valpara\u00edso.\",\"url\":\"https:\/\/dev.antudigital.cl\/sites\/vc\/author\/valpoadmin\/\"}]}<\/script>\n<!-- \/ Yoast SEO plugin. -->","yoast_head_json":{"title":"Espacio Warhola: creatividad y resistencia cultural - Valpara\u00ed\u00adso Creativo","robots":{"index":"index","follow":"follow","max-snippet":"max-snippet:-1","max-image-preview":"max-image-preview:large","max-video-preview":"max-video-preview:-1"},"canonical":"https:\/\/dev.antudigital.cl\/sites\/vc\/espacio-warhola-creatividad-y-resistencia-cultural\/","og_locale":"es_ES","og_type":"article","og_title":"Espacio Warhola: creatividad y resistencia cultural - Valpara\u00ed\u00adso Creativo","og_description":"Fernando Gonz\u00e1lez y Sebasti\u00e1n Flores son el n\u00facleo a cargo de Espacio Cultural Warhola. Ubicado en Esmeralda 1031, el centro cultural que era el m\u00edtico Hotel Royal hoy deslumbra con una activa cartelera interdisciplinaria, que ha sido resultado de un gran esfuerzo del equipo que hoy es parte de este proyecto de largo aliento. Esteban [&hellip;]","og_url":"https:\/\/dev.antudigital.cl\/sites\/vc\/espacio-warhola-creatividad-y-resistencia-cultural\/","og_site_name":"Valpara\u00ed\u00adso Creativo","article_published_time":"2022-01-18T13:41:06+00:00","article_modified_time":"2022-01-18T13:53:19+00:00","og_image":[{"width":1004,"height":562,"url":"https:\/\/dev.antudigital.cl\/sites\/vc\/wp-content\/uploads\/2022\/01\/Captura-de-Pantalla-2021-12-27-a-las-11.10.06.png","type":"image\/png"}],"author":"Valpara\u00edso Creativo","twitter_card":"summary_large_image","twitter_misc":{"Escrito por":"Valpara\u00edso Creativo","Tiempo de lectura":"8 minutos"},"schema":{"@context":"https:\/\/schema.org","@graph":[{"@type":"Article","@id":"https:\/\/dev.antudigital.cl\/sites\/vc\/espacio-warhola-creatividad-y-resistencia-cultural\/#article","isPartOf":{"@id":"https:\/\/dev.antudigital.cl\/sites\/vc\/espacio-warhola-creatividad-y-resistencia-cultural\/"},"author":{"name":"Valpara\u00edso Creativo","@id":"https:\/\/dev.antudigital.cl\/sites\/vc\/#\/schema\/person\/c2b9da8dd545e27166fc5ab232837318"},"headline":"Espacio Warhola: creatividad y resistencia cultural","datePublished":"2022-01-18T13:41:06+00:00","dateModified":"2022-01-18T13:53:19+00:00","mainEntityOfPage":{"@id":"https:\/\/dev.antudigital.cl\/sites\/vc\/espacio-warhola-creatividad-y-resistencia-cultural\/"},"wordCount":1539,"commentCount":0,"image":{"@id":"https:\/\/dev.antudigital.cl\/sites\/vc\/espacio-warhola-creatividad-y-resistencia-cultural\/#primaryimage"},"thumbnailUrl":"https:\/\/dev.antudigital.cl\/sites\/vc\/wp-content\/uploads\/2022\/01\/Captura-de-Pantalla-2021-12-27-a-las-11.10.06.png","keywords":["cultura"],"articleSection":["Uncategorized"],"inLanguage":"es","potentialAction":[{"@type":"CommentAction","name":"Comment","target":["https:\/\/dev.antudigital.cl\/sites\/vc\/espacio-warhola-creatividad-y-resistencia-cultural\/#respond"]}]},{"@type":"WebPage","@id":"https:\/\/dev.antudigital.cl\/sites\/vc\/espacio-warhola-creatividad-y-resistencia-cultural\/","url":"https:\/\/dev.antudigital.cl\/sites\/vc\/espacio-warhola-creatividad-y-resistencia-cultural\/","name":"Espacio Warhola: creatividad y resistencia cultural - Valpara\u00ed\u00adso Creativo","isPartOf":{"@id":"https:\/\/dev.antudigital.cl\/sites\/vc\/#website"},"primaryImageOfPage":{"@id":"https:\/\/dev.antudigital.cl\/sites\/vc\/espacio-warhola-creatividad-y-resistencia-cultural\/#primaryimage"},"image":{"@id":"https:\/\/dev.antudigital.cl\/sites\/vc\/espacio-warhola-creatividad-y-resistencia-cultural\/#primaryimage"},"thumbnailUrl":"https:\/\/dev.antudigital.cl\/sites\/vc\/wp-content\/uploads\/2022\/01\/Captura-de-Pantalla-2021-12-27-a-las-11.10.06.png","datePublished":"2022-01-18T13:41:06+00:00","dateModified":"2022-01-18T13:53:19+00:00","author":{"@id":"https:\/\/dev.antudigital.cl\/sites\/vc\/#\/schema\/person\/c2b9da8dd545e27166fc5ab232837318"},"breadcrumb":{"@id":"https:\/\/dev.antudigital.cl\/sites\/vc\/espacio-warhola-creatividad-y-resistencia-cultural\/#breadcrumb"},"inLanguage":"es","potentialAction":[{"@type":"ReadAction","target":["https:\/\/dev.antudigital.cl\/sites\/vc\/espacio-warhola-creatividad-y-resistencia-cultural\/"]}]},{"@type":"ImageObject","inLanguage":"es","@id":"https:\/\/dev.antudigital.cl\/sites\/vc\/espacio-warhola-creatividad-y-resistencia-cultural\/#primaryimage","url":"https:\/\/dev.antudigital.cl\/sites\/vc\/wp-content\/uploads\/2022\/01\/Captura-de-Pantalla-2021-12-27-a-las-11.10.06.png","contentUrl":"https:\/\/dev.antudigital.cl\/sites\/vc\/wp-content\/uploads\/2022\/01\/Captura-de-Pantalla-2021-12-27-a-las-11.10.06.png","width":1004,"height":562},{"@type":"BreadcrumbList","@id":"https:\/\/dev.antudigital.cl\/sites\/vc\/espacio-warhola-creatividad-y-resistencia-cultural\/#breadcrumb","itemListElement":[{"@type":"ListItem","position":1,"name":"Home","item":"https:\/\/dev.antudigital.cl\/sites\/vc\/"},{"@type":"ListItem","position":2,"name":"Espacio Warhola: creatividad y resistencia cultural"}]},{"@type":"WebSite","@id":"https:\/\/dev.antudigital.cl\/sites\/vc\/#website","url":"https:\/\/dev.antudigital.cl\/sites\/vc\/","name":"Valpara\u00ed\u00adso Creativo","description":"","potentialAction":[{"@type":"SearchAction","target":{"@type":"EntryPoint","urlTemplate":"https:\/\/dev.antudigital.cl\/sites\/vc\/?s={search_term_string}"},"query-input":{"@type":"PropertyValueSpecification","valueRequired":true,"valueName":"search_term_string"}}],"inLanguage":"es"},{"@type":"Person","@id":"https:\/\/dev.antudigital.cl\/sites\/vc\/#\/schema\/person\/c2b9da8dd545e27166fc5ab232837318","name":"Valpara\u00edso Creativo","description":"Periodista de cultura en la Regi\u00f3n de Valpara\u00edso.","url":"https:\/\/dev.antudigital.cl\/sites\/vc\/author\/valpoadmin\/"}]}},"_links":{"self":[{"href":"https:\/\/dev.antudigital.cl\/sites\/vc\/wp-json\/wp\/v2\/posts\/9565","targetHints":{"allow":["GET"]}}],"collection":[{"href":"https:\/\/dev.antudigital.cl\/sites\/vc\/wp-json\/wp\/v2\/posts"}],"about":[{"href":"https:\/\/dev.antudigital.cl\/sites\/vc\/wp-json\/wp\/v2\/types\/post"}],"author":[{"embeddable":true,"href":"https:\/\/dev.antudigital.cl\/sites\/vc\/wp-json\/wp\/v2\/users\/1"}],"replies":[{"embeddable":true,"href":"https:\/\/dev.antudigital.cl\/sites\/vc\/wp-json\/wp\/v2\/comments?post=9565"}],"version-history":[{"count":4,"href":"https:\/\/dev.antudigital.cl\/sites\/vc\/wp-json\/wp\/v2\/posts\/9565\/revisions"}],"predecessor-version":[{"id":9618,"href":"https:\/\/dev.antudigital.cl\/sites\/vc\/wp-json\/wp\/v2\/posts\/9565\/revisions\/9618"}],"wp:featuredmedia":[{"embeddable":true,"href":"https:\/\/dev.antudigital.cl\/sites\/vc\/wp-json\/wp\/v2\/media\/9615"}],"wp:attachment":[{"href":"https:\/\/dev.antudigital.cl\/sites\/vc\/wp-json\/wp\/v2\/media?parent=9565"}],"wp:term":[{"taxonomy":"category","embeddable":true,"href":"https:\/\/dev.antudigital.cl\/sites\/vc\/wp-json\/wp\/v2\/categories?post=9565"},{"taxonomy":"post_tag","embeddable":true,"href":"https:\/\/dev.antudigital.cl\/sites\/vc\/wp-json\/wp\/v2\/tags?post=9565"}],"curies":[{"name":"wp","href":"https:\/\/api.w.org\/{rel}","templated":true}]}}