{"id":9619,"date":"2022-01-18T15:03:19","date_gmt":"2022-01-18T15:03:19","guid":{"rendered":"https:\/\/www.valparaisocreativo.cl\/?p=9619"},"modified":"2022-01-18T15:03:19","modified_gmt":"2022-01-18T15:03:19","slug":"arte-contemporaneo-desde-el-cerro-monjas-espacios-que-no-te-puedes-perder","status":"publish","type":"post","link":"https:\/\/dev.antudigital.cl\/sites\/vc\/arte-contemporaneo-desde-el-cerro-monjas-espacios-que-no-te-puedes-perder\/","title":{"rendered":"Arte contempor\u00e1neo desde el Cerro Monjas: espacios que no te puedes perder"},"content":{"rendered":"<p><a href=\"https:\/\/www.instagram.com\/proyecto_empegno\/\">Proyecto Empegno<\/a> se describe como un \u201cMalet\u00edn de Viaje Arte Contempor\u00e1neo Chileno\u201d. Una plataforma que lleva vasta trayectoria, cambiando de nombre y siempre reinvent\u00e1ndose, hoy funciona como espacio y plataforma dedicada a las artes visuales desde Valpara\u00edso.<\/p>\n<p>Francisco Gabler es uno de los artistas que est\u00e1n vinculados a la gesti\u00f3n de Proyecto Empegno, anteriormente conocida como Galer\u00eda Mano de Monja, por lo que &#8211; en sus palabras &#8211; \u201cYa lleva 10 a\u00f1os funcionando y desde el 2019 funcion\u00f3 con el prop\u00f3sito que tiene hoy\u201d. Hay quienes comenzaron y ya no est\u00e1n, tambi\u00e9n nuevos rostros, siempre dedic\u00e1ndose a lo mismo.<\/p>\n<div id='gallery-1' class='gallery galleryid-9619 gallery-columns-3 gallery-size-thumbnail'><figure class='gallery-item'>\n\t\t\t<div class='gallery-icon landscape'>\n\t\t\t\t<a href='https:\/\/dev.antudigital.cl\/sites\/vc\/arte-contemporaneo-desde-el-cerro-monjas-espacios-que-no-te-puedes-perder\/image00108\/'><img decoding=\"async\" width=\"96\" height=\"96\" src=\"https:\/\/dev.antudigital.cl\/sites\/vc\/wp-content\/uploads\/2022\/01\/image00108-150x150.jpeg\" class=\"attachment-thumbnail size-thumbnail\" alt=\"\" \/><\/a>\n\t\t\t<\/div><\/figure><figure class='gallery-item'>\n\t\t\t<div class='gallery-icon portrait'>\n\t\t\t\t<a href='https:\/\/dev.antudigital.cl\/sites\/vc\/arte-contemporaneo-desde-el-cerro-monjas-espacios-que-no-te-puedes-perder\/construccion-03\/'><img decoding=\"async\" width=\"96\" height=\"96\" src=\"https:\/\/dev.antudigital.cl\/sites\/vc\/wp-content\/uploads\/2022\/01\/Construccion-03-150x150.jpg\" class=\"attachment-thumbnail size-thumbnail\" alt=\"\" \/><\/a>\n\t\t\t<\/div><\/figure>\n\t\t<\/div>\n\n<p>\u00bfC\u00f3mo parti\u00f3 este \u201cproyecto\u201d? Francisco nos cuenta que quienes dieron el puntapi\u00e9 inicial fueron Cristian Castro y Alfredo de Venecia en esta etapa, con la misi\u00f3n de mantener vivo un espacio descentralizado para las artes visuales.<\/p>\n<p>\u00bfPor qu\u00e9 llamarle Proyecto Empegno (se lee Empe\u00f1o)? Nos cuenta Francisco que evoca esa caracter\u00edstica de Valpara\u00edso de estar haciendo las cosas a pulso, de que hay un trabajo de hormiga tras muchas iniciativas y obras que van y vienen. Su empe\u00f1o apunta a mantener una vitrina que de visibilidad constante a artistas visuales de la Regi\u00f3n.<\/p>\n<p>Despu\u00e9s de una reorganizaci\u00f3n, el estallido y la pandemia, Francisco Gabler se integr\u00f3 como curador y coordinador en julio del 2021; por su parte, Cristian coordina actividades y alianzas entre Chile e Italia, donde se han gestionado exposiciones anteriormente.<\/p>\n<p>Por lo mismo, est\u00e1n reactiv\u00e1ndose. Despu\u00e9s de 10 a\u00f1os de autogesti\u00f3n, saben que deben funcionar a sus tiempos. El campo de las artes visuales tiene variados desaf\u00edos por enfrentar y la sostenibilidad de los proyectos es uno de ellos. Pero espacios como estos resisten a pesar de estar contra viento y marea, y el segundo semestre 2021 les ayud\u00f3 a reactivarse para retomar un 2022 con todo.<\/p>\n<div id='gallery-2' class='gallery galleryid-9619 gallery-columns-3 gallery-size-thumbnail'><figure class='gallery-item'>\n\t\t\t<div class='gallery-icon portrait'>\n\t\t\t\t<a href='https:\/\/dev.antudigital.cl\/sites\/vc\/arte-contemporaneo-desde-el-cerro-monjas-espacios-que-no-te-puedes-perder\/construccion-02\/'><img decoding=\"async\" width=\"96\" height=\"96\" src=\"https:\/\/dev.antudigital.cl\/sites\/vc\/wp-content\/uploads\/2022\/01\/Construccion-02-150x150.jpg\" class=\"attachment-thumbnail size-thumbnail\" alt=\"\" \/><\/a>\n\t\t\t<\/div><\/figure><figure class='gallery-item'>\n\t\t\t<div class='gallery-icon landscape'>\n\t\t\t\t<a href='https:\/\/dev.antudigital.cl\/sites\/vc\/arte-contemporaneo-desde-el-cerro-monjas-espacios-que-no-te-puedes-perder\/image00048\/'><img loading=\"lazy\" decoding=\"async\" width=\"96\" height=\"96\" src=\"https:\/\/dev.antudigital.cl\/sites\/vc\/wp-content\/uploads\/2022\/01\/image00048-150x150.jpeg\" class=\"attachment-thumbnail size-thumbnail\" alt=\"\" \/><\/a>\n\t\t\t<\/div><\/figure>\n\t\t<\/div>\n\n<p>\u201cEn diciembre cerramos una exposici\u00f3n de Maricruz Alarc\u00f3n, quien trajo un proyecto que abarcaba la problem\u00e1tica de las viviendas sociales en Chile, tomando como punto de inflexi\u00f3n el a\u00f1o 1973 y c\u00f3mo cambi\u00f3 el escenario desde entonces. La tuvimos abierta al p\u00fablico desde noviembre al 17 de diciembre y ahora tenemos unos meses de planificaci\u00f3n\u201d, menciona Francisco.<\/p>\n<p>Proyecto Empegno est\u00e1 ubicado en Manuel Serey 165, en pleno Cerro Monjas, siendo un hito importante ubicarse donde no se encuentran rodeados de otros espacios culturales. Su inter\u00e9s est\u00e1 en mostrar artistas emergentes locales y de otras regiones, pero a\u00fan todo est\u00e1 en veremos.<\/p>\n<p>\u201cNos activamos a fin de a\u00f1o, pero ahora tenemos un periodo de coordinaci\u00f3n en el que a\u00fan debemos establecer acuerdos. Queremos gestionar muestras y\/o actividades en la Galer\u00eda\u201d.<\/p>\n<p><strong>Puedes conocer m\u00e1s ingresando a sus redes sociales: <a href=\"https:\/\/www.instagram.com\/proyecto_empegno\/\">@ProyectoEmpegno<\/a><\/strong><\/p>\n<p><strong>\u00bfD\u00f3nde se encuentra? Manuel Serey 165, C\u00ba Monjas.<\/strong><\/p>\n","protected":false},"excerpt":{"rendered":"<p>Proyecto Empegno se describe como un \u201cMalet\u00edn de Viaje Arte Contempor\u00e1neo Chileno\u201d. Una plataforma que lleva vasta trayectoria, cambiando de nombre y siempre reinvent\u00e1ndose, hoy funciona como espacio y plataforma dedicada a las artes visuales desde Valpara\u00edso. Francisco Gabler es uno de los artistas que est\u00e1n vinculados a la gesti\u00f3n de Proyecto Empegno, anteriormente conocida [&hellip;]<\/p>\n","protected":false},"author":1,"featured_media":9620,"comment_status":"open","ping_status":"closed","sticky":false,"template":"","format":"standard","meta":{"_acf_changed":false,"footnotes":""},"categories":[8],"tags":[],"class_list":["post-9619","post","type-post","status-publish","format-standard","has-post-thumbnail","hentry","category-noticia"],"acf":[],"yoast_head":"<!-- This site is optimized with the Yoast SEO plugin v27.1.1 - https:\/\/yoast.com\/product\/yoast-seo-wordpress\/ -->\n<title>Arte contempor\u00e1neo desde el Cerro Monjas: espacios que no te puedes perder - Valpara\u00ed\u00adso Creativo<\/title>\n<meta name=\"robots\" content=\"index, follow, max-snippet:-1, max-image-preview:large, max-video-preview:-1\" \/>\n<link rel=\"canonical\" href=\"https:\/\/dev.antudigital.cl\/sites\/vc\/arte-contemporaneo-desde-el-cerro-monjas-espacios-que-no-te-puedes-perder\/\" \/>\n<meta property=\"og:locale\" content=\"es_ES\" \/>\n<meta property=\"og:type\" content=\"article\" \/>\n<meta property=\"og:title\" content=\"Arte contempor\u00e1neo desde el Cerro Monjas: espacios que no te puedes perder - Valpara\u00ed\u00adso Creativo\" \/>\n<meta property=\"og:description\" content=\"Proyecto Empegno se describe como un \u201cMalet\u00edn de Viaje Arte Contempor\u00e1neo Chileno\u201d. Una plataforma que lleva vasta trayectoria, cambiando de nombre y siempre reinvent\u00e1ndose, hoy funciona como espacio y plataforma dedicada a las artes visuales desde Valpara\u00edso. Francisco Gabler es uno de los artistas que est\u00e1n vinculados a la gesti\u00f3n de Proyecto Empegno, anteriormente conocida [&hellip;]\" \/>\n<meta property=\"og:url\" content=\"https:\/\/dev.antudigital.cl\/sites\/vc\/arte-contemporaneo-desde-el-cerro-monjas-espacios-que-no-te-puedes-perder\/\" \/>\n<meta property=\"og:site_name\" content=\"Valpara\u00ed\u00adso Creativo\" \/>\n<meta property=\"article:published_time\" content=\"2022-01-18T15:03:19+00:00\" \/>\n<meta property=\"og:image\" content=\"https:\/\/dev.antudigital.cl\/sites\/vc\/wp-content\/uploads\/2022\/01\/Construccion-011.jpg\" \/>\n\t<meta property=\"og:image:width\" content=\"1280\" \/>\n\t<meta property=\"og:image:height\" content=\"720\" \/>\n\t<meta property=\"og:image:type\" content=\"image\/jpeg\" \/>\n<meta name=\"author\" content=\"Valpara\u00edso Creativo\" \/>\n<meta name=\"twitter:card\" content=\"summary_large_image\" \/>\n<meta name=\"twitter:label1\" content=\"Escrito por\" \/>\n\t<meta name=\"twitter:data1\" content=\"Valpara\u00edso Creativo\" \/>\n\t<meta name=\"twitter:label2\" content=\"Tiempo de lectura\" \/>\n\t<meta name=\"twitter:data2\" content=\"3 minutos\" \/>\n<script type=\"application\/ld+json\" class=\"yoast-schema-graph\">{\"@context\":\"https:\/\/schema.org\",\"@graph\":[{\"@type\":\"Article\",\"@id\":\"https:\/\/dev.antudigital.cl\/sites\/vc\/arte-contemporaneo-desde-el-cerro-monjas-espacios-que-no-te-puedes-perder\/#article\",\"isPartOf\":{\"@id\":\"https:\/\/dev.antudigital.cl\/sites\/vc\/arte-contemporaneo-desde-el-cerro-monjas-espacios-que-no-te-puedes-perder\/\"},\"author\":{\"name\":\"Valpara\u00edso Creativo\",\"@id\":\"https:\/\/dev.antudigital.cl\/sites\/vc\/#\/schema\/person\/c2b9da8dd545e27166fc5ab232837318\"},\"headline\":\"Arte contempor\u00e1neo desde el Cerro Monjas: espacios que no te puedes perder\",\"datePublished\":\"2022-01-18T15:03:19+00:00\",\"mainEntityOfPage\":{\"@id\":\"https:\/\/dev.antudigital.cl\/sites\/vc\/arte-contemporaneo-desde-el-cerro-monjas-espacios-que-no-te-puedes-perder\/\"},\"wordCount\":495,\"commentCount\":0,\"image\":{\"@id\":\"https:\/\/dev.antudigital.cl\/sites\/vc\/arte-contemporaneo-desde-el-cerro-monjas-espacios-que-no-te-puedes-perder\/#primaryimage\"},\"thumbnailUrl\":\"https:\/\/dev.antudigital.cl\/sites\/vc\/wp-content\/uploads\/2022\/01\/Construccion-011.jpg\",\"articleSection\":[\"Noticia\"],\"inLanguage\":\"es\",\"potentialAction\":[{\"@type\":\"CommentAction\",\"name\":\"Comment\",\"target\":[\"https:\/\/dev.antudigital.cl\/sites\/vc\/arte-contemporaneo-desde-el-cerro-monjas-espacios-que-no-te-puedes-perder\/#respond\"]}]},{\"@type\":\"WebPage\",\"@id\":\"https:\/\/dev.antudigital.cl\/sites\/vc\/arte-contemporaneo-desde-el-cerro-monjas-espacios-que-no-te-puedes-perder\/\",\"url\":\"https:\/\/dev.antudigital.cl\/sites\/vc\/arte-contemporaneo-desde-el-cerro-monjas-espacios-que-no-te-puedes-perder\/\",\"name\":\"Arte contempor\u00e1neo desde el Cerro Monjas: espacios que no te puedes perder - Valpara\u00ed\u00adso Creativo\",\"isPartOf\":{\"@id\":\"https:\/\/dev.antudigital.cl\/sites\/vc\/#website\"},\"primaryImageOfPage\":{\"@id\":\"https:\/\/dev.antudigital.cl\/sites\/vc\/arte-contemporaneo-desde-el-cerro-monjas-espacios-que-no-te-puedes-perder\/#primaryimage\"},\"image\":{\"@id\":\"https:\/\/dev.antudigital.cl\/sites\/vc\/arte-contemporaneo-desde-el-cerro-monjas-espacios-que-no-te-puedes-perder\/#primaryimage\"},\"thumbnailUrl\":\"https:\/\/dev.antudigital.cl\/sites\/vc\/wp-content\/uploads\/2022\/01\/Construccion-011.jpg\",\"datePublished\":\"2022-01-18T15:03:19+00:00\",\"author\":{\"@id\":\"https:\/\/dev.antudigital.cl\/sites\/vc\/#\/schema\/person\/c2b9da8dd545e27166fc5ab232837318\"},\"breadcrumb\":{\"@id\":\"https:\/\/dev.antudigital.cl\/sites\/vc\/arte-contemporaneo-desde-el-cerro-monjas-espacios-que-no-te-puedes-perder\/#breadcrumb\"},\"inLanguage\":\"es\",\"potentialAction\":[{\"@type\":\"ReadAction\",\"target\":[\"https:\/\/dev.antudigital.cl\/sites\/vc\/arte-contemporaneo-desde-el-cerro-monjas-espacios-que-no-te-puedes-perder\/\"]}]},{\"@type\":\"ImageObject\",\"inLanguage\":\"es\",\"@id\":\"https:\/\/dev.antudigital.cl\/sites\/vc\/arte-contemporaneo-desde-el-cerro-monjas-espacios-que-no-te-puedes-perder\/#primaryimage\",\"url\":\"https:\/\/dev.antudigital.cl\/sites\/vc\/wp-content\/uploads\/2022\/01\/Construccion-011.jpg\",\"contentUrl\":\"https:\/\/dev.antudigital.cl\/sites\/vc\/wp-content\/uploads\/2022\/01\/Construccion-011.jpg\",\"width\":1280,\"height\":720},{\"@type\":\"BreadcrumbList\",\"@id\":\"https:\/\/dev.antudigital.cl\/sites\/vc\/arte-contemporaneo-desde-el-cerro-monjas-espacios-que-no-te-puedes-perder\/#breadcrumb\",\"itemListElement\":[{\"@type\":\"ListItem\",\"position\":1,\"name\":\"Home\",\"item\":\"https:\/\/dev.antudigital.cl\/sites\/vc\/\"},{\"@type\":\"ListItem\",\"position\":2,\"name\":\"Arte contempor\u00e1neo desde el Cerro Monjas: espacios que no te puedes perder\"}]},{\"@type\":\"WebSite\",\"@id\":\"https:\/\/dev.antudigital.cl\/sites\/vc\/#website\",\"url\":\"https:\/\/dev.antudigital.cl\/sites\/vc\/\",\"name\":\"Valpara\u00ed\u00adso Creativo\",\"description\":\"\",\"potentialAction\":[{\"@type\":\"SearchAction\",\"target\":{\"@type\":\"EntryPoint\",\"urlTemplate\":\"https:\/\/dev.antudigital.cl\/sites\/vc\/?s={search_term_string}\"},\"query-input\":{\"@type\":\"PropertyValueSpecification\",\"valueRequired\":true,\"valueName\":\"search_term_string\"}}],\"inLanguage\":\"es\"},{\"@type\":\"Person\",\"@id\":\"https:\/\/dev.antudigital.cl\/sites\/vc\/#\/schema\/person\/c2b9da8dd545e27166fc5ab232837318\",\"name\":\"Valpara\u00edso Creativo\",\"description\":\"Periodista de cultura en la Regi\u00f3n de Valpara\u00edso.\",\"url\":\"https:\/\/dev.antudigital.cl\/sites\/vc\/author\/valpoadmin\/\"}]}<\/script>\n<!-- \/ Yoast SEO plugin. -->","yoast_head_json":{"title":"Arte contempor\u00e1neo desde el Cerro Monjas: espacios que no te puedes perder - Valpara\u00ed\u00adso Creativo","robots":{"index":"index","follow":"follow","max-snippet":"max-snippet:-1","max-image-preview":"max-image-preview:large","max-video-preview":"max-video-preview:-1"},"canonical":"https:\/\/dev.antudigital.cl\/sites\/vc\/arte-contemporaneo-desde-el-cerro-monjas-espacios-que-no-te-puedes-perder\/","og_locale":"es_ES","og_type":"article","og_title":"Arte contempor\u00e1neo desde el Cerro Monjas: espacios que no te puedes perder - Valpara\u00ed\u00adso Creativo","og_description":"Proyecto Empegno se describe como un \u201cMalet\u00edn de Viaje Arte Contempor\u00e1neo Chileno\u201d. Una plataforma que lleva vasta trayectoria, cambiando de nombre y siempre reinvent\u00e1ndose, hoy funciona como espacio y plataforma dedicada a las artes visuales desde Valpara\u00edso. Francisco Gabler es uno de los artistas que est\u00e1n vinculados a la gesti\u00f3n de Proyecto Empegno, anteriormente conocida [&hellip;]","og_url":"https:\/\/dev.antudigital.cl\/sites\/vc\/arte-contemporaneo-desde-el-cerro-monjas-espacios-que-no-te-puedes-perder\/","og_site_name":"Valpara\u00ed\u00adso Creativo","article_published_time":"2022-01-18T15:03:19+00:00","og_image":[{"width":1280,"height":720,"url":"https:\/\/dev.antudigital.cl\/sites\/vc\/wp-content\/uploads\/2022\/01\/Construccion-011.jpg","type":"image\/jpeg"}],"author":"Valpara\u00edso Creativo","twitter_card":"summary_large_image","twitter_misc":{"Escrito por":"Valpara\u00edso Creativo","Tiempo de lectura":"3 minutos"},"schema":{"@context":"https:\/\/schema.org","@graph":[{"@type":"Article","@id":"https:\/\/dev.antudigital.cl\/sites\/vc\/arte-contemporaneo-desde-el-cerro-monjas-espacios-que-no-te-puedes-perder\/#article","isPartOf":{"@id":"https:\/\/dev.antudigital.cl\/sites\/vc\/arte-contemporaneo-desde-el-cerro-monjas-espacios-que-no-te-puedes-perder\/"},"author":{"name":"Valpara\u00edso Creativo","@id":"https:\/\/dev.antudigital.cl\/sites\/vc\/#\/schema\/person\/c2b9da8dd545e27166fc5ab232837318"},"headline":"Arte contempor\u00e1neo desde el Cerro Monjas: espacios que no te puedes perder","datePublished":"2022-01-18T15:03:19+00:00","mainEntityOfPage":{"@id":"https:\/\/dev.antudigital.cl\/sites\/vc\/arte-contemporaneo-desde-el-cerro-monjas-espacios-que-no-te-puedes-perder\/"},"wordCount":495,"commentCount":0,"image":{"@id":"https:\/\/dev.antudigital.cl\/sites\/vc\/arte-contemporaneo-desde-el-cerro-monjas-espacios-que-no-te-puedes-perder\/#primaryimage"},"thumbnailUrl":"https:\/\/dev.antudigital.cl\/sites\/vc\/wp-content\/uploads\/2022\/01\/Construccion-011.jpg","articleSection":["Noticia"],"inLanguage":"es","potentialAction":[{"@type":"CommentAction","name":"Comment","target":["https:\/\/dev.antudigital.cl\/sites\/vc\/arte-contemporaneo-desde-el-cerro-monjas-espacios-que-no-te-puedes-perder\/#respond"]}]},{"@type":"WebPage","@id":"https:\/\/dev.antudigital.cl\/sites\/vc\/arte-contemporaneo-desde-el-cerro-monjas-espacios-que-no-te-puedes-perder\/","url":"https:\/\/dev.antudigital.cl\/sites\/vc\/arte-contemporaneo-desde-el-cerro-monjas-espacios-que-no-te-puedes-perder\/","name":"Arte contempor\u00e1neo desde el Cerro Monjas: espacios que no te puedes perder - Valpara\u00ed\u00adso Creativo","isPartOf":{"@id":"https:\/\/dev.antudigital.cl\/sites\/vc\/#website"},"primaryImageOfPage":{"@id":"https:\/\/dev.antudigital.cl\/sites\/vc\/arte-contemporaneo-desde-el-cerro-monjas-espacios-que-no-te-puedes-perder\/#primaryimage"},"image":{"@id":"https:\/\/dev.antudigital.cl\/sites\/vc\/arte-contemporaneo-desde-el-cerro-monjas-espacios-que-no-te-puedes-perder\/#primaryimage"},"thumbnailUrl":"https:\/\/dev.antudigital.cl\/sites\/vc\/wp-content\/uploads\/2022\/01\/Construccion-011.jpg","datePublished":"2022-01-18T15:03:19+00:00","author":{"@id":"https:\/\/dev.antudigital.cl\/sites\/vc\/#\/schema\/person\/c2b9da8dd545e27166fc5ab232837318"},"breadcrumb":{"@id":"https:\/\/dev.antudigital.cl\/sites\/vc\/arte-contemporaneo-desde-el-cerro-monjas-espacios-que-no-te-puedes-perder\/#breadcrumb"},"inLanguage":"es","potentialAction":[{"@type":"ReadAction","target":["https:\/\/dev.antudigital.cl\/sites\/vc\/arte-contemporaneo-desde-el-cerro-monjas-espacios-que-no-te-puedes-perder\/"]}]},{"@type":"ImageObject","inLanguage":"es","@id":"https:\/\/dev.antudigital.cl\/sites\/vc\/arte-contemporaneo-desde-el-cerro-monjas-espacios-que-no-te-puedes-perder\/#primaryimage","url":"https:\/\/dev.antudigital.cl\/sites\/vc\/wp-content\/uploads\/2022\/01\/Construccion-011.jpg","contentUrl":"https:\/\/dev.antudigital.cl\/sites\/vc\/wp-content\/uploads\/2022\/01\/Construccion-011.jpg","width":1280,"height":720},{"@type":"BreadcrumbList","@id":"https:\/\/dev.antudigital.cl\/sites\/vc\/arte-contemporaneo-desde-el-cerro-monjas-espacios-que-no-te-puedes-perder\/#breadcrumb","itemListElement":[{"@type":"ListItem","position":1,"name":"Home","item":"https:\/\/dev.antudigital.cl\/sites\/vc\/"},{"@type":"ListItem","position":2,"name":"Arte contempor\u00e1neo desde el Cerro Monjas: espacios que no te puedes perder"}]},{"@type":"WebSite","@id":"https:\/\/dev.antudigital.cl\/sites\/vc\/#website","url":"https:\/\/dev.antudigital.cl\/sites\/vc\/","name":"Valpara\u00ed\u00adso Creativo","description":"","potentialAction":[{"@type":"SearchAction","target":{"@type":"EntryPoint","urlTemplate":"https:\/\/dev.antudigital.cl\/sites\/vc\/?s={search_term_string}"},"query-input":{"@type":"PropertyValueSpecification","valueRequired":true,"valueName":"search_term_string"}}],"inLanguage":"es"},{"@type":"Person","@id":"https:\/\/dev.antudigital.cl\/sites\/vc\/#\/schema\/person\/c2b9da8dd545e27166fc5ab232837318","name":"Valpara\u00edso Creativo","description":"Periodista de cultura en la Regi\u00f3n de Valpara\u00edso.","url":"https:\/\/dev.antudigital.cl\/sites\/vc\/author\/valpoadmin\/"}]}},"_links":{"self":[{"href":"https:\/\/dev.antudigital.cl\/sites\/vc\/wp-json\/wp\/v2\/posts\/9619","targetHints":{"allow":["GET"]}}],"collection":[{"href":"https:\/\/dev.antudigital.cl\/sites\/vc\/wp-json\/wp\/v2\/posts"}],"about":[{"href":"https:\/\/dev.antudigital.cl\/sites\/vc\/wp-json\/wp\/v2\/types\/post"}],"author":[{"embeddable":true,"href":"https:\/\/dev.antudigital.cl\/sites\/vc\/wp-json\/wp\/v2\/users\/1"}],"replies":[{"embeddable":true,"href":"https:\/\/dev.antudigital.cl\/sites\/vc\/wp-json\/wp\/v2\/comments?post=9619"}],"version-history":[{"count":1,"href":"https:\/\/dev.antudigital.cl\/sites\/vc\/wp-json\/wp\/v2\/posts\/9619\/revisions"}],"predecessor-version":[{"id":9625,"href":"https:\/\/dev.antudigital.cl\/sites\/vc\/wp-json\/wp\/v2\/posts\/9619\/revisions\/9625"}],"wp:featuredmedia":[{"embeddable":true,"href":"https:\/\/dev.antudigital.cl\/sites\/vc\/wp-json\/wp\/v2\/media\/9620"}],"wp:attachment":[{"href":"https:\/\/dev.antudigital.cl\/sites\/vc\/wp-json\/wp\/v2\/media?parent=9619"}],"wp:term":[{"taxonomy":"category","embeddable":true,"href":"https:\/\/dev.antudigital.cl\/sites\/vc\/wp-json\/wp\/v2\/categories?post=9619"},{"taxonomy":"post_tag","embeddable":true,"href":"https:\/\/dev.antudigital.cl\/sites\/vc\/wp-json\/wp\/v2\/tags?post=9619"}],"curies":[{"name":"wp","href":"https:\/\/api.w.org\/{rel}","templated":true}]}}